{"id":71100,"date":"2026-02-05T20:52:54","date_gmt":"2026-02-05T19:52:54","guid":{"rendered":"https:\/\/www.africanchallenges.com\/?p=71100"},"modified":"2026-02-05T20:54:43","modified_gmt":"2026-02-05T19:54:43","slug":"tunisie-la-26eme-edition-du-festival-arabe-de-la-radio-et-de-la-television-prevue-juin-prochain","status":"publish","type":"post","link":"https:\/\/www.africanchallenges.com\/?p=71100","title":{"rendered":"Tunisie : La 26\u00e8me \u00e9dition du Festival arabe de la radio et de la t\u00e9l\u00e9vision, pr\u00e9vue du 7 au 10 juin prochain"},"content":{"rendered":"\n<p class=\"wp-block-paragraph\">L&rsquo; \u00e9dition 2026 du Festival arabe de la radio et de la t\u00e9l\u00e9vision  se d\u00e9roulera du 07 au 10 juin \u00a02026, \u00e0 Tunis et Hammamet. <\/p>\n\n\n\n<p class=\"wp-block-paragraph\">L\u2019affiche officielle a \u00e9t\u00e9 r\u00e9cemment publi\u00e9e sur la page officielle de l\u2019Union de radiodiffusion des \u00c9tats arabes (ASBU).<\/p>\n\n\n\n<p class=\"wp-block-paragraph\">Le Festival arabe de la radio et de la t\u00e9l\u00e9vision est organis\u00e9 par l\u2019Arab state Broadcasting Union en partenariat avec le minist\u00e8re des Affaires Culturelles, les \u00c9tablissements de la Radio et de la T\u00e9l\u00e9vision tunisiennes et l\u2019organisation arabe des satellites de communication (Arabsat).<\/p>\n\n\n\n<p class=\"wp-block-paragraph\">Il est \u00e0 rappeler que la convention de partenariat entre la Tunisie et l\u2019Asbu, sign\u00e9e le 3 f\u00e9vrier 2023, a fix\u00e9 les modalit\u00e9s de partenariat commun pour assurer le bon d\u00e9roulement de quatre \u00e9ditions du Festival de l\u2019ABU (23\u00e8me, 24\u00e8me, 25\u00e8me et 26\u00e8me) \u00e0 travers la pr\u00e9paration du contenu du festival et ses activit\u00e9s parall\u00e8les.<\/p>\n","protected":false},"excerpt":{"rendered":"<p>L&rsquo; \u00e9dition 2026 du Festival arabe de la radio et de la t\u00e9l\u00e9vision se d\u00e9roulera du 07 au 10 juin \u00a02026, \u00e0 Tunis et Hammamet. L\u2019affiche officielle a \u00e9t\u00e9 r\u00e9cemment publi\u00e9e sur la page officielle de l\u2019Union de radiodiffusion des \u00c9tats arabes (ASBU). Le Festival arabe de la radio et de la t\u00e9l\u00e9vision est organis\u00e9 [&hellip;]<\/p>\n","protected":false},"author":4,"featured_media":71101,"comment_status":"open","ping_status":"closed","sticky":false,"template":"","format":"standard","meta":{"content-type":"","jnews-multi-image_gallery":[],"jnews_single_post":{"format":"standard"},"jnews_primary_category":[],"jnews_override_bookmark_settings":[],"jnews_review":[],"enable_review":"","type":"","name":"","summary":"","brand":"","sku":"","good":[],"bad":[],"score_override":"","override_value":"","rating":[],"price":[],"jnews_post_split":[],"footnotes":""},"categories":[17],"tags":[10414,3233],"class_list":["post-71100","post","type-post","status-publish","format-standard","has-post-thumbnail","hentry","category-entertainment","tag-asbu","tag-festival-arabe-de-la-radio-et-de-la-television"],"_links":{"self":[{"href":"https:\/\/www.africanchallenges.com\/index.php?rest_route=\/wp\/v2\/posts\/71100","targetHints":{"allow":["GET"]}}],"collection":[{"href":"https:\/\/www.africanchallenges.com\/index.php?rest_route=\/wp\/v2\/posts"}],"about":[{"href":"https:\/\/www.africanchallenges.com\/index.php?rest_route=\/wp\/v2\/types\/post"}],"author":[{"embeddable":true,"href":"https:\/\/www.africanchallenges.com\/index.php?rest_route=\/wp\/v2\/users\/4"}],"replies":[{"embeddable":true,"href":"https:\/\/www.africanchallenges.com\/index.php?rest_route=%2Fwp%2Fv2%2Fcomments&post=71100"}],"version-history":[{"count":3,"href":"https:\/\/www.africanchallenges.com\/index.php?rest_route=\/wp\/v2\/posts\/71100\/revisions"}],"predecessor-version":[{"id":71104,"href":"https:\/\/www.africanchallenges.com\/index.php?rest_route=\/wp\/v2\/posts\/71100\/revisions\/71104"}],"wp:featuredmedia":[{"embeddable":true,"href":"https:\/\/www.africanchallenges.com\/index.php?rest_route=\/wp\/v2\/media\/71101"}],"wp:attachment":[{"href":"https:\/\/www.africanchallenges.com\/index.php?rest_route=%2Fwp%2Fv2%2Fmedia&parent=71100"}],"wp:term":[{"taxonomy":"category","embeddable":true,"href":"https:\/\/www.africanchallenges.com\/index.php?rest_route=%2Fwp%2Fv2%2Fcategories&post=71100"},{"taxonomy":"post_tag","embeddable":true,"href":"https:\/\/www.africanchallenges.com\/index.php?rest_route=%2Fwp%2Fv2%2Ftags&post=71100"}],"curies":[{"name":"wp","href":"https:\/\/api.w.org\/{rel}","templated":true}]}}