{"id":71071,"date":"2026-02-05T18:28:48","date_gmt":"2026-02-05T17:28:48","guid":{"rendered":"https:\/\/www.africanchallenges.com\/?p=71071"},"modified":"2026-02-05T18:28:50","modified_gmt":"2026-02-05T17:28:50","slug":"tunisie-la-commission-de-la-carte-de-journaliste-professionnel-reprend-ses-travaux","status":"publish","type":"post","link":"https:\/\/www.africanchallenges.com\/?p=71071","title":{"rendered":"Tunisie : La commission de la carte de journaliste professionnel reprend ses travaux"},"content":{"rendered":"\n<p class=\"wp-block-paragraph\">La Commission nationale charg\u00e9e de l\u2019attribution de la carte de journaliste professionnel a repris ses activit\u00e9s et a tenu, jeudi 5 f\u00e9vrier 2026, une r\u00e9union consacr\u00e9e \u00e0 l\u2019examen des dossiers relatifs \u00e0 l\u2019octroi de la carte de journaliste professionnel au titre des ann\u00e9es 2025 et 2026, a indiqu\u00e9 le Syndicat national des journalistes tunisiens (SNJT) dans un bref communiqu\u00e9.&nbsp;<\/p>\n\n\n\n<p class=\"wp-block-paragraph\">Le syndicat a \u00e9galement annonc\u00e9 l\u2019ouverture du d\u00e9p\u00f4t des dossiers de candidature pour l\u2019obtention de la carte de journaliste professionnel pour l\u2019ann\u00e9e 2026, notant que les conditions requises ainsi que les d\u00e9lais fix\u00e9s \u00e0 cet effet feront l\u2019objet d\u2019un communiqu\u00e9 distinct.<\/p>\n","protected":false},"excerpt":{"rendered":"<p>La Commission nationale charg\u00e9e de l\u2019attribution de la carte de journaliste professionnel a repris ses activit\u00e9s et a tenu, jeudi 5 f\u00e9vrier 2026, une r\u00e9union consacr\u00e9e \u00e0 l\u2019examen des dossiers relatifs \u00e0 l\u2019octroi de la carte de journaliste professionnel au titre des ann\u00e9es 2025 et 2026, a indiqu\u00e9 le Syndicat national des journalistes tunisiens (SNJT) [&hellip;]<\/p>\n","protected":false},"author":4,"featured_media":71072,"comment_status":"open","ping_status":"closed","sticky":false,"template":"","format":"standard","meta":{"content-type":"","jnews-multi-image_gallery":[],"jnews_single_post":{"format":"standard"},"jnews_primary_category":[],"jnews_override_bookmark_settings":[],"jnews_review":[],"enable_review":"","type":"","name":"","summary":"","brand":"","sku":"","good":[],"bad":[],"score_override":"","override_value":"","rating":[],"price":[],"jnews_post_split":[],"footnotes":""},"categories":[2],"tags":[17634,978,54],"class_list":["post-71071","post","type-post","status-publish","format-standard","has-post-thumbnail","hentry","category-news-politique","tag-commission-de-la-carte-de-journaliste-professionnel","tag-syndicat-national-des-journalistes-tunisiens","tag-tunisie"],"_links":{"self":[{"href":"https:\/\/www.africanchallenges.com\/index.php?rest_route=\/wp\/v2\/posts\/71071","targetHints":{"allow":["GET"]}}],"collection":[{"href":"https:\/\/www.africanchallenges.com\/index.php?rest_route=\/wp\/v2\/posts"}],"about":[{"href":"https:\/\/www.africanchallenges.com\/index.php?rest_route=\/wp\/v2\/types\/post"}],"author":[{"embeddable":true,"href":"https:\/\/www.africanchallenges.com\/index.php?rest_route=\/wp\/v2\/users\/4"}],"replies":[{"embeddable":true,"href":"https:\/\/www.africanchallenges.com\/index.php?rest_route=%2Fwp%2Fv2%2Fcomments&post=71071"}],"version-history":[{"count":1,"href":"https:\/\/www.africanchallenges.com\/index.php?rest_route=\/wp\/v2\/posts\/71071\/revisions"}],"predecessor-version":[{"id":71073,"href":"https:\/\/www.africanchallenges.com\/index.php?rest_route=\/wp\/v2\/posts\/71071\/revisions\/71073"}],"wp:featuredmedia":[{"embeddable":true,"href":"https:\/\/www.africanchallenges.com\/index.php?rest_route=\/wp\/v2\/media\/71072"}],"wp:attachment":[{"href":"https:\/\/www.africanchallenges.com\/index.php?rest_route=%2Fwp%2Fv2%2Fmedia&parent=71071"}],"wp:term":[{"taxonomy":"category","embeddable":true,"href":"https:\/\/www.africanchallenges.com\/index.php?rest_route=%2Fwp%2Fv2%2Fcategories&post=71071"},{"taxonomy":"post_tag","embeddable":true,"href":"https:\/\/www.africanchallenges.com\/index.php?rest_route=%2Fwp%2Fv2%2Ftags&post=71071"}],"curies":[{"name":"wp","href":"https:\/\/api.w.org\/{rel}","templated":true}]}}