{"id":71063,"date":"2026-02-05T18:09:37","date_gmt":"2026-02-05T17:09:37","guid":{"rendered":"https:\/\/www.africanchallenges.com\/?p=71063"},"modified":"2026-02-05T18:10:16","modified_gmt":"2026-02-05T17:10:16","slug":"tunisie-la-question-des-biens-confisques-depuis-2011-au-centre-de-la-rencontre-entre-le-chef-de-letat-et-la-ministre-de-finances-et-le-ministre-des-domaines-de-letat-et-des-affa","status":"publish","type":"post","link":"https:\/\/www.africanchallenges.com\/?p=71063","title":{"rendered":"Tunisie : La question des\u00a0biens confisqu\u00e9s\u00a0depuis 2011 au centre de la rencontre entre le chef de l&rsquo;Etat et la ministre de Finances et le ministre des Domaines de l\u2019\u00c9tat et des affaires fonci\u00e8res"},"content":{"rendered":"\n<p class=\"wp-block-paragraph\">Le pr\u00e9sident de la R\u00e9publique, Ka\u00efs Sa\u00efed a re\u00e7u, mercredi apr\u00e8s-midi au palais de&nbsp;Carthage,&nbsp;la ministre de Finances, Michket Slama Khaldi et le ministre des Domaines de l\u2019\u00c9tat et des affaires fonci\u00e8res , Wajdi Hathili.<\/p>\n\n\n\n<p class=\"wp-block-paragraph\">La question des\u00a0biens confisqu\u00e9s\u00a0depuis 2011 a \u00e9t\u00e9 au centre de cette rencontre, a indiqu\u00e9 la pr\u00e9sidence de la R\u00e9publique dans un communiqu\u00e9.<\/p>\n\n\n\n<p class=\"wp-block-paragraph\">A cet \u00e9gard, le chef de l\u2019\u00c9tat a soulign\u00e9 que la situation ne peut plus continuer de cette mani\u00e8re. Et de rappeler qu\u2019apr\u00e8s plus d\u2019une d\u00e9cennie et demie, l\u2019\u00e9tat de nombreux biens immobiliers et mobiliers est toujours le m\u00eame, voire pire. En plus, un nombre important de ces biens ont vu leur valeur d\u00e9t\u00e9rior\u00e9e ou ils ont \u00e9t\u00e9 c\u00e9d\u00e9s \u00e0 un prix au-dessous de leur valeur r\u00e9elle apr\u00e8s avoir \u00e9t\u00e9 d\u00e9lib\u00e9r\u00e9ment d\u00e9truits.<\/p>\n\n\n\n<p class=\"wp-block-paragraph\">Le pr\u00e9sident a soulign\u00e9 que les choix pris depuis 2011 n\u2019\u00e9taient pas fortuits. Et d\u2019expliquer que leurs objectifs consistaient \u00e0 contourner la r\u00e9volution et le droit du peuple \u00e0 r\u00e9cup\u00e9rer son argent spoli\u00e9..<\/p>\n\n\n\n<p class=\"wp-block-paragraph\">Les institutions se sont multipli\u00e9es privant le peuple de ses droits l\u00e9gitimes, a affirm\u00e9 le chef de l\u2019Etat, rappelant la cr\u00e9ation de la commission de confiscation, puis d\u2019une autre commission de gestion de l\u2019argent et des biens objets de confiscation, puis un secr\u00e9tariat permanent d\u00e9di\u00e9 \u00e0 cette commission apr\u00e8s plus de deux ans de sa cr\u00e9ation.<\/p>\n\n\n\n<p class=\"wp-block-paragraph\">Il s\u2019agit encore de la cr\u00e9ation de structures cr\u00e9\u00e9es et pr\u00e9sent\u00e9es en tant qu\u2019 institutions d\u2019appui aux op\u00e9rations de gestion des biens confisqu\u00e9s \u00e0 l\u2019\u00e9gard de la soci\u00e9t\u00e9 Gammarth Immobili\u00e8re ou El Karama HOLDING qui ne poss\u00e8de de la dignit\u00e9 que la d\u00e9nomination sociale , indique encore Sa\u00efed.<\/p>\n\n\n\n<p class=\"wp-block-paragraph\">De nombreuses entreprises ont \u00e9t\u00e9 c\u00e9d\u00e9es \u00e0 des prix d\u00e9risoires, sans compter les sommes colossales qui ont \u00e9t\u00e9 d\u00e9pens\u00e9es et qui sont encore \u00e0 la charge des responsables du pole du cr\u00e9dit, de la liquidation et de la gestion judiciaire, a encore affirm\u00e9 le chef de l\u2019Etat.<\/p>\n\n\n\n<p class=\"wp-block-paragraph\">Le pr\u00e9sident de la R\u00e9publique a rappel\u00e9 qu\u2019il avait appel\u00e9 \u00e0 plusieurs reprises \u00e0 clore ce dossier, avec la r\u00e9vision de plusieurs transactions de cession, que ce soit dans le domaine immobilier ou mobilier, mais, a-t-il not\u00e9, plusieurs cartels sont intervenus, exploitant ce syst\u00e8me juridique mis en place, dont le fond est contraire \u00e0 la justice devant \u00eatre appliqu\u00e9e.<\/p>\n\n\n\n<p class=\"wp-block-paragraph\">Le pr\u00e9sident de la R\u00e9publique a insist\u00e9 sur la n\u00e9cessit\u00e9 de mettre fin \u00e0 cette situation. Il a pr\u00e9cis\u00e9 qu\u2019il n\u2019est pas question de renoncer au moindre millime qui appartient au peuple tunisien, et qui ne se prescrira jamais, ni ne sera annul\u00e9 sous quelque pr\u00e9texte que ce soit. L\u2019objectif est une reddition des comptes juste, et non un r\u00e8glement de comptes avec quiconque, a-t-il soulign\u00e9.<\/p>\n\n\n\n<p class=\"wp-block-paragraph\">Celui qui se tourne sinc\u00e8rement vers un r\u00e8glement \u00e0 l\u2019amiable verra les portes s\u2019ouvrir devant lui, mais celui qui choisit une autre voie en assumera les cons\u00e9quences, a encore mis en garde le Chef de l\u2019Etat, affirmant qu\u2019il n\u2019existe pas de position interm\u00e9diaire.<\/p>\n\n\n\n<ul class=\"wp-block-list\">\n<li><a href=\"http:\/\/www.linkedin.com\/shareArticle?mini=true&amp;ro=true&amp;trk=EasySocialShareButtons&amp;title=Biens+confisqu%C3%A9s+%3A+Ka%C3%AFs+Sa%C3%AFed+d%C3%A9nonce+des+choix+visant+%C3%A0+contourner+la+r%C3%A9volution+et+les+droits+du+peuple&amp;url=https:\/\/www.webmanagercenter.com\/2026\/02\/05\/561225\/biens-confisques-kais-saied-denonce-des-choix-visant-a-contourner-la-revolution-et-les-droits-du-peuple\/\" target=\"_blank\" rel=\"noreferrer noopener\"><\/a><\/li>\n\n\n\n<li><a href=\"https:\/\/www.facebook.com\/sharer\/sharer.php?u=https:\/\/www.webmanagercenter.com\/2026\/02\/05\/561225\/biens-confisques-kais-saied-denonce-des-choix-visant-a-contourner-la-revolution-et-les-droits-du-peuple\/&amp;t=Biens+confisqu%C3%A9s+%3A+Ka%C3%AFs+Sa%C3%AFed+d%C3%A9nonce+des+choix+visant+%C3%A0+contourner+la+r%C3%A9volution+et+les+droits+du+peuple&amp;redirect_uri=https:\/\/www.webmanagercenter.com?sharing-thankyou=yes\" target=\"_blank\" rel=\"noreferrer noopener\"><\/a><\/li>\n\n\n\n<li><a href=\"https:\/\/www.webmanagercenter.com\/2026\/02\/05\/561225\/biens-confisques-kais-saied-denonce-des-choix-visant-a-contourner-la-revolution-et-les-droits-du-peuple\/#\" target=\"_blank\" rel=\"noreferrer noopener\"><\/a><\/li>\n\n\n\n<li><a href=\"https:\/\/www.webmanagercenter.com\/2026\/02\/05\/561225\/biens-confisques-kais-saied-denonce-des-choix-visant-a-contourner-la-revolution-et-les-droits-du-peuple\/#\" target=\"_blank\" rel=\"noreferrer noopener\"><\/a><\/li>\n\n\n\n<li><a href=\"https:\/\/www.webmanagercenter.com\/2026\/02\/05\/561225\/biens-confisques-kais-saied-denonce-des-choix-visant-a-contourner-la-revolution-et-les-droits-du-peuple\/#\" target=\"_blank\" rel=\"noreferrer noopener\"><\/a><\/li>\n<\/ul>\n\n\n\n<ul class=\"wp-block-list\">\n<li><\/li>\n<\/ul>\n","protected":false},"excerpt":{"rendered":"<p>Le pr\u00e9sident de la R\u00e9publique, Ka\u00efs Sa\u00efed a re\u00e7u, mercredi apr\u00e8s-midi au palais de&nbsp;Carthage,&nbsp;la ministre de Finances, Michket Slama Khaldi et le ministre des Domaines de l\u2019\u00c9tat et des affaires fonci\u00e8res , Wajdi Hathili. La question des\u00a0biens confisqu\u00e9s\u00a0depuis 2011 a \u00e9t\u00e9 au centre de cette rencontre, a indiqu\u00e9 la pr\u00e9sidence de la R\u00e9publique dans un [&hellip;]<\/p>\n","protected":false},"author":4,"featured_media":71064,"comment_status":"open","ping_status":"closed","sticky":false,"template":"","format":"standard","meta":{"content-type":"","jnews-multi-image_gallery":[],"jnews_single_post":{"format":"standard"},"jnews_primary_category":[],"jnews_override_bookmark_settings":[],"jnews_review":[],"enable_review":"","type":"","name":"","summary":"","brand":"","sku":"","good":[],"bad":[],"score_override":"","override_value":"","rating":[],"price":[],"jnews_post_split":[],"footnotes":""},"categories":[2],"tags":[13794,3712,54],"class_list":["post-71063","post","type-post","status-publish","format-standard","has-post-thumbnail","hentry","category-news-politique","tag-biens-confisques","tag-kais-saied-2","tag-tunisie"],"_links":{"self":[{"href":"https:\/\/www.africanchallenges.com\/index.php?rest_route=\/wp\/v2\/posts\/71063","targetHints":{"allow":["GET"]}}],"collection":[{"href":"https:\/\/www.africanchallenges.com\/index.php?rest_route=\/wp\/v2\/posts"}],"about":[{"href":"https:\/\/www.africanchallenges.com\/index.php?rest_route=\/wp\/v2\/types\/post"}],"author":[{"embeddable":true,"href":"https:\/\/www.africanchallenges.com\/index.php?rest_route=\/wp\/v2\/users\/4"}],"replies":[{"embeddable":true,"href":"https:\/\/www.africanchallenges.com\/index.php?rest_route=%2Fwp%2Fv2%2Fcomments&post=71063"}],"version-history":[{"count":1,"href":"https:\/\/www.africanchallenges.com\/index.php?rest_route=\/wp\/v2\/posts\/71063\/revisions"}],"predecessor-version":[{"id":71065,"href":"https:\/\/www.africanchallenges.com\/index.php?rest_route=\/wp\/v2\/posts\/71063\/revisions\/71065"}],"wp:featuredmedia":[{"embeddable":true,"href":"https:\/\/www.africanchallenges.com\/index.php?rest_route=\/wp\/v2\/media\/71064"}],"wp:attachment":[{"href":"https:\/\/www.africanchallenges.com\/index.php?rest_route=%2Fwp%2Fv2%2Fmedia&parent=71063"}],"wp:term":[{"taxonomy":"category","embeddable":true,"href":"https:\/\/www.africanchallenges.com\/index.php?rest_route=%2Fwp%2Fv2%2Fcategories&post=71063"},{"taxonomy":"post_tag","embeddable":true,"href":"https:\/\/www.africanchallenges.com\/index.php?rest_route=%2Fwp%2Fv2%2Ftags&post=71063"}],"curies":[{"name":"wp","href":"https:\/\/api.w.org\/{rel}","templated":true}]}}