{"id":71049,"date":"2026-02-03T13:41:08","date_gmt":"2026-02-03T12:41:08","guid":{"rendered":"https:\/\/www.africanchallenges.com\/?p=71049"},"modified":"2026-02-03T13:41:43","modified_gmt":"2026-02-03T12:41:43","slug":"tunisie-le-ministre-des-affaires-etrangeres-felicite-son-homologue-koweitien-sheikh-jarrah-jaber-al-ahmad-al-sabah-a-loccasion-de-sa-prise-de-fonctions","status":"publish","type":"post","link":"https:\/\/www.africanchallenges.com\/?p=71049","title":{"rendered":"Tunisie : Le Ministre des Affaires Etrang\u00e8res f\u00e9licite son homologue kowe\u00eftien, Sheikh Jarrah Jaber Al-Ahmad Al-Sabah \u00e0 l\u2019occasion de sa prise de fonctions"},"content":{"rendered":"\n<p class=\"wp-block-paragraph\">M. Mohamed Ali Nafti, Ministre des Affaires Etrang\u00e8res, de la Migration et des Tunisiens \u00e0 l\u2019Etranger, a eu, le lundi 2 f\u00e9vrier 2026, un entretien t\u00e9l\u00e9phonique avec Sheikh Jarrah Jaber Al-Ahmad Al-Sabah, au cours duquel il lui a adress\u00e9 ses sinc\u00e8res f\u00e9licitations \u00e0 l\u2019occasion de sa prise de fonctions en qualit\u00e9 de Ministre des Affaires Etrang\u00e8res de l\u2019\u00c9tat fr\u00e8re du Kowe\u00eft, lui souhaitant plein succ\u00e8s dans l\u2019accomplissement de ses fonctions.<\/p>\n\n\n\n<p class=\"wp-block-paragraph\">\u00c0 cette occasion, les deux Ministres ont soulign\u00e9 la profondeur et l\u2019anciennet\u00e9 des relations tuniso-kowe\u00eftiennes, ainsi que la volont\u00e9 des dirigeants des deux pays fr\u00e8res de les hisser aux plus hauts niveaux.<\/p>\n\n\n\n<p class=\"wp-block-paragraph\">Ils ont \u00e9galement convenu d\u2019assurer une bonne pr\u00e9paration de la prochaine \u00e9ch\u00e9ance bilat\u00e9rale, en vue de d\u00e9velopper et de renforcer davantage les relations de fraternit\u00e9 et de coop\u00e9ration tuniso-kowe\u00eftiennes, et de les \u00e9largir \u00e0 d\u2019autres secteurs porteurs.<\/p>\n","protected":false},"excerpt":{"rendered":"<p>M. Mohamed Ali Nafti, Ministre des Affaires Etrang\u00e8res, de la Migration et des Tunisiens \u00e0 l\u2019Etranger, a eu, le lundi 2 f\u00e9vrier 2026, un entretien t\u00e9l\u00e9phonique avec Sheikh Jarrah Jaber Al-Ahmad Al-Sabah, au cours duquel il lui a adress\u00e9 ses sinc\u00e8res f\u00e9licitations \u00e0 l\u2019occasion de sa prise de fonctions en qualit\u00e9 de Ministre des Affaires [&hellip;]<\/p>\n","protected":false},"author":4,"featured_media":71050,"comment_status":"open","ping_status":"closed","sticky":false,"template":"","format":"standard","meta":{"content-type":"","jnews-multi-image_gallery":[],"jnews_single_post":{"format":"standard"},"jnews_primary_category":[],"jnews_override_bookmark_settings":[],"jnews_review":[],"enable_review":"","type":"","name":"","summary":"","brand":"","sku":"","good":[],"bad":[],"score_override":"","override_value":"","rating":[],"price":[],"jnews_post_split":[],"footnotes":""},"categories":[2],"tags":[3809,12907,17625],"class_list":["post-71049","post","type-post","status-publish","format-standard","has-post-thumbnail","hentry","category-news-politique","tag-felicitations","tag-mohamed-ali-nafti","tag-sheikh-jarrah-jaber-al-ahmad-al-sabah"],"_links":{"self":[{"href":"https:\/\/www.africanchallenges.com\/index.php?rest_route=\/wp\/v2\/posts\/71049","targetHints":{"allow":["GET"]}}],"collection":[{"href":"https:\/\/www.africanchallenges.com\/index.php?rest_route=\/wp\/v2\/posts"}],"about":[{"href":"https:\/\/www.africanchallenges.com\/index.php?rest_route=\/wp\/v2\/types\/post"}],"author":[{"embeddable":true,"href":"https:\/\/www.africanchallenges.com\/index.php?rest_route=\/wp\/v2\/users\/4"}],"replies":[{"embeddable":true,"href":"https:\/\/www.africanchallenges.com\/index.php?rest_route=%2Fwp%2Fv2%2Fcomments&post=71049"}],"version-history":[{"count":1,"href":"https:\/\/www.africanchallenges.com\/index.php?rest_route=\/wp\/v2\/posts\/71049\/revisions"}],"predecessor-version":[{"id":71051,"href":"https:\/\/www.africanchallenges.com\/index.php?rest_route=\/wp\/v2\/posts\/71049\/revisions\/71051"}],"wp:featuredmedia":[{"embeddable":true,"href":"https:\/\/www.africanchallenges.com\/index.php?rest_route=\/wp\/v2\/media\/71050"}],"wp:attachment":[{"href":"https:\/\/www.africanchallenges.com\/index.php?rest_route=%2Fwp%2Fv2%2Fmedia&parent=71049"}],"wp:term":[{"taxonomy":"category","embeddable":true,"href":"https:\/\/www.africanchallenges.com\/index.php?rest_route=%2Fwp%2Fv2%2Fcategories&post=71049"},{"taxonomy":"post_tag","embeddable":true,"href":"https:\/\/www.africanchallenges.com\/index.php?rest_route=%2Fwp%2Fv2%2Ftags&post=71049"}],"curies":[{"name":"wp","href":"https:\/\/api.w.org\/{rel}","templated":true}]}}