{"id":70939,"date":"2026-01-30T21:56:21","date_gmt":"2026-01-30T20:56:21","guid":{"rendered":"https:\/\/www.africanchallenges.com\/?p=70939"},"modified":"2026-01-30T21:56:23","modified_gmt":"2026-01-30T20:56:23","slug":"fia-le-president-francais-emmanuel-macron-felicite-mohammed-ben-sulayem-pour-sa-reelection-a-la-presidence-de-la-fia","status":"publish","type":"post","link":"https:\/\/www.africanchallenges.com\/?p=70939","title":{"rendered":"FIA:  Le pr\u00e9sident fran\u00e7ais Emmanuel Macron    f\u00e9licite Mohammed Ben Sulayem pour sa r\u00e9\u00e9lection \u00e0 la pr\u00e9sidence de la FIA"},"content":{"rendered":"\n<p class=\"wp-block-paragraph\">Mohammed Ben Sulayem, pr\u00e9sident de la F\u00e9d\u00e9ration Internationale de l&rsquo;Automobile, \u00e9galement ( FIA), a \u00e9t\u00e9 f\u00e9licit\u00e9 pour sa r\u00e9\u00e9lection \u00e0 ce poste par le pr\u00e9sident fran\u00e7ais Emmanuel Macron, qui a \u00e9galement assur\u00e9 de sa d\u00e9termination \u00e0 continuer de renforcer le partenariat historique entre la France et la FIA.<\/p>\n\n\n\n<p class=\"wp-block-paragraph\">Dans une lettre adress\u00e9e \u00e0 Ben Sulayem, Macron a d\u00e9clar\u00e9 : \u00ab Je tiens \u00e0 vous adresser mes plus chaleureuses f\u00e9licitations pour votre r\u00e9\u00e9lection \u00e0 la pr\u00e9sidence de la F\u00e9d\u00e9ration Internationale de l&rsquo;Automobile (FIA), suite au vote qui s&rsquo;est tenu \u00e0 Tachkent, en Ouzb\u00e9kistan, le 12 d\u00e9cembre.<\/p>\n\n\n\n<p class=\"wp-block-paragraph\">\u00ab \u00c0 cet \u00e9gard, et suite \u00e0 notre r\u00e9cente rencontre au palais de l\u2019\u00c9lys\u00e9e avec d\u2019autres repr\u00e9sentants du monde automobile, soyez assur\u00e9s de ma d\u00e9termination \u00e0 continuer de renforcer le partenariat historique entre la France et la FIA. \u00bb<\/p>\n\n\n\n<p class=\"wp-block-paragraph\">\u00ab Je vous souhaite plein succ\u00e8s dans ce nouveau mandat et vous prie d\u2019accepter\u2026 l\u2019assurance de ma plus haute consid\u00e9ration. \u00bb<\/p>\n\n\n\n<p class=\"wp-block-paragraph\">La r\u00e9union qui s&rsquo;est tenue au palais de l&rsquo;\u00c9lys\u00e9e en novembre a mis en lumi\u00e8re les priorit\u00e9s communes de la FIA et de la France dans les domaines du sport automobile, de la s\u00e9curit\u00e9 routi\u00e8re, de la mobilit\u00e9 et de la protection des jeunes en ligne.<\/p>\n\n\n\n<p class=\"wp-block-paragraph\">La France occupe une place unique dans l&rsquo;histoire de la f\u00e9d\u00e9ration, le si\u00e8ge de la FIA \u00e9tant situ\u00e9 \u00e0 Paris, et cela a \u00e9t\u00e9 encore soulign\u00e9 lors de la r\u00e9union lorsque la FIA a confirm\u00e9 le renouvellement de son engagement envers la France comme l&rsquo;un de ses principaux centres d&rsquo;excellence.<\/p>\n\n\n\n<p class=\"wp-block-paragraph\">S&rsquo;exprimant longuement, les dirigeants ont salu\u00e9 le r\u00f4le central de la France dans le sport automobile mondial, des \u00e9v\u00e9nements historiques tels que le Proc\u00e8s Paris-Rouen en 1894 aux 24 Heures du Mans, qui continuent d&rsquo;attirer des milliers de spectateurs et de g\u00e9n\u00e9rer un impact significatif, soutenant plus de 1 000 emplois \u00e0 temps plein et contribuant \u00e0 hauteur d&rsquo;environ 190 millions de dollars \u00e0 l&rsquo;\u00e9conomie fran\u00e7aise.<\/p>\n\n\n\n<p class=\"wp-block-paragraph\">Macron et Ben Sulayem ont \u00e9galement discut\u00e9 de la repr\u00e9sentation de la France dans le championnat FIA de Formule 1, des talents fran\u00e7ais participant aux championnats du monde FIA, des contributions des constructeurs et promoteurs fran\u00e7ais \u00e0 la construction du sport automobile international et du soutien apport\u00e9 \u00e0 la facilitation des visas pour les d\u00e9l\u00e9gu\u00e9s internationaux de la FIA participant aux r\u00e9unions \u00e0 Paris.<\/p>\n\n\n\n<p class=\"wp-block-paragraph\">Macron et Ben Sulayem \u00e9taient accompagn\u00e9s de Yann de Pontbriand \u2014 pr\u00e9sident de l&rsquo;Automobile Club de France, l&rsquo;un des membres fondateurs de la FIA et le premier club automobile au monde, fond\u00e9 en 1895 \u2014 et de Pierre Gosselin, pr\u00e9sident de la F\u00e9d\u00e9ration Fran\u00e7aise du Sport Automobile.<\/p>\n\n\n\n<p class=\"wp-block-paragraph\">Les parties ont discut\u00e9 du r\u00f4le central que jouent les clubs aux c\u00f4t\u00e9s de la FIA dans la promotion d&rsquo;une mobilit\u00e9 et d&rsquo;un sport automobile s\u00fbrs et responsables, ainsi que de la contribution historique de la France \u00e0 ces secteurs.<\/p>\n\n\n\n<p class=\"wp-block-paragraph\">Macron et Ben Sulayem ont \u00e9chang\u00e9 leurs points de vue sur les initiatives visant \u00e0 rendre la mobilit\u00e9 plus s\u00fbre, plus abordable et plus durable, telles que le nouvel indice de s\u00e9curit\u00e9 des conducteurs de la FIA, une r\u00e9f\u00e9rence mondiale in\u00e9dite d\u00e9velopp\u00e9e pour mesurer et comparer les risques li\u00e9s aux conducteurs \u00e0 l&rsquo;aide d&rsquo;une technologie d&rsquo;IA de pointe.<\/p>\n\n\n\n<p class=\"wp-block-paragraph\">La protection des jeunes pilotes et la promotion du respect en ligne ont \u00e9galement constitu\u00e9 un axe majeur de discussion. Les responsables ont \u00e9voqu\u00e9 la campagne \u00ab&nbsp;Unis contre les abus en ligne&nbsp;\u00bb de la FIA, qui s&rsquo;inscrit pleinement dans la politique fran\u00e7aise de s\u00e9curit\u00e9 des enfants sur les r\u00e9seaux sociaux.<\/p>\n\n\n\n<figure class=\"wp-block-image size-full\"><img fetchpriority=\"high\" decoding=\"async\" width=\"615\" height=\"762\" src=\"https:\/\/www.africanchallenges.com\/wp-content\/uploads\/2026\/01\/FIA.jpg\" alt=\"\" class=\"wp-image-70940\" srcset=\"https:\/\/www.africanchallenges.com\/wp-content\/uploads\/2026\/01\/FIA.jpg 615w, https:\/\/www.africanchallenges.com\/wp-content\/uploads\/2026\/01\/FIA-242x300.jpg 242w\" sizes=\"(max-width: 615px) 100vw, 615px\" \/><figcaption class=\"wp-element-caption\">Screenshot<\/figcaption><\/figure>\n","protected":false},"excerpt":{"rendered":"<p>Mohammed Ben Sulayem, pr\u00e9sident de la F\u00e9d\u00e9ration Internationale de l&rsquo;Automobile, \u00e9galement ( FIA), a \u00e9t\u00e9 f\u00e9licit\u00e9 pour sa r\u00e9\u00e9lection \u00e0 ce poste par le pr\u00e9sident fran\u00e7ais Emmanuel Macron, qui a \u00e9galement assur\u00e9 de sa d\u00e9termination \u00e0 continuer de renforcer le partenariat historique entre la France et la FIA. Dans une lettre adress\u00e9e \u00e0 Ben Sulayem, [&hellip;]<\/p>\n","protected":false},"author":4,"featured_media":70941,"comment_status":"open","ping_status":"closed","sticky":false,"template":"","format":"standard","meta":{"content-type":"","jnews-multi-image_gallery":[],"jnews_single_post":{"format":"standard"},"jnews_primary_category":[],"jnews_override_bookmark_settings":[],"jnews_review":[],"enable_review":"","type":"","name":"","summary":"","brand":"","sku":"","good":[],"bad":[],"score_override":"","override_value":"","rating":[],"price":[],"jnews_post_split":[],"footnotes":""},"categories":[21],"tags":[2317,12966,245,12969,355],"class_list":["post-70939","post","type-post","status-publish","format-standard","has-post-thumbnail","hentry","category-sport","tag-emmanuel-macron","tag-fia","tag-france","tag-mohammed-ben-sulayem","tag-partenariat"],"_links":{"self":[{"href":"https:\/\/www.africanchallenges.com\/index.php?rest_route=\/wp\/v2\/posts\/70939","targetHints":{"allow":["GET"]}}],"collection":[{"href":"https:\/\/www.africanchallenges.com\/index.php?rest_route=\/wp\/v2\/posts"}],"about":[{"href":"https:\/\/www.africanchallenges.com\/index.php?rest_route=\/wp\/v2\/types\/post"}],"author":[{"embeddable":true,"href":"https:\/\/www.africanchallenges.com\/index.php?rest_route=\/wp\/v2\/users\/4"}],"replies":[{"embeddable":true,"href":"https:\/\/www.africanchallenges.com\/index.php?rest_route=%2Fwp%2Fv2%2Fcomments&post=70939"}],"version-history":[{"count":1,"href":"https:\/\/www.africanchallenges.com\/index.php?rest_route=\/wp\/v2\/posts\/70939\/revisions"}],"predecessor-version":[{"id":70942,"href":"https:\/\/www.africanchallenges.com\/index.php?rest_route=\/wp\/v2\/posts\/70939\/revisions\/70942"}],"wp:featuredmedia":[{"embeddable":true,"href":"https:\/\/www.africanchallenges.com\/index.php?rest_route=\/wp\/v2\/media\/70941"}],"wp:attachment":[{"href":"https:\/\/www.africanchallenges.com\/index.php?rest_route=%2Fwp%2Fv2%2Fmedia&parent=70939"}],"wp:term":[{"taxonomy":"category","embeddable":true,"href":"https:\/\/www.africanchallenges.com\/index.php?rest_route=%2Fwp%2Fv2%2Fcategories&post=70939"},{"taxonomy":"post_tag","embeddable":true,"href":"https:\/\/www.africanchallenges.com\/index.php?rest_route=%2Fwp%2Fv2%2Ftags&post=70939"}],"curies":[{"name":"wp","href":"https:\/\/api.w.org\/{rel}","templated":true}]}}