{"id":70900,"date":"2026-01-29T19:04:37","date_gmt":"2026-01-29T18:04:37","guid":{"rendered":"https:\/\/www.africanchallenges.com\/?p=70900"},"modified":"2026-01-29T19:04:39","modified_gmt":"2026-01-29T18:04:39","slug":"tunisie-le-ministre-des-affaires-etrangeres-prend-part-par-visioconference-a-la-troisieme-reunion-du-comite-de-suivi-de-la-reforme-institutionnelle-de-lunion-africaine","status":"publish","type":"post","link":"https:\/\/www.africanchallenges.com\/?p=70900","title":{"rendered":"Tunisie : Le Ministre des Affaires \u00e9trang\u00e8res prend part, par visioconf\u00e9rence, \u00e0 la troisi\u00e8me r\u00e9union du Comit\u00e9 de suivi de la r\u00e9forme institutionnelle de l\u2019Union africaine"},"content":{"rendered":"\n<p class=\"wp-block-paragraph\">Sur instruction de Son Excellence Monsieur Ka\u00efs Sa\u00efed, Pr\u00e9sident de la R\u00e9publique, M. Mohamed Ali Nafti, Ministre des Affaires \u00e9trang\u00e8res, de la Migration et des Tunisiens \u00e0 l\u2019\u00e9tranger, a pris part, ce jour, 29 janvier 2026, par visioconf\u00e9rence, \u00e0 la troisi\u00e8me r\u00e9union du Comit\u00e9 de suivi de la r\u00e9forme institutionnelle de l\u2019Union africaine, tenue sous la pr\u00e9sidence de Son Excellence Monsieur William Ruto, Pr\u00e9sident de la R\u00e9publique du Kenya, en sa qualit\u00e9 de charg\u00e9 de la supervision du projet de r\u00e9forme institutionnelle de l\u2019Union africaine, avec la participation des membres du Comit\u00e9 parmi les Chefs d\u2019\u00c9tats et de Gouvernements de plusieurs pays membres de l\u2019Union, ainsi que du Pr\u00e9sident de la Commission de l\u2019Union africaine.<\/p>\n\n\n\n<p class=\"wp-block-paragraph\">La r\u00e9union a \u00e9t\u00e9 consacr\u00e9e \u00e0 l\u2019examen du rapport relatif au projet de r\u00e9forme institutionnelle de l\u2019Union africaine et \u00e0 l\u2019\u00e9change de vues autour des propositions visant \u00e0 renforcer la coop\u00e9ration multilat\u00e9rale dans ce cadre, en pr\u00e9lude \u00e0 sa pr\u00e9sentation au prochain Sommet africain pr\u00e9vu en f\u00e9vrier 2026 \u00e0 Addis-Abeba.<\/p>\n\n\n\n<p class=\"wp-block-paragraph\">Dans son allocution \u00e0 cette occasion, le Ministre a r\u00e9affirm\u00e9 l\u2019attachement du Pr\u00e9sident de la R\u00e9publique Tunisienne \u00e0 l\u2019accompagnement et au soutien plein et entier de la Tunisie au processus de r\u00e9forme institutionnelle de l\u2019Union africaine, ainsi que son engagement \u00e0 y contribuer activement, rappelant les fondements de la vision de notre pays en mati\u00e8re de r\u00e9forme institutionnelle de cette organisation. Il a, dans ce contexte, soulign\u00e9 la n\u00e9cessit\u00e9 de r\u00e9unir les conditions appropri\u00e9es \u00e0 un processus de r\u00e9forme participatif, impliquant l\u2019ensemble des \u00c9tats membres et tenant compte de leur volont\u00e9 r\u00e9elle de d\u00e9velopper l\u2019organisation, ce qui requiert une r\u00e9flexion approfondie et globale, \u00e0 m\u00eame de garantir l\u2019aboutissement \u00e0 des r\u00e9formes efficaces, susceptibles de renforcer l\u2019action africaine commune, tout en tenant compte des capacit\u00e9s des \u00c9tats membres, dans le respect de leur souverainet\u00e9 nationale et de leurs engagements internationaux.<\/p>\n\n\n\n<p class=\"wp-block-paragraph\">Le Ministre a \u00e9galement mis en exergue l\u2019imp\u00e9ratif d\u2019une r\u00e9forme visant \u00e0 renforcer la capacit\u00e9 de l\u2019organisation africaine \u00e0 faire face aux d\u00e9fis existants, de mani\u00e8re \u00e0 consolider les piliers de la paix et de la s\u00e9curit\u00e9 sur le continent africain, et \u00e0 r\u00e9pondre aux aspirations de ses peuples en mati\u00e8re de d\u00e9veloppement durable, \u00e0 travers le renforcement des \u00e9changes commerciaux et des cadres de coop\u00e9ration \u00e9conomique, financi\u00e8re, technologique, \u00e9ducative et culturelle, ainsi que l\u2019investissement dans des projets et programmes concrets.<\/p>\n","protected":false},"excerpt":{"rendered":"<p>Sur instruction de Son Excellence Monsieur Ka\u00efs Sa\u00efed, Pr\u00e9sident de la R\u00e9publique, M. Mohamed Ali Nafti, Ministre des Affaires \u00e9trang\u00e8res, de la Migration et des Tunisiens \u00e0 l\u2019\u00e9tranger, a pris part, ce jour, 29 janvier 2026, par visioconf\u00e9rence, \u00e0 la troisi\u00e8me r\u00e9union du Comit\u00e9 de suivi de la r\u00e9forme institutionnelle de l\u2019Union africaine, tenue sous [&hellip;]<\/p>\n","protected":false},"author":4,"featured_media":70901,"comment_status":"open","ping_status":"closed","sticky":false,"template":"","format":"standard","meta":{"content-type":"","jnews-multi-image_gallery":[],"jnews_single_post":{"format":"standard"},"jnews_primary_category":[],"jnews_override_bookmark_settings":[],"jnews_review":[],"enable_review":"","type":"","name":"","summary":"","brand":"","sku":"","good":[],"bad":[],"score_override":"","override_value":"","rating":[],"price":[],"jnews_post_split":[],"footnotes":""},"categories":[2],"tags":[1018,4606,12907,17583,1797],"class_list":["post-70900","post","type-post","status-publish","format-standard","has-post-thumbnail","hentry","category-news-politique","tag-comite","tag-lunion-africaine-2","tag-mohamed-ali-nafti","tag-reforme-institutionnelle","tag-reunion"],"_links":{"self":[{"href":"https:\/\/www.africanchallenges.com\/index.php?rest_route=\/wp\/v2\/posts\/70900","targetHints":{"allow":["GET"]}}],"collection":[{"href":"https:\/\/www.africanchallenges.com\/index.php?rest_route=\/wp\/v2\/posts"}],"about":[{"href":"https:\/\/www.africanchallenges.com\/index.php?rest_route=\/wp\/v2\/types\/post"}],"author":[{"embeddable":true,"href":"https:\/\/www.africanchallenges.com\/index.php?rest_route=\/wp\/v2\/users\/4"}],"replies":[{"embeddable":true,"href":"https:\/\/www.africanchallenges.com\/index.php?rest_route=%2Fwp%2Fv2%2Fcomments&post=70900"}],"version-history":[{"count":1,"href":"https:\/\/www.africanchallenges.com\/index.php?rest_route=\/wp\/v2\/posts\/70900\/revisions"}],"predecessor-version":[{"id":70906,"href":"https:\/\/www.africanchallenges.com\/index.php?rest_route=\/wp\/v2\/posts\/70900\/revisions\/70906"}],"wp:featuredmedia":[{"embeddable":true,"href":"https:\/\/www.africanchallenges.com\/index.php?rest_route=\/wp\/v2\/media\/70901"}],"wp:attachment":[{"href":"https:\/\/www.africanchallenges.com\/index.php?rest_route=%2Fwp%2Fv2%2Fmedia&parent=70900"}],"wp:term":[{"taxonomy":"category","embeddable":true,"href":"https:\/\/www.africanchallenges.com\/index.php?rest_route=%2Fwp%2Fv2%2Fcategories&post=70900"},{"taxonomy":"post_tag","embeddable":true,"href":"https:\/\/www.africanchallenges.com\/index.php?rest_route=%2Fwp%2Fv2%2Ftags&post=70900"}],"curies":[{"name":"wp","href":"https:\/\/api.w.org\/{rel}","templated":true}]}}