{"id":70853,"date":"2026-01-28T21:12:52","date_gmt":"2026-01-28T20:12:52","guid":{"rendered":"https:\/\/www.africanchallenges.com\/?p=70853"},"modified":"2026-01-28T21:13:03","modified_gmt":"2026-01-28T20:13:03","slug":"tunisie-le-ministere-de-la-defense-nationale-avertit-contre-toute-presence-non-autorisee-dans-la-zone-tampon-frontaliere","status":"publish","type":"post","link":"https:\/\/www.africanchallenges.com\/?p=70853","title":{"rendered":"Tunisie : Le minist\u00e8re de la D\u00e9fense nationale avertit contre toute pr\u00e9sence non autoris\u00e9e dans la zone tampon frontali\u00e8re"},"content":{"rendered":"\n<p class=\"wp-block-paragraph\">Le minist\u00e8re de la D\u00e9fense nationale a annonc\u00e9, dans un communiqu\u00e9 diffus\u00e9 ce mercredi 28 janvier 2026, avoir r\u00e9cemment observ\u00e9 une augmentation des tentatives de contrebande, ainsi que la pr\u00e9sence intentionnelle de certaines personnes dans la zone frontali\u00e8re tampon, dans l\u2019espace d\u00e9sertique, sans autorisation pr\u00e9alable.<\/p>\n\n\n\n<p class=\"wp-block-paragraph\">Ces personnes empruntent ill\u00e9galement des pistes qui ne passent ni par les points de contr\u00f4le et d\u2019inspection ni par les postes officiellement d\u00e9sign\u00e9s \u00e0 cet effet, et ne respectent pas les signaux des patrouilles conjointes responsables du contr\u00f4le et de l\u2019inspection, conform\u00e9ment aux dispositions du d\u00e9cret pr\u00e9sidentiel n\u00b0 230 de 2013, dat\u00e9 du 29 ao\u00fbt 2013.<\/p>\n\n\n\n<p class=\"wp-block-paragraph\">En cons\u00e9quence, le minist\u00e8re rappelle que la pr\u00e9sence dans la zone frontali\u00e8re tampon sans autorisation, ou toute tentative de franchissement clandestin des fronti\u00e8res, constitue une infraction p\u00e9nale exposant ses auteurs \u00e0 des poursuites judiciaires. Ils seront trait\u00e9s conform\u00e9ment aux dispositions du d\u00e9cret pr\u00e9sidentiel mentionn\u00e9 ci-dessus, qui autorise l\u2019utilisation de tous les moyens et m\u00e9canismes d\u2019action l\u00e9gaux pour contraindre les personnes \u00e0 s\u2019arr\u00eater ou \u00e0 se soumettre \u00e0 un contr\u00f4le en cas de non-respect des injonctions.<\/p>\n\n\n\n<p class=\"wp-block-paragraph\">Le minist\u00e8re de la D\u00e9fense nationale a soulign\u00e9 que la pr\u00e9servation de l\u2019int\u00e9grit\u00e9 du territoire national et la lutte contre les activit\u00e9s ill\u00e9gales telles que la contrebande, la criminalit\u00e9 organis\u00e9e transfrontali\u00e8re et les risques terroristes rel\u00e8vent pleinement de ses missions.<\/p>\n\n\n\n<p class=\"wp-block-paragraph\">Il appelle tous les citoyens \u00e0 coop\u00e9rer avec les unit\u00e9s militaires, \u00e0 \u00e9viter toute tentative de passage en force et tout comportement risqu\u00e9 susceptible d\u2019enfreindre les proc\u00e9dures en vigueur, \u00e0 s\u2019\u00e9loigner des activit\u00e9s suspectes et \u00e0 se conformer aux instructions d\u2019arr\u00eat et aux exigences de contr\u00f4le \u00e9mises par les patrouilles op\u00e9rant dans ces zones, afin de pr\u00e9server leur s\u00e9curit\u00e9 et de prot\u00e9ger les imp\u00e9ratifs de s\u00fbret\u00e9 et de d\u00e9fense.<\/p>\n","protected":false},"excerpt":{"rendered":"<p>Le minist\u00e8re de la D\u00e9fense nationale a annonc\u00e9, dans un communiqu\u00e9 diffus\u00e9 ce mercredi 28 janvier 2026, avoir r\u00e9cemment observ\u00e9 une augmentation des tentatives de contrebande, ainsi que la pr\u00e9sence intentionnelle de certaines personnes dans la zone frontali\u00e8re tampon, dans l\u2019espace d\u00e9sertique, sans autorisation pr\u00e9alable. Ces personnes empruntent ill\u00e9galement des pistes qui ne passent ni [&hellip;]<\/p>\n","protected":false},"author":4,"featured_media":70854,"comment_status":"open","ping_status":"closed","sticky":false,"template":"","format":"standard","meta":{"content-type":"","jnews-multi-image_gallery":[],"jnews_single_post":{"format":"standard"},"jnews_primary_category":[],"jnews_override_bookmark_settings":[],"jnews_review":[],"enable_review":"","type":"","name":"","summary":"","brand":"","sku":"","good":[],"bad":[],"score_override":"","override_value":"","rating":[],"price":[],"jnews_post_split":[],"footnotes":""},"categories":[2],"tags":[4229,17564,13075],"class_list":["post-70853","post","type-post","status-publish","format-standard","has-post-thumbnail","hentry","category-news-politique","tag-ministere-de-la-defense-nationale","tag-presence-non-autorisee","tag-zone-tampon-frontaliere"],"_links":{"self":[{"href":"https:\/\/www.africanchallenges.com\/index.php?rest_route=\/wp\/v2\/posts\/70853","targetHints":{"allow":["GET"]}}],"collection":[{"href":"https:\/\/www.africanchallenges.com\/index.php?rest_route=\/wp\/v2\/posts"}],"about":[{"href":"https:\/\/www.africanchallenges.com\/index.php?rest_route=\/wp\/v2\/types\/post"}],"author":[{"embeddable":true,"href":"https:\/\/www.africanchallenges.com\/index.php?rest_route=\/wp\/v2\/users\/4"}],"replies":[{"embeddable":true,"href":"https:\/\/www.africanchallenges.com\/index.php?rest_route=%2Fwp%2Fv2%2Fcomments&post=70853"}],"version-history":[{"count":1,"href":"https:\/\/www.africanchallenges.com\/index.php?rest_route=\/wp\/v2\/posts\/70853\/revisions"}],"predecessor-version":[{"id":70855,"href":"https:\/\/www.africanchallenges.com\/index.php?rest_route=\/wp\/v2\/posts\/70853\/revisions\/70855"}],"wp:featuredmedia":[{"embeddable":true,"href":"https:\/\/www.africanchallenges.com\/index.php?rest_route=\/wp\/v2\/media\/70854"}],"wp:attachment":[{"href":"https:\/\/www.africanchallenges.com\/index.php?rest_route=%2Fwp%2Fv2%2Fmedia&parent=70853"}],"wp:term":[{"taxonomy":"category","embeddable":true,"href":"https:\/\/www.africanchallenges.com\/index.php?rest_route=%2Fwp%2Fv2%2Fcategories&post=70853"},{"taxonomy":"post_tag","embeddable":true,"href":"https:\/\/www.africanchallenges.com\/index.php?rest_route=%2Fwp%2Fv2%2Ftags&post=70853"}],"curies":[{"name":"wp","href":"https:\/\/api.w.org\/{rel}","templated":true}]}}