{"id":70769,"date":"2026-01-26T11:34:30","date_gmt":"2026-01-26T10:34:30","guid":{"rendered":"https:\/\/www.africanchallenges.com\/?p=70769"},"modified":"2026-01-26T11:37:58","modified_gmt":"2026-01-26T10:37:58","slug":"tunisie-egypte-le-ministre-egyptien-des-affaires-etrangeres-badr-abdelaaty-sera-en-visite-officielle-en-tunisie-pour-renforcer-la-cooperation-bilaterale-et-la-coordination-regionale","status":"publish","type":"post","link":"https:\/\/www.africanchallenges.com\/?p=70769","title":{"rendered":"Tunisie-Egypte : Le ministre \u00e9gyptien des Affaires \u00e9trang\u00e8res, Badr Abdelaaty, sera en visite officielle en Tunisie pour renforcer  la coop\u00e9ration bilat\u00e9rale et la coordination r\u00e9gionale"},"content":{"rendered":"\n<p class=\"wp-block-paragraph\">La Tunisie se pr\u00e9pare \u00e0 accueillir le ministre \u00e9gyptien des Affaires \u00e9trang\u00e8res, Badr Abdelaaty, pour une visite officielle centr\u00e9e sur le renforcement de la coop\u00e9ration bilat\u00e9rale et la coordination r\u00e9gionale. Cette visite inclura des discussions de haut niveau avec des responsables tunisiens ainsi qu&rsquo;une participation \u00e0 une r\u00e9union tripartite consacr\u00e9e \u00e0 la question libyenne. Elle s&rsquo;inscrit dans un contexte o\u00f9 les deux pays partagent une volont\u00e9 de renforcer leurs liens politiques entre Tunis et Le Caire.<\/p>\n\n\n\n<p class=\"wp-block-paragraph\">La Libye au centre d&rsquo;une r\u00e9union tripartite<\/p>\n\n\n\n<p class=\"wp-block-paragraph\">Les discussions devraient \u00e9galement aborder les principaux enjeux r\u00e9gionaux, dans un climat de concertation visant \u00e0 rapprocher les positions des deux nations sur les d\u00e9fis majeurs du voisinage m\u00e9diterran\u00e9en et arabe.<\/p>\n\n\n\n<p class=\"wp-block-paragraph\">Au-del\u00e0 de l&rsquo;aspect bilat\u00e9ral, la visite sera marqu\u00e9e par la tenue d&rsquo;une r\u00e9union tripartite r\u00e9unissant les ministres des Affaires \u00e9trang\u00e8res de la Tunisie, de l&rsquo;\u00c9gypte et de l&rsquo;Alg\u00e9rie. Cette rencontre s&rsquo;inscrit dans le cadre du m\u00e9canisme de concertation entre les trois pays concernant la situation en Libye.<\/p>\n\n\n\n<p class=\"wp-block-paragraph\">La r\u00e9union se tiendra en pr\u00e9sence de la repr\u00e9sentante sp\u00e9ciale du secr\u00e9taire g\u00e9n\u00e9ral des Nations Unies pour la Libye, Hanna Tetteh, soulignant l&rsquo;importance de la coordination avec l&rsquo;ONU dans la gestion de ce dossier d\u00e9licat.<\/p>\n\n\n\n<p class=\"wp-block-paragraph\">Les \u00e9changes porteront principalement sur l&rsquo;\u00e9volution de la situation en Libye et sur les moyens de soutenir les efforts visant \u00e0 r\u00e9tablir la stabilit\u00e9 dans le pays. Les trois capitales souhaitent r\u00e9affirmer leur engagement envers l&rsquo;unit\u00e9 de la Libye, sa souverainet\u00e9 et la pr\u00e9servation de son int\u00e9grit\u00e9 territoriale, tout en encourageant une solution politique durable port\u00e9e par les Libyens eux-m\u00eames.<\/p>\n","protected":false},"excerpt":{"rendered":"<p>La Tunisie se pr\u00e9pare \u00e0 accueillir le ministre \u00e9gyptien des Affaires \u00e9trang\u00e8res, Badr Abdelaaty, pour une visite officielle centr\u00e9e sur le renforcement de la coop\u00e9ration bilat\u00e9rale et la coordination r\u00e9gionale. Cette visite inclura des discussions de haut niveau avec des responsables tunisiens ainsi qu&rsquo;une participation \u00e0 une r\u00e9union tripartite consacr\u00e9e \u00e0 la question libyenne. Elle [&hellip;]<\/p>\n","protected":false},"author":4,"featured_media":70771,"comment_status":"open","ping_status":"closed","sticky":false,"template":"","format":"standard","meta":{"content-type":"","jnews-multi-image_gallery":[],"jnews_single_post":{"format":"standard"},"jnews_primary_category":[],"jnews_override_bookmark_settings":[],"jnews_review":[],"enable_review":"","type":"","name":"","summary":"","brand":"","sku":"","good":[],"bad":[],"score_override":"","override_value":"","rating":[],"price":[],"jnews_post_split":[],"footnotes":""},"categories":[2],"tags":[17537,298,54,1190],"class_list":["post-70769","post","type-post","status-publish","format-standard","has-post-thumbnail","hentry","category-news-politique","tag-badr-abdelaaty","tag-cooperation","tag-tunisie","tag-visite"],"_links":{"self":[{"href":"https:\/\/www.africanchallenges.com\/index.php?rest_route=\/wp\/v2\/posts\/70769","targetHints":{"allow":["GET"]}}],"collection":[{"href":"https:\/\/www.africanchallenges.com\/index.php?rest_route=\/wp\/v2\/posts"}],"about":[{"href":"https:\/\/www.africanchallenges.com\/index.php?rest_route=\/wp\/v2\/types\/post"}],"author":[{"embeddable":true,"href":"https:\/\/www.africanchallenges.com\/index.php?rest_route=\/wp\/v2\/users\/4"}],"replies":[{"embeddable":true,"href":"https:\/\/www.africanchallenges.com\/index.php?rest_route=%2Fwp%2Fv2%2Fcomments&post=70769"}],"version-history":[{"count":2,"href":"https:\/\/www.africanchallenges.com\/index.php?rest_route=\/wp\/v2\/posts\/70769\/revisions"}],"predecessor-version":[{"id":70773,"href":"https:\/\/www.africanchallenges.com\/index.php?rest_route=\/wp\/v2\/posts\/70769\/revisions\/70773"}],"wp:featuredmedia":[{"embeddable":true,"href":"https:\/\/www.africanchallenges.com\/index.php?rest_route=\/wp\/v2\/media\/70771"}],"wp:attachment":[{"href":"https:\/\/www.africanchallenges.com\/index.php?rest_route=%2Fwp%2Fv2%2Fmedia&parent=70769"}],"wp:term":[{"taxonomy":"category","embeddable":true,"href":"https:\/\/www.africanchallenges.com\/index.php?rest_route=%2Fwp%2Fv2%2Fcategories&post=70769"},{"taxonomy":"post_tag","embeddable":true,"href":"https:\/\/www.africanchallenges.com\/index.php?rest_route=%2Fwp%2Fv2%2Ftags&post=70769"}],"curies":[{"name":"wp","href":"https:\/\/api.w.org\/{rel}","templated":true}]}}