{"id":70761,"date":"2026-01-23T20:12:00","date_gmt":"2026-01-23T19:12:00","guid":{"rendered":"https:\/\/www.africanchallenges.com\/?p=70761"},"modified":"2026-01-23T22:16:34","modified_gmt":"2026-01-23T21:16:34","slug":"tunsiie-suivi-de-lachevement-du-projet-de-raccordement-electrique-elmed-entre-la-tunisie-et-litalie","status":"publish","type":"post","link":"https:\/\/www.africanchallenges.com\/?p=70761","title":{"rendered":"Tunisie\u00a0: Suivi de l&rsquo;ach\u00e8vement du projet de raccordement \u00e9lectrique \u00ab\u00a0Elmed\u00a0\u00bb entre la Tunisie et l&rsquo;Italie"},"content":{"rendered":"\n<p class=\"wp-block-paragraph\">Le secr\u00e9taire d&rsquo;Etat charg\u00e9 de la transition \u00e9nerg\u00e9tique, Wael Chouchane a re\u00e7u vendredi 23 janvier, au si\u00e8ge du minist\u00e8re, l&rsquo;ambassadeur d&rsquo;Italie en Tunisie, M. Alessandro PRUNAS.<\/p>\n\n\n\n<p class=\"wp-block-paragraph\">Au cours de la r\u00e9union, ils ont discut\u00e9 d&rsquo;un certain nombre de sujets d&rsquo;int\u00e9r\u00eat commun, y compris l&rsquo;avancement de l&rsquo;ach\u00e8vement du projet d&rsquo;interconnexion \u00e9lectrique Elmed entre la Tunisie et l&rsquo;Italie.<\/p>\n\n\n\n<p class=\"wp-block-paragraph\">Le secr\u00e9taire d&rsquo;Etat a salu\u00e9 le niveau de la coop\u00e9ration tuniso-italienne dans le domaine \u00e9conomique, notamment dans le domaine des \u00e9nergies renouvelables, et les r\u00e9sultats positifs obtenus, avec un souci de suivi et d&rsquo;\u00e9valuation pour assurer le succ\u00e8s des projets communs.<\/p>\n\n\n\n<p class=\"wp-block-paragraph\">Il a soulign\u00e9 l&rsquo;importance de mener \u00e0 bien le projet d&rsquo;interconnexion \u00e9lectrique dans les d\u00e9lais impartis car il s&rsquo;agit de l&rsquo;un des grands projets nationaux qui contribuera \u00e0 la stabilit\u00e9 du r\u00e9seau \u00e9lectrique et \u00e0 la diversification des sources d&rsquo;approvisionnement en \u00e9nergie en Tunisie.<\/p>\n\n\n\n<p class=\"wp-block-paragraph\">Dans ce contexte, il a soulign\u00e9 les progr\u00e8s r\u00e9alis\u00e9s par notre pays, notamment au niveau de la r\u00e9forme du syst\u00e8me juridique des projets d&rsquo;\u00e9nergie renouvelable, qui ont contribu\u00e9 \u00e0 acc\u00e9l\u00e9rer le rythme d&rsquo;ach\u00e8vement des nouveaux projets entr\u00e9s en exploitation et d&rsquo;autres qui devraient d\u00e9marrer leurs op\u00e9rations au cours de l&rsquo;ann\u00e9e en cours avec une capacit\u00e9 totale d&rsquo;environ 600 m\u00e9gawatts.<\/p>\n\n\n\n<p class=\"wp-block-paragraph\">De son c\u00f4t\u00e9, l&rsquo;ambassadeur d&rsquo;Italie a soulign\u00e9 que le projet d&rsquo;interconnexion \u00e9lectrique refl\u00e8te l&rsquo;engagement du gouvernement italien \u00e0 accompagner la Tunisie dans sa transition \u00e9nerg\u00e9tique, r\u00e9it\u00e9rant la disponibilit\u00e9 de son pays \u00e0 poursuivre la coordination pour assurer la r\u00e9ussite de la mise en \u0153uvre de ses diff\u00e9rentes composantes, d&rsquo;autant plus qu&rsquo;il permettra le d\u00e9veloppement des \u00e9changes d&rsquo;\u00e9nergie \u00e9lectrique entre les deux rives de la M\u00e9diterran\u00e9e gr\u00e2ce \u00e0 une interconnexion bidirectionnelle d&rsquo;une capacit\u00e9 de 600 MW.<\/p>\n","protected":false},"excerpt":{"rendered":"<p>Le secr\u00e9taire d&rsquo;Etat charg\u00e9 de la transition \u00e9nerg\u00e9tique, Wael Chouchane a re\u00e7u vendredi 23 janvier, au si\u00e8ge du minist\u00e8re, l&rsquo;ambassadeur d&rsquo;Italie en Tunisie, M. Alessandro PRUNAS. Au cours de la r\u00e9union, ils ont discut\u00e9 d&rsquo;un certain nombre de sujets d&rsquo;int\u00e9r\u00eat commun, y compris l&rsquo;avancement de l&rsquo;ach\u00e8vement du projet d&rsquo;interconnexion \u00e9lectrique Elmed entre la Tunisie et [&hellip;]<\/p>\n","protected":false},"author":4,"featured_media":70744,"comment_status":"open","ping_status":"closed","sticky":false,"template":"","format":"standard","meta":{"content-type":"","jnews-multi-image_gallery":[],"jnews_single_post":{"format":"standard"},"jnews_primary_category":[],"jnews_override_bookmark_settings":[],"jnews_review":[],"enable_review":"","type":"","name":"","summary":"","brand":"","sku":"","good":[],"bad":[],"score_override":"","override_value":"","rating":[],"price":[],"jnews_post_split":[],"footnotes":""},"categories":[43,73],"tags":[1040,4516,54],"class_list":["post-70761","post","type-post","status-publish","format-standard","has-post-thumbnail","hentry","category-eco-business","category-eco","tag-projet","tag-suivi","tag-tunisie"],"_links":{"self":[{"href":"https:\/\/www.africanchallenges.com\/index.php?rest_route=\/wp\/v2\/posts\/70761","targetHints":{"allow":["GET"]}}],"collection":[{"href":"https:\/\/www.africanchallenges.com\/index.php?rest_route=\/wp\/v2\/posts"}],"about":[{"href":"https:\/\/www.africanchallenges.com\/index.php?rest_route=\/wp\/v2\/types\/post"}],"author":[{"embeddable":true,"href":"https:\/\/www.africanchallenges.com\/index.php?rest_route=\/wp\/v2\/users\/4"}],"replies":[{"embeddable":true,"href":"https:\/\/www.africanchallenges.com\/index.php?rest_route=%2Fwp%2Fv2%2Fcomments&post=70761"}],"version-history":[{"count":3,"href":"https:\/\/www.africanchallenges.com\/index.php?rest_route=\/wp\/v2\/posts\/70761\/revisions"}],"predecessor-version":[{"id":70765,"href":"https:\/\/www.africanchallenges.com\/index.php?rest_route=\/wp\/v2\/posts\/70761\/revisions\/70765"}],"wp:featuredmedia":[{"embeddable":true,"href":"https:\/\/www.africanchallenges.com\/index.php?rest_route=\/wp\/v2\/media\/70744"}],"wp:attachment":[{"href":"https:\/\/www.africanchallenges.com\/index.php?rest_route=%2Fwp%2Fv2%2Fmedia&parent=70761"}],"wp:term":[{"taxonomy":"category","embeddable":true,"href":"https:\/\/www.africanchallenges.com\/index.php?rest_route=%2Fwp%2Fv2%2Fcategories&post=70761"},{"taxonomy":"post_tag","embeddable":true,"href":"https:\/\/www.africanchallenges.com\/index.php?rest_route=%2Fwp%2Fv2%2Ftags&post=70761"}],"curies":[{"name":"wp","href":"https:\/\/api.w.org\/{rel}","templated":true}]}}