{"id":70733,"date":"2026-01-22T21:24:30","date_gmt":"2026-01-22T20:24:30","guid":{"rendered":"https:\/\/www.africanchallenges.com\/?p=70733"},"modified":"2026-01-22T21:25:02","modified_gmt":"2026-01-22T20:25:02","slug":"tunisie-engagement-du-systeme-des-nations-unies-a-poursuivre-son-appui-a-la-tunisie","status":"publish","type":"post","link":"https:\/\/www.africanchallenges.com\/?p=70733","title":{"rendered":"Tunisie :Engagement du syst\u00e8me des Nations Unies \u00e0 poursuivre son appui \u00e0 la Tunisie"},"content":{"rendered":"\n<p class=\"wp-block-paragraph\">Dans le cadre du renforcement des programmes de coop\u00e9ration et de partenariat existants entre la Tunisie et le syst\u00e8me des Nations Unies, M. Mohamed Ali Nafti, Ministre des Affaires Etrang\u00e8res, de la Migration et des Tunisiens \u00e0 l\u2019Etranger, a pr\u00e9sid\u00e9 aujourd\u2019hui, le 22 janvier 2026, une s\u00e9ance de travail avec la Coordinatrice R\u00e9sidente et les repr\u00e9sentants des agences, fonds et programmes relevant du syst\u00e8me des Nations Unies accr\u00e9dit\u00e9s dans notre pays.<\/p>\n\n\n\n<p class=\"wp-block-paragraph\">Dans son allocution d\u2019ouverture, M. le Ministre a salu\u00e9 la solidit\u00e9 des relations historiques unissant la Tunisie \u00e0 l\u2019Organisation des Nations Unies, fond\u00e9es sur la confiance mutuelle, le respect et le dialogue, ainsi que sur un engagement commun en faveur des principes du multilat\u00e9ralisme, de la coop\u00e9ration internationale et de l\u2019action collective face aux d\u00e9fis mondiaux. Il a soulign\u00e9 la conviction profonde de la Tunisie selon laquelle l\u2019action multilat\u00e9rale et le r\u00f4le central des Nations Unies demeurent, plus que jamais, une n\u00e9cessit\u00e9 strat\u00e9gique incontournable pour garantir la stabilit\u00e9 et le d\u00e9veloppement, notamment au regard des crises successives, des tensions g\u00e9opolitiques, des fluctuations \u00e9conomiques et de la mont\u00e9e des tendances unilat\u00e9rales que conna\u00eet le monde.<\/p>\n\n\n\n<p class=\"wp-block-paragraph\">M. le Ministre a exprim\u00e9 l\u2019appr\u00e9ciation des autorit\u00e9s tunisiennes pour l\u2019appui technique, financier et institutionnel apport\u00e9 par le syst\u00e8me des Nations Unies \u00e0 la Tunisie, en particulier dans le contexte des d\u00e9fis \u00e9conomiques, sociaux et climatiques actuels. Il a \u00e9galement salu\u00e9 le soutien accord\u00e9 \u00e0 l\u2019initiative d\u00e9cid\u00e9e par Son Excellence Monsieur le Pr\u00e9sident de la R\u00e9publique de placer l\u2019ann\u00e9e 2025 sous le slogan de \u00ab L&rsquo;ann\u00e9e du renforcement de l\u2019action multilat\u00e9rale et de la consolidation de la coop\u00e9ration avec le syst\u00e8me des Nations Unies \u00bb, lanc\u00e9e \u00e0 l\u2019occasion du quatre-vingti\u00e8me anniversaire de la cr\u00e9ation de l\u2019Organisation.<\/p>\n\n\n\n<p class=\"wp-block-paragraph\">Il a, par ailleurs, soulign\u00e9 que la coop\u00e9ration entre la Tunisie et le syst\u00e8me des Nations Unies couvre des domaines vitaux, notamment le d\u00e9veloppement humain et l\u2019inclusion sociale, la sant\u00e9 et la protection sociale, l\u2019\u00e9ducation, la jeunesse et l\u2019enfance, l\u2019\u00e9galit\u00e9 des sexes, la gouvernance et l\u2019\u00c9tat de droit, la gestion des migrations et la protection des groupes vuln\u00e9rables, ainsi que les transitions num\u00e9rique, industrielle et environnementale. Il a, \u00e0 cet \u00e9gard, salu\u00e9 les efforts du Bureau de la Coordinatrice R\u00e9sidente visant \u00e0 renforcer la coordination et la compl\u00e9mentarit\u00e9 entre les diff\u00e9rentes agences onusiennes en Tunisie.<\/p>\n\n\n\n<p class=\"wp-block-paragraph\">Dans ce contexte, M. le Ministre a annonc\u00e9 que le Minist\u00e8re des Affaires Etrang\u00e8res, de la Migration et des Tunisiens \u00e0 l\u2019Etranger assurera, en collaboration avec le syst\u00e8me des Nations Unies et les autres structures nationales concern\u00e9es, la coordination du processus d\u2019\u00e9laboration du nouveau Cadre de coop\u00e9ration entre la Tunisie et l\u2019Organisation des Nations Unies pour la p\u00e9riode 2027-2031, de mani\u00e8re \u00e0 en garantir la coh\u00e9rence avec le Plan du d\u00e9veloppement \u00e9conomique et social 2026-2030 et les priorit\u00e9s nationales du pays.<\/p>\n\n\n\n<p class=\"wp-block-paragraph\">De son c\u00f4t\u00e9, Mme Rana Taha, Coordinatrice R\u00e9sidente, a salu\u00e9, au nom des agences, fonds et programmes des Nations Unies, les relations de coop\u00e9ration \u00e9troites entre l\u2019Organisation des Nations Unies et le gouvernement tunisien, soulignant la place particuli\u00e8re de notre pays en tant que partenaire actif de l\u2019Organisation dans la d\u00e9fense et la promotion du multilat\u00e9ralisme.<\/p>\n\n\n\n<p class=\"wp-block-paragraph\">Elle a r\u00e9affirm\u00e9 l\u2019engagement du syst\u00e8me des Nations Unies \u00e0 poursuivre son appui \u00e0 la Tunisie et \u00e0 l\u2019accompagner dans son parcours de d\u00e9veloppement conform\u00e9ment aux priorit\u00e9s qui d\u00e9couleront du Plan de d\u00e9veloppement, dans le respect du principe de l\u2019appropriation nationale, exprimant l\u2019ambition de l\u2019Organisation d\u2019\u00e9lever le niveau de la coop\u00e9ration vers davantage d\u2019efficacit\u00e9.<\/p>\n\n\n\n<p class=\"wp-block-paragraph\">Dans ce m\u00eame contexte, la Coordinatrice R\u00e9sidente a \u00e9voqu\u00e9 l\u2019initiative du Secr\u00e9taire G\u00e9n\u00e9ral \u00ab ONU 80 \u00bb, visant \u00e0 moderniser l\u2019Organisation et \u00e0 la rendre plus efficace face aux d\u00e9fis actuels, ce qui appelle \u00e0 un approfondissement de la coordination strat\u00e9gique avec la Tunisie \u00e0 travers une meilleure mobilisation des ressources disponibles dans le cadre de programmes transversaux porteurs de solutions transformatrices et durables, offrant des opportunit\u00e9s d\u2019impact qualitatif dans divers secteurs.<\/p>\n\n\n\n<p class=\"wp-block-paragraph\">La r\u00e9union a \u00e9galement \u00e9t\u00e9 marqu\u00e9e par une pr\u00e9sentation des repr\u00e9sentants des agences, fonds et programmes des Nations Unies accr\u00e9dit\u00e9s en Tunisie sur leurs activit\u00e9s et programmes en cours dans les domaines de l\u2019enfance, de la sant\u00e9, du d\u00e9veloppement industriel, de l\u2019autonomisation des femmes, de la gestion des migrations et des infrastructures. Cette pr\u00e9sentation a \u00e9t\u00e9 suivie d\u2019un dialogue interactif portant sur les moyens de renforcer la coop\u00e9ration, d\u2019am\u00e9liorer l\u2019efficacit\u00e9 des programmes et de mobiliser des ressources financi\u00e8res innovantes, afin de g\u00e9n\u00e9rer un impact tangible au b\u00e9n\u00e9fice des cat\u00e9gories et des r\u00e9gions les plus n\u00e9cessiteuses.<\/p>\n\n\n\n<p class=\"wp-block-paragraph\">En cl\u00f4ture de la r\u00e9union, M. le Ministre des Affaires Etrang\u00e8res, de la Migration et des Tunisiens \u00e0 l\u2019Etranger a r\u00e9it\u00e9r\u00e9 l\u2019engagement de la Tunisie \u00e0 assumer son r\u00f4le de partenaire fiable et responsable au sein du syst\u00e8me multilat\u00e9ral des Nations Unies, soulignant l\u2019importance du respect du principe de l\u2019appropriation nationale des politiques publiques et appelant \u00e0 un syst\u00e8me international plus \u00e9quitable en mati\u00e8re de financement du d\u00e9veloppement, tenant compte des sp\u00e9cificit\u00e9s des pays et des d\u00e9fis existants.<\/p>\n","protected":false},"excerpt":{"rendered":"<p>Dans le cadre du renforcement des programmes de coop\u00e9ration et de partenariat existants entre la Tunisie et le syst\u00e8me des Nations Unies, M. Mohamed Ali Nafti, Ministre des Affaires Etrang\u00e8res, de la Migration et des Tunisiens \u00e0 l\u2019Etranger, a pr\u00e9sid\u00e9 aujourd\u2019hui, le 22 janvier 2026, une s\u00e9ance de travail avec la Coordinatrice R\u00e9sidente et les [&hellip;]<\/p>\n","protected":false},"author":4,"featured_media":70735,"comment_status":"open","ping_status":"closed","sticky":false,"template":"","format":"standard","meta":{"content-type":"","jnews-multi-image_gallery":[],"jnews_single_post":{"format":"standard"},"jnews_primary_category":[],"jnews_override_bookmark_settings":[],"jnews_review":[],"enable_review":"","type":"","name":"","summary":"","brand":"","sku":"","good":[],"bad":[],"score_override":"","override_value":"","rating":[],"price":[],"jnews_post_split":[],"footnotes":""},"categories":[2],"tags":[1099,2196],"class_list":["post-70733","post","type-post","status-publish","format-standard","has-post-thumbnail","hentry","category-news-politique","tag-nations-unies","tag-tu"],"_links":{"self":[{"href":"https:\/\/www.africanchallenges.com\/index.php?rest_route=\/wp\/v2\/posts\/70733","targetHints":{"allow":["GET"]}}],"collection":[{"href":"https:\/\/www.africanchallenges.com\/index.php?rest_route=\/wp\/v2\/posts"}],"about":[{"href":"https:\/\/www.africanchallenges.com\/index.php?rest_route=\/wp\/v2\/types\/post"}],"author":[{"embeddable":true,"href":"https:\/\/www.africanchallenges.com\/index.php?rest_route=\/wp\/v2\/users\/4"}],"replies":[{"embeddable":true,"href":"https:\/\/www.africanchallenges.com\/index.php?rest_route=%2Fwp%2Fv2%2Fcomments&post=70733"}],"version-history":[{"count":2,"href":"https:\/\/www.africanchallenges.com\/index.php?rest_route=\/wp\/v2\/posts\/70733\/revisions"}],"predecessor-version":[{"id":70737,"href":"https:\/\/www.africanchallenges.com\/index.php?rest_route=\/wp\/v2\/posts\/70733\/revisions\/70737"}],"wp:attachment":[{"href":"https:\/\/www.africanchallenges.com\/index.php?rest_route=%2Fwp%2Fv2%2Fmedia&parent=70733"}],"wp:term":[{"taxonomy":"category","embeddable":true,"href":"https:\/\/www.africanchallenges.com\/index.php?rest_route=%2Fwp%2Fv2%2Fcategories&post=70733"},{"taxonomy":"post_tag","embeddable":true,"href":"https:\/\/www.africanchallenges.com\/index.php?rest_route=%2Fwp%2Fv2%2Ftags&post=70733"}],"curies":[{"name":"wp","href":"https:\/\/api.w.org\/{rel}","templated":true}]}}