{"id":70682,"date":"2026-01-20T20:30:42","date_gmt":"2026-01-20T19:30:42","guid":{"rendered":"https:\/\/www.africanchallenges.com\/?p=70682"},"modified":"2026-01-20T20:31:06","modified_gmt":"2026-01-20T19:31:06","slug":"tunisie-la-8e-edition-des-volants-dor-8-ans-dexcellence-au-service-dune-mobilite-durable","status":"publish","type":"post","link":"https:\/\/www.africanchallenges.com\/?p=70682","title":{"rendered":"Tunisie : La 8e \u00e9dition des Volants d\u2019Or: 8 ans d\u2019excellence au service d\u2019une mobilit\u00e9 durable"},"content":{"rendered":"\n<p class=\"wp-block-paragraph\">Depuis 2018, <strong>les Volants d\u2019Or <\/strong>se sont impos\u00e9s comme le rendez-vous annuel incontournable du secteur automobile en Tunisie.<br>Chaque \u00e9dition r\u00e9unit les marques, concessionnaires, institutions, assureurs, m\u00e9dias et passionn\u00e9s pour c\u00e9l\u00e9brer les performances, les innovations et les initiatives qui dynamisent l\u2019ensemble de l\u2019\u00e9cosyst\u00e8me.<\/p>\n\n\n\n<p class=\"wp-block-paragraph\">Organis\u00e9e conjointement par <strong>tunisieauto.tn <\/strong>et <strong>ADCOM Agency<\/strong>, la <strong>8e \u00e9dition des Volants d\u2019Or <\/strong>se tiendra le <strong>vendredi 6 f\u00e9vrier 2026 <\/strong>\u00e0 l\u2019h\u00f4tel Radisson Blu Hotel &amp; Convention Center de Tunis.<br>Elle s\u2019inscrit dans la continuit\u00e9 d\u2019un \u00e9v\u00e9nement devenu une r\u00e9f\u00e9rence, tout en mettant en avant une nouvelle orientation : <strong>une mobilit\u00e9 plus responsable, plus humaine et plus durable.<\/strong><\/p>\n\n\n\n<p class=\"wp-block-paragraph\"><strong>Un th\u00e8me en phase avec les enjeux actuels<br><br><\/strong><\/p>\n\n\n\n<p class=\"wp-block-paragraph\">Le th\u00e8me choisi pour cette \u00e9dition, <strong>\u201cL\u2019excellence automobile au service d\u2019une mobilit\u00e9 durable\u201d, <\/strong>traduit une \u00e9volution essentielle du secteur en Tunisie.<\/p>\n\n\n\n<p class=\"wp-block-paragraph\">La performance ne se mesure plus uniquement aux ventes ou \u00e0 la technologie, mais int\u00e8gre d\u00e9sormais l\u2019impact environnemental, social et humain.<\/p>\n\n\n\n<p class=\"wp-block-paragraph\">Ce mouvement refl\u00e8te ce que les acteurs du terrain constatent quotidiennement.<br>Comme l\u2019explique <strong>Mourad Bouzidi<\/strong>, journaliste automobile et fondateur de tunisieauto.tn:<\/p>\n\n\n\n<p class=\"wp-block-paragraph\"><em>\u00ab En visitant les showrooms, les services apr\u00e8s-vente et les ateliers de l\u2019ensemble des marques, mais aussi en couvrant des \u00e9v\u00e9nements automobiles \u00e0 l\u2019international, on observe une transformation profonde : la mobilit\u00e9 devient plus responsable.<\/em><\/p>\n\n\n\n<p class=\"wp-block-paragraph\"><em>En Tunisie, plusieurs entreprises prennent d\u00e9j\u00e0 cette direction. Il \u00e9tait naturel que les Volants d\u2019Or valorisent ces efforts et encouragent cette dynamique. \u00bb<\/em><\/p>\n\n\n\n<p class=\"wp-block-paragraph\"><strong>Deux nouveaux troph\u00e9es d\u00e9di\u00e9s \u00e0 l\u2019engagement durable<\/strong><\/p>\n\n\n\n<p class=\"wp-block-paragraph\">Pour accompagner cette \u00e9volution, deux distinctions in\u00e9dites seront introduites cette ann\u00e9e :<\/p>\n\n\n\n<p class=\"wp-block-paragraph\"><strong>Volant d\u2019Or de l\u2019implication \u00e9cologique<\/strong><\/p>\n\n\n\n<p class=\"wp-block-paragraph\">Pour r\u00e9compenser les initiatives environnementales : \u00e9lectrification, efficacit\u00e9 \u00e9nerg\u00e9tique, r\u00e9duction d\u2019impact, recyclage, mobilit\u00e9s propres&#8230;<\/p>\n\n\n\n<p class=\"wp-block-paragraph\"><strong>Volant d\u2019Or de l\u2019engagement RSE<\/strong><\/p>\n\n\n\n<p class=\"wp-block-paragraph\">Pour mettre en lumi\u00e8re les projets \u00e0 port\u00e9e humaine ou sociale : s\u00e9curit\u00e9, inclusion, formation, conditions de travail, implication communautaire&#8230;<\/p>\n\n\n\n<p class=\"wp-block-paragraph\">Ces nouvelles cat\u00e9gories enrichissent un palmar\u00e8s qui compte d\u00e9j\u00e0 <strong>pr\u00e8s de 170 r\u00e9compenses <\/strong>depuis la premi\u00e8re \u00e9dition.<\/p>\n\n\n\n<p class=\"wp-block-paragraph\"><strong>Une exigence \u00e9v\u00e9nementielle renouvel\u00e9e<\/strong><\/p>\n\n\n\n<p class=\"wp-block-paragraph\">La direction artistique, la sc\u00e9nographie et la coordination des Volants d\u2019Or sont assur\u00e9es par<\/p>\n\n\n\n<p class=\"wp-block-paragraph\"><strong>ADCOM Agency<\/strong>, coorganisateur depuis les d\u00e9buts.<\/p>\n\n\n\n<p class=\"wp-block-paragraph\"><br>L\u2019agence assure la coh\u00e9rence visuelle, la communication, la direction cr\u00e9ative et technique ainsi que l\u2019exp\u00e9rience globale de la soir\u00e9e.<\/p>\n\n\n\n<p class=\"wp-block-paragraph\">\u00c0 propos de cette \u00e9dition, <strong>Marwene Bouhawel<\/strong>, responsable d\u2019ADCOM Agency, souligne :<\/p>\n\n\n\n<p class=\"wp-block-paragraph\"><em>\u00ab Les Volants d\u2019Or exigent une pr\u00e9cision \u00e0 la fois artistique et organisationnelle. Notre objectif est d\u2019offrir une exp\u00e9rience fluide, \u00e9l\u00e9gante et parfaitement ma\u00eetris\u00e9e, qui mette en valeur le travail des marques et l\u2019ambition du secteur.<\/em><\/p>\n\n\n\n<p class=\"wp-block-paragraph\"><em>La th\u00e9matique de la mobilit\u00e9 durable nous pousse \u00e0 conjuguer excellence \u00e9v\u00e9nementielle et vision responsable. \u00bb<\/em><\/p>\n\n\n\n<p class=\"wp-block-paragraph\"><strong>TotalEnergies Tunisie, Partenaire Privil\u00e8ge<\/strong><\/p>\n\n\n\n<p class=\"wp-block-paragraph\">Les Volants d\u2019Or sont heureux d\u2019annoncer que <strong>TotalEnergies Tunisie <\/strong>renouvelle sa participation en tant que <strong>partenaire privil\u00e8ge <\/strong>de cette 8e \u00e9dition.<br>Ce partenariat s\u2019inscrit dans la continuit\u00e9 d\u2019un engagement de longue date en faveur de la mobilit\u00e9, de la performance et de l\u2019innovation sur le march\u00e9 tunisien.<\/p>\n\n\n\n<p class=\"wp-block-paragraph\"><strong>Rendez-vous le vendredi 6 f\u00e9vrier 2026<br><br><\/strong><\/p>\n\n\n\n<p class=\"wp-block-paragraph\">La <strong>8e \u00e9dition des Volants d\u2019Or <\/strong>s\u2019annonce comme un moment fort, moderne et inspirant :<\/p>\n\n\n\n<p class=\"wp-block-paragraph\"><strong>C\u00e9l\u00e9brer l\u2019excellence, encourager la responsabilit\u00e9 et construire ensemble une mobilit\u00e9 durable.<\/strong><\/p>\n","protected":false},"excerpt":{"rendered":"<p>Depuis 2018, les Volants d\u2019Or se sont impos\u00e9s comme le rendez-vous annuel incontournable du secteur automobile en Tunisie.Chaque \u00e9dition r\u00e9unit les marques, concessionnaires, institutions, assureurs, m\u00e9dias et passionn\u00e9s pour c\u00e9l\u00e9brer les performances, les innovations et les initiatives qui dynamisent l\u2019ensemble de l\u2019\u00e9cosyst\u00e8me. Organis\u00e9e conjointement par tunisieauto.tn et ADCOM Agency, la 8e \u00e9dition des Volants d\u2019Or [&hellip;]<\/p>\n","protected":false},"author":4,"featured_media":70683,"comment_status":"open","ping_status":"closed","sticky":false,"template":"","format":"standard","meta":{"content-type":"","jnews-multi-image_gallery":[],"jnews_single_post":{"format":"standard"},"jnews_primary_category":[],"jnews_override_bookmark_settings":[],"jnews_review":[],"enable_review":"","type":"","name":"","summary":"","brand":"","sku":"","good":[],"bad":[],"score_override":"","override_value":"","rating":[],"price":[],"jnews_post_split":[],"footnotes":""},"categories":[71],"tags":[17510,15440,14884],"class_list":["post-70682","post","type-post","status-publish","format-standard","has-post-thumbnail","hentry","category-autos-motos-2","tag-adcom-agency","tag-mobilite-durable","tag-volants-dor-2"],"_links":{"self":[{"href":"https:\/\/www.africanchallenges.com\/index.php?rest_route=\/wp\/v2\/posts\/70682","targetHints":{"allow":["GET"]}}],"collection":[{"href":"https:\/\/www.africanchallenges.com\/index.php?rest_route=\/wp\/v2\/posts"}],"about":[{"href":"https:\/\/www.africanchallenges.com\/index.php?rest_route=\/wp\/v2\/types\/post"}],"author":[{"embeddable":true,"href":"https:\/\/www.africanchallenges.com\/index.php?rest_route=\/wp\/v2\/users\/4"}],"replies":[{"embeddable":true,"href":"https:\/\/www.africanchallenges.com\/index.php?rest_route=%2Fwp%2Fv2%2Fcomments&post=70682"}],"version-history":[{"count":1,"href":"https:\/\/www.africanchallenges.com\/index.php?rest_route=\/wp\/v2\/posts\/70682\/revisions"}],"predecessor-version":[{"id":70684,"href":"https:\/\/www.africanchallenges.com\/index.php?rest_route=\/wp\/v2\/posts\/70682\/revisions\/70684"}],"wp:featuredmedia":[{"embeddable":true,"href":"https:\/\/www.africanchallenges.com\/index.php?rest_route=\/wp\/v2\/media\/70683"}],"wp:attachment":[{"href":"https:\/\/www.africanchallenges.com\/index.php?rest_route=%2Fwp%2Fv2%2Fmedia&parent=70682"}],"wp:term":[{"taxonomy":"category","embeddable":true,"href":"https:\/\/www.africanchallenges.com\/index.php?rest_route=%2Fwp%2Fv2%2Fcategories&post=70682"},{"taxonomy":"post_tag","embeddable":true,"href":"https:\/\/www.africanchallenges.com\/index.php?rest_route=%2Fwp%2Fv2%2Ftags&post=70682"}],"curies":[{"name":"wp","href":"https:\/\/api.w.org\/{rel}","templated":true}]}}