{"id":70654,"date":"2026-01-19T21:48:20","date_gmt":"2026-01-19T20:48:20","guid":{"rendered":"https:\/\/www.africanchallenges.com\/?p=70654"},"modified":"2026-01-19T21:48:27","modified_gmt":"2026-01-19T20:48:27","slug":"tunisie-la-ville-de-kasserine-rend-hommage-au-lieutenant-martyr-de-la-securite-marouane-el-kadri-a-travers-linauguration-dun-carrefour-portant-son-nom","status":"publish","type":"post","link":"https:\/\/www.africanchallenges.com\/?p=70654","title":{"rendered":"Tunisie : La ville de Kasserine  rend hommage au \u00a0lieutenant martyr de la s\u00e9curit\u00e9 Marouane El Kadri, \u00e0 travers l\u2019inauguration d\u2019un carrefour portant son nom"},"content":{"rendered":"\n<p class=\"wp-block-paragraph\">La ville de Kasserine a rendu hommage, ce lundi 19 janvier 2026, au &nbsp;lieutenant martyr de la s\u00e9curit\u00e9 Marouane El Kadri, \u00e0 travers l\u2019inauguration d\u2019un carrefour portant son nom. La c\u00e9r\u00e9monie s\u2019est d\u00e9roul\u00e9e en pr\u00e9sence des autorit\u00e9s r\u00e9gionales, de responsables s\u00e9curitaires et de membres de la famille du martyr.<\/p>\n\n\n\n<p class=\"wp-block-paragraph\">Ce geste symbolique vise \u00e0 perp\u00e9tuer la m\u00e9moire du martyr et \u00e0 saluer son engagement au service de la patrie. \u00c0 cette occasion, l\u2019\u00e9pouse de Marouane El Kadri a exprim\u00e9, dans une d\u00e9claration \u00e0 Mosa\u00efque FM, la fiert\u00e9 de la famille face aux sacrifices consentis par le martyr pour la s\u00e9curit\u00e9 du pays.<\/p>\n\n\n\n<p class=\"wp-block-paragraph\">Pour rappel, Marouane El Kadri est tomb\u00e9 en martyr au d\u00e9but du mois de janvier, dans les environs du march\u00e9 hebdomadaire de F\u00e9riana, dans le gouvernorat de Kasserine, alors qu\u2019il faisait face \u00e0 un \u00e9l\u00e9ment terroriste lors d\u2019une op\u00e9ration s\u00e9curitaire.<\/p>\n","protected":false},"excerpt":{"rendered":"<p>La ville de Kasserine a rendu hommage, ce lundi 19 janvier 2026, au &nbsp;lieutenant martyr de la s\u00e9curit\u00e9 Marouane El Kadri, \u00e0 travers l\u2019inauguration d\u2019un carrefour portant son nom. La c\u00e9r\u00e9monie s\u2019est d\u00e9roul\u00e9e en pr\u00e9sence des autorit\u00e9s r\u00e9gionales, de responsables s\u00e9curitaires et de membres de la famille du martyr. Ce geste symbolique vise \u00e0 perp\u00e9tuer [&hellip;]<\/p>\n","protected":false},"author":4,"featured_media":70655,"comment_status":"open","ping_status":"closed","sticky":false,"template":"","format":"standard","meta":{"content-type":"","jnews-multi-image_gallery":[],"jnews_single_post":{"format":"standard"},"jnews_primary_category":[],"jnews_override_bookmark_settings":[],"jnews_review":[],"enable_review":"","type":"","name":"","summary":"","brand":"","sku":"","good":[],"bad":[],"score_override":"","override_value":"","rating":[],"price":[],"jnews_post_split":[],"footnotes":""},"categories":[2],"tags":[602,17495],"class_list":["post-70654","post","type-post","status-publish","format-standard","has-post-thumbnail","hentry","category-news-politique","tag-kasserine","tag-marouane-el-kadri"],"_links":{"self":[{"href":"https:\/\/www.africanchallenges.com\/index.php?rest_route=\/wp\/v2\/posts\/70654","targetHints":{"allow":["GET"]}}],"collection":[{"href":"https:\/\/www.africanchallenges.com\/index.php?rest_route=\/wp\/v2\/posts"}],"about":[{"href":"https:\/\/www.africanchallenges.com\/index.php?rest_route=\/wp\/v2\/types\/post"}],"author":[{"embeddable":true,"href":"https:\/\/www.africanchallenges.com\/index.php?rest_route=\/wp\/v2\/users\/4"}],"replies":[{"embeddable":true,"href":"https:\/\/www.africanchallenges.com\/index.php?rest_route=%2Fwp%2Fv2%2Fcomments&post=70654"}],"version-history":[{"count":2,"href":"https:\/\/www.africanchallenges.com\/index.php?rest_route=\/wp\/v2\/posts\/70654\/revisions"}],"predecessor-version":[{"id":70657,"href":"https:\/\/www.africanchallenges.com\/index.php?rest_route=\/wp\/v2\/posts\/70654\/revisions\/70657"}],"wp:featuredmedia":[{"embeddable":true,"href":"https:\/\/www.africanchallenges.com\/index.php?rest_route=\/wp\/v2\/media\/70655"}],"wp:attachment":[{"href":"https:\/\/www.africanchallenges.com\/index.php?rest_route=%2Fwp%2Fv2%2Fmedia&parent=70654"}],"wp:term":[{"taxonomy":"category","embeddable":true,"href":"https:\/\/www.africanchallenges.com\/index.php?rest_route=%2Fwp%2Fv2%2Fcategories&post=70654"},{"taxonomy":"post_tag","embeddable":true,"href":"https:\/\/www.africanchallenges.com\/index.php?rest_route=%2Fwp%2Fv2%2Ftags&post=70654"}],"curies":[{"name":"wp","href":"https:\/\/api.w.org\/{rel}","templated":true}]}}