{"id":70647,"date":"2026-01-19T20:24:00","date_gmt":"2026-01-19T19:24:00","guid":{"rendered":"https:\/\/www.africanchallenges.com\/?p=70647"},"modified":"2026-01-19T20:24:14","modified_gmt":"2026-01-19T19:24:14","slug":"tunisie-le-ministre-de-la-defense-nationale-en-visite-a-la-direction-generale-de-lhabillement-et-de-la-restauration","status":"publish","type":"post","link":"https:\/\/www.africanchallenges.com\/?p=70647","title":{"rendered":"Tunisie : Le ministre de la D\u00e9fense nationale en  visite \u00e0 la Direction G\u00e9n\u00e9rale de l&rsquo;habillement et de la restauration"},"content":{"rendered":"\n<p class=\"wp-block-paragraph\">Le lundi 19 janvier 2026, M. Khaled Sehili, ministre de la D\u00e9fense Nationale, a r\u00e9alis\u00e9 une visite d&rsquo;inspection \u00e0 la Direction G\u00e9n\u00e9rale de l&rsquo;habillement et de la restauration. Lors de cette visite, il a \u00e9t\u00e9 inform\u00e9 des missions et du r\u00f4le de cette direction dans la satisfaction des besoins des diff\u00e9rentes entit\u00e9s du Minist\u00e8re de la D\u00e9fense nationale, ainsi que dans leur approvisionnement en mati\u00e8re d&rsquo;habillement, de transformation, de restauration et d&rsquo;impression.<\/p>\n\n\n\n<p class=\"wp-block-paragraph\">Le ministre de la D\u00e9fense nationale a \u00e9galement inspect\u00e9 les ateliers de couture et de production ainsi que les ateliers de formation qui leur sont associ\u00e9s, en plus des futurs programmes relatifs \u00e0 l&rsquo;am\u00e9lioration des infrastructures et des espaces de stockage. Il a soulign\u00e9 l&rsquo;importance du r\u00f4le jou\u00e9 par la Direction g\u00e9n\u00e9rale de l&rsquo;habillement et de la restauration dans l&rsquo;optimisation de la pr\u00e9paration op\u00e9rationnelle des unit\u00e9s militaires, en r\u00e9pondant \u00e0 leurs besoins en mati\u00e8re de soutien et d&rsquo;approvisionnement, tout en fournissant une assistance technique aux diff\u00e9rentes structures militaires dans les zones, en raison de leur prise en compte.<\/p>\n\n\n\n<p class=\"wp-block-paragraph\">Il a \u00e9galement visit\u00e9 le centre de formation professionnelle dans les domaines de la cuisine, de la confiserie et des services h\u00f4teliers rattach\u00e9s \u00e0 cette structure, et a reconnu son r\u00f4le dans la modernisation du syst\u00e8me de formation professionnelle militaire ainsi que dans la formation d&rsquo;une main-d&rsquo;\u0153uvre hautement qualifi\u00e9e, r\u00e9pondant ainsi aux exigences du march\u00e9 du travail.<\/p>\n\n\n\n<p class=\"wp-block-paragraph\">Le ministre de la D\u00e9fense nationale a exprim\u00e9 sa reconnaissance envers les efforts d\u00e9ploy\u00e9s par tous les militaires et civils de la Direction g\u00e9n\u00e9rale de l&rsquo;habillement et de l&rsquo;approvisionnement, mettant en avant leur s\u00e9rieux, leur d\u00e9vouement, leur discipline et leur engagement envers la doctrine militaire. Cela vise \u00e0 atteindre une efficacit\u00e9 optimale dans l&rsquo;ex\u00e9cution de leurs missions et \u00e0 am\u00e9liorer leur rentabilit\u00e9. Il les a encourag\u00e9s \u00e0 poursuivre leurs efforts et \u00e0 travailler dans un esprit national \u00e9lev\u00e9, tout en cherchant \u00e0 d\u00e9velopper de nouvelles m\u00e9thodes de travail et \u00e0 se tenir inform\u00e9s des avanc\u00e9es technologiques pour am\u00e9liorer les produits et moderniser le stock strat\u00e9gique de mat\u00e9riel d&rsquo;approvisionnement.<\/p>\n\n\n\n<p class=\"wp-block-paragraph\">Il a \u00e9galement remerci\u00e9 et salu\u00e9 le personnel honorable pour sa contribution \u00e0 l&rsquo;\u00e9tablissement de conditions de travail optimales, gr\u00e2ce \u00e0 un bon encadrement des individus et \u00e0 l&rsquo;\u00e9l\u00e9vation de leur moral, afin de maintenir leur d\u00e9termination \u00e0 d\u00e9fendre et prot\u00e9ger la patrie. Il a soulign\u00e9 la volont\u00e9 du minist\u00e8re de continuer \u00e0 fournir des informations sociales et psychologiques, d&rsquo;\u00e9couter leurs pr\u00e9occupations et de favoriser le d\u00e9veloppement de leurs comp\u00e9tences.<\/p>\n","protected":false},"excerpt":{"rendered":"<p>Le lundi 19 janvier 2026, M. Khaled Sehili, ministre de la D\u00e9fense Nationale, a r\u00e9alis\u00e9 une visite d&rsquo;inspection \u00e0 la Direction G\u00e9n\u00e9rale de l&rsquo;habillement et de la restauration. Lors de cette visite, il a \u00e9t\u00e9 inform\u00e9 des missions et du r\u00f4le de cette direction dans la satisfaction des besoins des diff\u00e9rentes entit\u00e9s du Minist\u00e8re de [&hellip;]<\/p>\n","protected":false},"author":4,"featured_media":70648,"comment_status":"open","ping_status":"closed","sticky":false,"template":"","format":"standard","meta":{"content-type":"","jnews-multi-image_gallery":[],"jnews_single_post":{"format":"standard"},"jnews_primary_category":[],"jnews_override_bookmark_settings":[],"jnews_review":[],"enable_review":"","type":"","name":"","summary":"","brand":"","sku":"","good":[],"bad":[],"score_override":"","override_value":"","rating":[],"price":[],"jnews_post_split":[],"footnotes":""},"categories":[2],"tags":[12948,1190],"class_list":["post-70647","post","type-post","status-publish","format-standard","has-post-thumbnail","hentry","category-news-politique","tag-khaled-sehili","tag-visite"],"_links":{"self":[{"href":"https:\/\/www.africanchallenges.com\/index.php?rest_route=\/wp\/v2\/posts\/70647","targetHints":{"allow":["GET"]}}],"collection":[{"href":"https:\/\/www.africanchallenges.com\/index.php?rest_route=\/wp\/v2\/posts"}],"about":[{"href":"https:\/\/www.africanchallenges.com\/index.php?rest_route=\/wp\/v2\/types\/post"}],"author":[{"embeddable":true,"href":"https:\/\/www.africanchallenges.com\/index.php?rest_route=\/wp\/v2\/users\/4"}],"replies":[{"embeddable":true,"href":"https:\/\/www.africanchallenges.com\/index.php?rest_route=%2Fwp%2Fv2%2Fcomments&post=70647"}],"version-history":[{"count":2,"href":"https:\/\/www.africanchallenges.com\/index.php?rest_route=\/wp\/v2\/posts\/70647\/revisions"}],"predecessor-version":[{"id":70650,"href":"https:\/\/www.africanchallenges.com\/index.php?rest_route=\/wp\/v2\/posts\/70647\/revisions\/70650"}],"wp:featuredmedia":[{"embeddable":true,"href":"https:\/\/www.africanchallenges.com\/index.php?rest_route=\/wp\/v2\/media\/70648"}],"wp:attachment":[{"href":"https:\/\/www.africanchallenges.com\/index.php?rest_route=%2Fwp%2Fv2%2Fmedia&parent=70647"}],"wp:term":[{"taxonomy":"category","embeddable":true,"href":"https:\/\/www.africanchallenges.com\/index.php?rest_route=%2Fwp%2Fv2%2Fcategories&post=70647"},{"taxonomy":"post_tag","embeddable":true,"href":"https:\/\/www.africanchallenges.com\/index.php?rest_route=%2Fwp%2Fv2%2Ftags&post=70647"}],"curies":[{"name":"wp","href":"https:\/\/api.w.org\/{rel}","templated":true}]}}