{"id":70642,"date":"2026-01-19T19:56:13","date_gmt":"2026-01-19T18:56:13","guid":{"rendered":"https:\/\/www.africanchallenges.com\/?p=70642"},"modified":"2026-01-19T19:56:28","modified_gmt":"2026-01-19T18:56:28","slug":"tunisie-le-ministre-de-la-defense-nationale-recoit-le-nouvel-ambassadeur-du-canada-en-tunisie","status":"publish","type":"post","link":"https:\/\/www.africanchallenges.com\/?p=70642","title":{"rendered":"Tunisie : Le ministre de la D\u00e9fense nationale re\u00e7oit le nouvel ambassadeur du Canada en Tunisie"},"content":{"rendered":"\n<p class=\"wp-block-paragraph\">Le vendredi 19 d\u00e9cembre 2025, M. Khaled Sehili, ministre de la D\u00e9fense nationale, a re\u00e7u au si\u00e8ge du minist\u00e8re M. Alexandre Bilodeau, nouvel ambassadeur du Canada en Tunisie. Cette rencontre a \u00e9t\u00e9 l&rsquo;occasion de faire le point sur l&rsquo;\u00e9tat des relations amicales entre les deux pays et d&rsquo;explorer les moyens de renforcer la coop\u00e9ration militaire entre les deux parties.<\/p>\n\n\n\n<p class=\"wp-block-paragraph\">Le ministre a f\u00e9licit\u00e9 son Excellence pour sa nomination, lui souhaitant plein succ\u00e8s dans ses nouvelles fonctions et dans le renforcement des liens d&rsquo;amiti\u00e9 ainsi que le soutien des relations entre la Tunisie et le Canada, bas\u00e9es sur le respect mutuel, la confiance, la convergence des visions et le partage des valeurs de paix et de solidarit\u00e9 internationales.<\/p>\n\n\n\n<p class=\"wp-block-paragraph\">Il a \u00e9galement soulign\u00e9 la solidit\u00e9 des relations entre les deux pays amis, en insistant sur la n\u00e9cessit\u00e9 d&rsquo;am\u00e9liorer la coop\u00e9ration militaire pour \u00e9lever le niveau de collaboration bilat\u00e9rale dans d&rsquo;autres domaines. Cela pourrait se faire par l&rsquo;\u00e9tablissement d&rsquo;un cadre juridique qui r\u00e9gule et renforce ce partenariat, incluant, en plus de la formation et de la participation \u00e0 des forums, de nouveaux domaines de coop\u00e9ration tels que la sant\u00e9 militaire, la recherche et le sauvetage en mer, la lutte contre la migration irr\u00e9guli\u00e8re, la criminalit\u00e9 transfrontali\u00e8re, la traite des \u00eatres humains et la cybers\u00e9curit\u00e9.<\/p>\n\n\n\n<p class=\"wp-block-paragraph\">\u00c0 cette occasion, le ministre de la D\u00e9fense nationale a mis en avant l&rsquo;importance de soutenir des projets de d\u00e9veloppement exemplaires \u00e0 la fois \u00e9conomiques et sociaux dans les zones int\u00e9rieures et d\u00e9sertiques du pays, semblables \u00e0 l&rsquo;exp\u00e9rience de l&rsquo;Arm\u00e9e nationale dans l&rsquo;ach\u00e8vement des projets de MA&rsquo;tuq et de r\u00e9gime modernis\u00e9, ainsi que leur r\u00f4le dans la revitalisation des zones d\u00e9sertiques, le d\u00e9veloppement des ressources en eau, des oasis et des cultures biologiques, la valorisation de la v\u00e9g\u00e9tation d\u00e9sertique, le d\u00e9veloppement des activit\u00e9s commerciales et la cr\u00e9ation d&#8217;emplois pour garantir une vie d\u00e9cente aux habitants de ces r\u00e9gions.<\/p>\n\n\n\n<p class=\"wp-block-paragraph\">Pour sa part, l&rsquo;ambassadeur du Canada a salu\u00e9 la solidit\u00e9 des relations bilat\u00e9rales et le r\u00f4le de la Tunisie en tant que facteur de stabilisation dans la r\u00e9gion, mettant en avant la volont\u00e9 de son pays d&rsquo;\u00e9lever encore le niveau de coop\u00e9ration militaire entre les deux nations amies aux meilleurs niveaux, afin de servir leurs int\u00e9r\u00eats communs dans un climat de respect et de confiance mutuels.<\/p>\n","protected":false},"excerpt":{"rendered":"<p>Le vendredi 19 d\u00e9cembre 2025, M. Khaled Sehili, ministre de la D\u00e9fense nationale, a re\u00e7u au si\u00e8ge du minist\u00e8re M. Alexandre Bilodeau, nouvel ambassadeur du Canada en Tunisie. Cette rencontre a \u00e9t\u00e9 l&rsquo;occasion de faire le point sur l&rsquo;\u00e9tat des relations amicales entre les deux pays et d&rsquo;explorer les moyens de renforcer la coop\u00e9ration militaire [&hellip;]<\/p>\n","protected":false},"author":4,"featured_media":70644,"comment_status":"open","ping_status":"closed","sticky":false,"template":"","format":"standard","meta":{"content-type":"","jnews-multi-image_gallery":[],"jnews_single_post":{"format":"standard"},"jnews_primary_category":[],"jnews_override_bookmark_settings":[],"jnews_review":[],"enable_review":"","type":"","name":"","summary":"","brand":"","sku":"","good":[],"bad":[],"score_override":"","override_value":"","rating":[],"price":[],"jnews_post_split":[],"footnotes":""},"categories":[2],"tags":[17447,12948],"class_list":["post-70642","post","type-post","status-publish","format-standard","has-post-thumbnail","hentry","category-news-politique","tag-alexandre-bilodeau","tag-khaled-sehili"],"_links":{"self":[{"href":"https:\/\/www.africanchallenges.com\/index.php?rest_route=\/wp\/v2\/posts\/70642","targetHints":{"allow":["GET"]}}],"collection":[{"href":"https:\/\/www.africanchallenges.com\/index.php?rest_route=\/wp\/v2\/posts"}],"about":[{"href":"https:\/\/www.africanchallenges.com\/index.php?rest_route=\/wp\/v2\/types\/post"}],"author":[{"embeddable":true,"href":"https:\/\/www.africanchallenges.com\/index.php?rest_route=\/wp\/v2\/users\/4"}],"replies":[{"embeddable":true,"href":"https:\/\/www.africanchallenges.com\/index.php?rest_route=%2Fwp%2Fv2%2Fcomments&post=70642"}],"version-history":[{"count":2,"href":"https:\/\/www.africanchallenges.com\/index.php?rest_route=\/wp\/v2\/posts\/70642\/revisions"}],"predecessor-version":[{"id":70646,"href":"https:\/\/www.africanchallenges.com\/index.php?rest_route=\/wp\/v2\/posts\/70642\/revisions\/70646"}],"wp:featuredmedia":[{"embeddable":true,"href":"https:\/\/www.africanchallenges.com\/index.php?rest_route=\/wp\/v2\/media\/70644"}],"wp:attachment":[{"href":"https:\/\/www.africanchallenges.com\/index.php?rest_route=%2Fwp%2Fv2%2Fmedia&parent=70642"}],"wp:term":[{"taxonomy":"category","embeddable":true,"href":"https:\/\/www.africanchallenges.com\/index.php?rest_route=%2Fwp%2Fv2%2Fcategories&post=70642"},{"taxonomy":"post_tag","embeddable":true,"href":"https:\/\/www.africanchallenges.com\/index.php?rest_route=%2Fwp%2Fv2%2Ftags&post=70642"}],"curies":[{"name":"wp","href":"https:\/\/api.w.org\/{rel}","templated":true}]}}