{"id":70596,"date":"2026-01-19T10:33:32","date_gmt":"2026-01-19T09:33:32","guid":{"rendered":"https:\/\/www.africanchallenges.com\/?p=70596"},"modified":"2026-01-19T10:36:33","modified_gmt":"2026-01-19T09:36:33","slug":"tunisie-le-centre-des-arts-de-la-culture-et-des-lettres-cacl-ksar-said-organise-un-colloque-international-sur-les-dynamiques-du-patrimoine-immateriel-regional","status":"publish","type":"post","link":"https:\/\/www.africanchallenges.com\/?p=70596","title":{"rendered":"Tunisie : Le Centre des Arts, de la Culture et des Lettres (CACL) \u00ab Ksar Sa\u00efd \u00bb\u00a0 organise un colloque international sur les dynamiques du patrimoine immat\u00e9riel r\u00e9gional, les 8 et 9 mai"},"content":{"rendered":"\n<p class=\"wp-block-paragraph\">Le Centre des arts, de la culture et des lettres (Cacl), situ\u00e9 au palais Ksar-Said, en collaboration avec le Laboratoire du monde arabe et islamique m\u00e9di\u00e9val de l\u2019Universit\u00e9 de Tunis ainsi que la Chaire Ibn Khaldoun pour la culture et le patrimoine (ICESCO), organise un colloque scientifique international les 8 et 9 mai 2026, intitul\u00e9 \u00ab Les r\u00e9gions et le patrimoine culturel immat\u00e9riel : dynamiques, enjeux et perspectives \u00bb.<\/p>\n\n\n\n<p class=\"wp-block-paragraph\">Ce colloque repr\u00e9sente une opportunit\u00e9 de souligner l&rsquo;importance de la r\u00e9gion comme un espace fondamental pour la production, la transmission et le renouvellement du patrimoine immat\u00e9riel. Elle constitue un niveau d&rsquo;expression privil\u00e9gi\u00e9 o\u00f9 se manifestent des formes culturelles sp\u00e9cifiques, issues d&rsquo;histoires locales, de relations singuli\u00e8res \u00e0 l&rsquo;espace et de parcours sociaux vari\u00e9s. Les dialectes, les traditions orales, les expressions musicales, les rituels, les f\u00eates, les pratiques artisanales et les savoirs li\u00e9s \u00e0 la nature trouvent dans les r\u00e9gions leurs racines les plus profondes et leurs formes les plus vari\u00e9es.<\/p>\n\n\n\n<p class=\"wp-block-paragraph\">Cependant, loin de contredire l&rsquo;\u00e9chelle nationale, cette diversit\u00e9 r\u00e9gionale en est l&rsquo;une des richesses majeures. Le patrimoine immat\u00e9riel r\u00e9gional contribue pleinement \u00e0 l&rsquo;\u00e9dification du patrimoine culturel national, qu&rsquo;il enrichit par sa pluralit\u00e9, sa cr\u00e9ativit\u00e9 et sa capacit\u00e9 d&rsquo;adaptation. La mise en valeur des patrimoines r\u00e9gionaux appara\u00eet donc comme une condition essentielle pour une reconnaissance plus \u00e9quilibr\u00e9e, plus inclusive et plus repr\u00e9sentative de l&rsquo;identit\u00e9 culturelle nationale dans toute sa complexit\u00e9.<\/p>\n\n\n\n<p class=\"wp-block-paragraph\">Le colloque vise \u00e0 mettre en lumi\u00e8re ce patrimoine immat\u00e9riel r\u00e9gional \u00e0 l&rsquo;\u00e9chelle nationale, en exposant la diversit\u00e9 des exp\u00e9riences, des initiatives et des savoir-faire issus des r\u00e9gions. Il s&rsquo;agit de d\u00e9passer une vision centralis\u00e9e du patrimoine, souvent r\u00e9ductrice, afin de faire \u00e9merger une lecture polyphonique du fait culturel, attentive aux dynamiques locales et aux logiques territoriales.<\/p>\n\n\n\n<p class=\"wp-block-paragraph\">Cet \u00e9v\u00e9nement portera \u00e9galement sur le r\u00f4le des collectivit\u00e9s territoriales, des institutions culturelles, du tissu associatif, des porteurs de traditions et des chercheurs dans l&rsquo;\u00e9laboration de d\u00e9marches concert\u00e9es de valorisation.<\/p>\n\n\n\n<p class=\"wp-block-paragraph\">Con\u00e7u comme un espace de dialogue interdisciplinaire, le colloque vise \u00e0 encourager l&rsquo;\u00e9change d&rsquo;exp\u00e9riences r\u00e9gionales et la mise en r\u00e9seau des acteurs, dans le but de contribuer \u00e0 une r\u00e9flexion renouvel\u00e9e sur le patrimoine culturel immat\u00e9riel en tant que levier de coh\u00e9sion nationale, d&rsquo;ancrage territorial et de d\u00e9veloppement culturel durable.<\/p>\n","protected":false},"excerpt":{"rendered":"<p>Le Centre des arts, de la culture et des lettres (Cacl), situ\u00e9 au palais Ksar-Said, en collaboration avec le Laboratoire du monde arabe et islamique m\u00e9di\u00e9val de l\u2019Universit\u00e9 de Tunis ainsi que la Chaire Ibn Khaldoun pour la culture et le patrimoine (ICESCO), organise un colloque scientifique international les 8 et 9 mai 2026, intitul\u00e9 [&hellip;]<\/p>\n","protected":false},"author":4,"featured_media":70597,"comment_status":"open","ping_status":"closed","sticky":false,"template":"","format":"standard","meta":{"content-type":"","jnews-multi-image_gallery":[],"jnews_single_post":{"format":"standard"},"jnews_primary_category":[],"jnews_override_bookmark_settings":[],"jnews_review":[],"enable_review":"","type":"","name":"","summary":"","brand":"","sku":"","good":[],"bad":[],"score_override":"","override_value":"","rating":[],"price":[],"jnews_post_split":[],"footnotes":""},"categories":[17],"tags":[16850,1260,17480,17481,54],"class_list":["post-70596","post","type-post","status-publish","format-standard","has-post-thumbnail","hentry","category-entertainment","tag-centre-des-arts","tag-colloque-international","tag-de-la-culture-et-des-lettres","tag-patrimoine-immateriel-regional","tag-tunisie"],"_links":{"self":[{"href":"https:\/\/www.africanchallenges.com\/index.php?rest_route=\/wp\/v2\/posts\/70596","targetHints":{"allow":["GET"]}}],"collection":[{"href":"https:\/\/www.africanchallenges.com\/index.php?rest_route=\/wp\/v2\/posts"}],"about":[{"href":"https:\/\/www.africanchallenges.com\/index.php?rest_route=\/wp\/v2\/types\/post"}],"author":[{"embeddable":true,"href":"https:\/\/www.africanchallenges.com\/index.php?rest_route=\/wp\/v2\/users\/4"}],"replies":[{"embeddable":true,"href":"https:\/\/www.africanchallenges.com\/index.php?rest_route=%2Fwp%2Fv2%2Fcomments&post=70596"}],"version-history":[{"count":2,"href":"https:\/\/www.africanchallenges.com\/index.php?rest_route=\/wp\/v2\/posts\/70596\/revisions"}],"predecessor-version":[{"id":70600,"href":"https:\/\/www.africanchallenges.com\/index.php?rest_route=\/wp\/v2\/posts\/70596\/revisions\/70600"}],"wp:featuredmedia":[{"embeddable":true,"href":"https:\/\/www.africanchallenges.com\/index.php?rest_route=\/wp\/v2\/media\/70597"}],"wp:attachment":[{"href":"https:\/\/www.africanchallenges.com\/index.php?rest_route=%2Fwp%2Fv2%2Fmedia&parent=70596"}],"wp:term":[{"taxonomy":"category","embeddable":true,"href":"https:\/\/www.africanchallenges.com\/index.php?rest_route=%2Fwp%2Fv2%2Fcategories&post=70596"},{"taxonomy":"post_tag","embeddable":true,"href":"https:\/\/www.africanchallenges.com\/index.php?rest_route=%2Fwp%2Fv2%2Ftags&post=70596"}],"curies":[{"name":"wp","href":"https:\/\/api.w.org\/{rel}","templated":true}]}}