{"id":70522,"date":"2026-01-15T19:40:43","date_gmt":"2026-01-15T18:40:43","guid":{"rendered":"https:\/\/www.africanchallenges.com\/?p=70522"},"modified":"2026-01-15T19:46:37","modified_gmt":"2026-01-15T18:46:37","slug":"tunisie-lagence-de-promotion-des-investissements-agricoles-annonce-le-lancement-de-lappel-a-projets-2006-financements-climatiques-du-fonds-vert-pour-le-climat-fvc-gcf","status":"publish","type":"post","link":"https:\/\/www.africanchallenges.com\/?p=70522","title":{"rendered":"Tunisie : L&rsquo;Agence de Promotion des Investissements Agricoles annonce le lancement de l&rsquo;Appel \u00e0 projets 2006-Financements climatiques du Fonds Vert pour le Climat (FVC \/ GCF)"},"content":{"rendered":"\n<p class=\"wp-block-paragraph\"> Dans le cadre de la mise en \u0153uvre de la politique nationale de lutte contre les changements climatiques, et en tant que Nouvelle Entit\u00e9 Accr\u00e9dit\u00e9e (AE) aupr\u00e8s du Fonds Vert pour le Climat, l\u2019Agence de Promotion des Investissements Agricoles annonce le lancement d\u2019un Appel \u00e0 Projets 2026, b\u00e9n\u00e9ficiant de l\u2019appui financier du Fonds Vert pour le Climat (FVC \/ Green Climate Fund \u2013 GCF).<\/p>\n\n\n\n<p class=\"wp-block-paragraph\"><strong>Objectifs de l\u2019appel \u00e0 projets<\/strong><\/p>\n\n\n\n<p class=\"wp-block-paragraph\">Cet appel vise \u00e0 soutenir des projets et programmes climatiques, port\u00e9s par des acteurs publics et priv\u00e9s, contribuant            notamment \u00e0 :<\/p>\n\n\n\n<p class=\"wp-block-paragraph\">-L\u2019att\u00e9nuation des \u00e9missions de gaz \u00e0 effet de serre ;<\/p>\n\n\n\n<p class=\"wp-block-paragraph\">&#8211; L\u2019adaptation aux impacts des changements climatiques, dans les secteurs agricole, agroalimentaire et de la p\u00eache<\/p>\n\n\n\n<p class=\"wp-block-paragraph\">&#8211; Les projets soumis devront \u00eatre align\u00e9s avec les priorit\u00e9s nationales de la Tunisie en mati\u00e8re de climat, ainsi qu\u2019avec les exigences environnementales, sociales et de gouvernance du Fonds Vert pour le Climat.<\/p>\n\n\n\n<p class=\"wp-block-paragraph\">Les conditions de participation, les crit\u00e8res de s\u00e9lection ainsi que les d\u00e9lais de soumission sont d\u00e9taill\u00e9s dans les documents de l\u2019appel \u00e0 projets ci-joints, accessibles via les liens indiqu\u00e9s:<\/p>\n\n\n\n<p class=\"wp-block-paragraph\"><a href=\"https:\/\/www.apia.com.tn\/...\/Appel-Projets-Adaptation.pdf\">https:\/\/www.apia.com.tn\/&#8230;\/Appel-Projets-Adaptation.pdf<\/a><\/p>\n\n\n\n<p class=\"wp-block-paragraph\"><a href=\"https:\/\/www.apia.com.tn\/...\/2026\/APPEL-PROJETS-Peche.pdf\">https:\/\/www.apia.com.tn\/&#8230;\/2026\/APPEL-PROJETS-Peche.pdf<\/a><\/p>\n\n\n\n<p class=\"wp-block-paragraph\"><a href=\"https:\/\/www.apia.com.tn\/...\/2026\/Appel-projets-fientes.pdf\">https:\/\/www.apia.com.tn\/&#8230;\/2026\/Appel-projets-fientes.pdf<\/a><\/p>\n\n\n\n<p class=\"wp-block-paragraph\"><a href=\"https:\/\/www.apia.com.tn\/...\/2026\/Appel-Projets-margine.pdf\">https:\/\/www.apia.com.tn\/&#8230;\/2026\/Appel-Projets-margine.pdf<\/a><\/p>\n\n\n\n<p class=\"wp-block-paragraph\"><a href=\"https:\/\/www.apia.com.tn\/...\/act...\/2026\/Fiche-Projet-fvc.pdf\">https:\/\/www.apia.com.tn\/&#8230;\/act&#8230;\/2026\/Fiche-Projet-fvc.pdf<\/a><\/p>\n","protected":false},"excerpt":{"rendered":"<p>Dans le cadre de la mise en \u0153uvre de la politique nationale de lutte contre les changements climatiques, et en tant que Nouvelle Entit\u00e9 Accr\u00e9dit\u00e9e (AE) aupr\u00e8s du Fonds Vert pour le Climat, l\u2019Agence de Promotion des Investissements Agricoles annonce le lancement d\u2019un Appel \u00e0 Projets 2026, b\u00e9n\u00e9ficiant de l\u2019appui financier du Fonds Vert pour [&hellip;]<\/p>\n","protected":false},"author":4,"featured_media":70523,"comment_status":"open","ping_status":"closed","sticky":false,"template":"","format":"standard","meta":{"content-type":"","jnews-multi-image_gallery":[],"jnews_single_post":{"format":"standard"},"jnews_primary_category":[],"jnews_override_bookmark_settings":[],"jnews_review":[],"enable_review":"","type":"","name":"","summary":"","brand":"","sku":"","good":[],"bad":[],"score_override":"","override_value":"","rating":[],"price":[],"jnews_post_split":[],"footnotes":""},"categories":[43,73],"tags":[1449,9132,17456],"class_list":["post-70522","post","type-post","status-publish","format-standard","has-post-thumbnail","hentry","category-eco-business","category-eco","tag-apia","tag-appel-a-projets","tag-fonds-vert-pour-le-climat"],"_links":{"self":[{"href":"https:\/\/www.africanchallenges.com\/index.php?rest_route=\/wp\/v2\/posts\/70522","targetHints":{"allow":["GET"]}}],"collection":[{"href":"https:\/\/www.africanchallenges.com\/index.php?rest_route=\/wp\/v2\/posts"}],"about":[{"href":"https:\/\/www.africanchallenges.com\/index.php?rest_route=\/wp\/v2\/types\/post"}],"author":[{"embeddable":true,"href":"https:\/\/www.africanchallenges.com\/index.php?rest_route=\/wp\/v2\/users\/4"}],"replies":[{"embeddable":true,"href":"https:\/\/www.africanchallenges.com\/index.php?rest_route=%2Fwp%2Fv2%2Fcomments&post=70522"}],"version-history":[{"count":1,"href":"https:\/\/www.africanchallenges.com\/index.php?rest_route=\/wp\/v2\/posts\/70522\/revisions"}],"predecessor-version":[{"id":70524,"href":"https:\/\/www.africanchallenges.com\/index.php?rest_route=\/wp\/v2\/posts\/70522\/revisions\/70524"}],"wp:featuredmedia":[{"embeddable":true,"href":"https:\/\/www.africanchallenges.com\/index.php?rest_route=\/wp\/v2\/media\/70523"}],"wp:attachment":[{"href":"https:\/\/www.africanchallenges.com\/index.php?rest_route=%2Fwp%2Fv2%2Fmedia&parent=70522"}],"wp:term":[{"taxonomy":"category","embeddable":true,"href":"https:\/\/www.africanchallenges.com\/index.php?rest_route=%2Fwp%2Fv2%2Fcategories&post=70522"},{"taxonomy":"post_tag","embeddable":true,"href":"https:\/\/www.africanchallenges.com\/index.php?rest_route=%2Fwp%2Fv2%2Ftags&post=70522"}],"curies":[{"name":"wp","href":"https:\/\/api.w.org\/{rel}","templated":true}]}}