{"id":70467,"date":"2026-01-14T18:43:11","date_gmt":"2026-01-14T17:43:11","guid":{"rendered":"https:\/\/www.africanchallenges.com\/?p=70467"},"modified":"2026-01-14T18:43:25","modified_gmt":"2026-01-14T17:43:25","slug":"tunisie-france-renforcement-de-la-cooperation-economique-et-de-developpement-tuniso-francaise","status":"publish","type":"post","link":"https:\/\/www.africanchallenges.com\/?p=70467","title":{"rendered":"Tunisie-France : renforcement de la coop\u00e9ration \u00e9conomique et de d\u00e9veloppement\u00a0tuniso-fran\u00e7aise"},"content":{"rendered":"\n<p class=\"wp-block-paragraph\">M. Mohamed Ben Ayed, Secr\u00e9taire d\u2019\u00c9tat aupr\u00e8s du Ministre des Affaires Etrang\u00e8res, de la Migration et des Tunisiens \u00e0 l\u2019Etranger, a re\u00e7u, le mercredi 14 janvier 2026, au si\u00e8ge du Minist\u00e8re, Mme Anne Gu\u00e9guen, Ambassadrice de France en Tunisie.<\/p>\n\n\n\n<p class=\"wp-block-paragraph\">Cette rencontre a \u00e9t\u00e9 l\u2019occasion de r\u00e9affirmer la solidit\u00e9 des liens unissant les deux pays, ainsi que les opportunit\u00e9s offertes pour consolider ces relations et les hisser \u00e0 des niveaux sup\u00e9rieurs dans divers domaines, notamment au niveau \u00e9conomiques et de d\u00e9veloppement, sur la base du respect mutuel et de l\u2019int\u00e9r\u00eat commun.<\/p>\n\n\n\n<p class=\"wp-block-paragraph\">Dans ce cadre, les prochaines \u00e9ch\u00e9ances bilat\u00e9rales ont \u00e9t\u00e9 pass\u00e9es en revue, ainsi que les moyens d\u2019en assurer une pr\u00e9paration rigoureuse et le plein succ\u00e8s.<\/p>\n\n\n\n<p class=\"wp-block-paragraph\"><\/p>\n","protected":false},"excerpt":{"rendered":"<p>M. Mohamed Ben Ayed, Secr\u00e9taire d\u2019\u00c9tat aupr\u00e8s du Ministre des Affaires Etrang\u00e8res, de la Migration et des Tunisiens \u00e0 l\u2019Etranger, a re\u00e7u, le mercredi 14 janvier 2026, au si\u00e8ge du Minist\u00e8re, Mme Anne Gu\u00e9guen, Ambassadrice de France en Tunisie. Cette rencontre a \u00e9t\u00e9 l\u2019occasion de r\u00e9affirmer la solidit\u00e9 des liens unissant les deux pays, ainsi [&hellip;]<\/p>\n","protected":false},"author":4,"featured_media":70468,"comment_status":"open","ping_status":"closed","sticky":false,"template":"","format":"standard","meta":{"content-type":"","jnews-multi-image_gallery":[],"jnews_single_post":{"format":"standard"},"jnews_primary_category":[],"jnews_override_bookmark_settings":[],"jnews_review":[],"enable_review":"","type":"","name":"","summary":"","brand":"","sku":"","good":[],"bad":[],"score_override":"","override_value":"","rating":[],"price":[],"jnews_post_split":[],"footnotes":""},"categories":[43,73],"tags":[11523,298],"class_list":["post-70467","post","type-post","status-publish","format-standard","has-post-thumbnail","hentry","category-eco-business","category-eco","tag-anne-gueguen-2","tag-cooperation"],"_links":{"self":[{"href":"https:\/\/www.africanchallenges.com\/index.php?rest_route=\/wp\/v2\/posts\/70467","targetHints":{"allow":["GET"]}}],"collection":[{"href":"https:\/\/www.africanchallenges.com\/index.php?rest_route=\/wp\/v2\/posts"}],"about":[{"href":"https:\/\/www.africanchallenges.com\/index.php?rest_route=\/wp\/v2\/types\/post"}],"author":[{"embeddable":true,"href":"https:\/\/www.africanchallenges.com\/index.php?rest_route=\/wp\/v2\/users\/4"}],"replies":[{"embeddable":true,"href":"https:\/\/www.africanchallenges.com\/index.php?rest_route=%2Fwp%2Fv2%2Fcomments&post=70467"}],"version-history":[{"count":1,"href":"https:\/\/www.africanchallenges.com\/index.php?rest_route=\/wp\/v2\/posts\/70467\/revisions"}],"predecessor-version":[{"id":70469,"href":"https:\/\/www.africanchallenges.com\/index.php?rest_route=\/wp\/v2\/posts\/70467\/revisions\/70469"}],"wp:featuredmedia":[{"embeddable":true,"href":"https:\/\/www.africanchallenges.com\/index.php?rest_route=\/wp\/v2\/media\/70468"}],"wp:attachment":[{"href":"https:\/\/www.africanchallenges.com\/index.php?rest_route=%2Fwp%2Fv2%2Fmedia&parent=70467"}],"wp:term":[{"taxonomy":"category","embeddable":true,"href":"https:\/\/www.africanchallenges.com\/index.php?rest_route=%2Fwp%2Fv2%2Fcategories&post=70467"},{"taxonomy":"post_tag","embeddable":true,"href":"https:\/\/www.africanchallenges.com\/index.php?rest_route=%2Fwp%2Fv2%2Ftags&post=70467"}],"curies":[{"name":"wp","href":"https:\/\/api.w.org\/{rel}","templated":true}]}}