{"id":70314,"date":"2026-01-09T14:28:45","date_gmt":"2026-01-09T13:28:45","guid":{"rendered":"https:\/\/www.africanchallenges.com\/?p=70314"},"modified":"2026-01-09T14:28:46","modified_gmt":"2026-01-09T13:28:46","slug":"22e-session-extraordinaire-du-conseil-des-ministres-des-affaires-etrangeres-des-etats-membres-de-lorganisation-de-la-cooperation-islamique-consacree-a-lexamen-de-levolution","status":"publish","type":"post","link":"https:\/\/www.africanchallenges.com\/?p=70314","title":{"rendered":"22\u00e8 session extraordinaire du Conseil des Ministres des Affaires Etrang\u00e8res des \u00c9tats Membres de l\u2019Organisation de la Coop\u00e9ration Islamique, consacr\u00e9e \u00e0 l\u2019examen de l\u2019\u00e9volution de la situation dans la R\u00e9publique F\u00e9d\u00e9rale de Somalie,  le 10 janvier  \u00e0 Djeddah"},"content":{"rendered":"\n<p class=\"wp-block-paragraph\">Sur instruction de Son Excellence le Pr\u00e9sident de la R\u00e9publique, Monsieur Ka\u00efs Sa\u00efed, le Ministre des Affaires Etrang\u00e8res, de la Migration et des Tunisiens \u00e0 l\u2019Etranger, M. Mohamed Ali Nafti, participe \u00e0 la session extraordinaire (22e) du Conseil des Ministres des Affaires Etrang\u00e8res des \u00c9tats Membres de l\u2019Organisation de la Coop\u00e9ration Islamique, consacr\u00e9e \u00e0 l\u2019examen de l\u2019\u00e9volution de la situation dans la R\u00e9publique F\u00e9d\u00e9rale de Somalie, et ce le 10 janvier 2026 \u00e0 Djeddah.<\/p>\n\n\n\n<p class=\"wp-block-paragraph\">La r\u00e9union examinera les derniers d\u00e9veloppements de la situation dans la R\u00e9publique F\u00e9d\u00e9rale de Somalie, pays fr\u00e8re, \u00e0 la suite de la reconnaissance par l\u2019entit\u00e9 sioniste de la r\u00e9gion dite du \u00ab Somaliland \u00bb en tant qu\u2019\u00c9tat ind\u00e9pendant, ainsi que la poursuite de l\u2019agression sioniste contre le peuple palestinien fr\u00e8re et les plans d\u2019annexion et de d\u00e9placement forc\u00e9 de sa population hors de sa terre.<\/p>\n\n\n\n<p class=\"wp-block-paragraph\">En marge de cette r\u00e9union, M. le Ministre tiendra \u00e9galement des entretiens avec ses homologues de plusieurs pays islamiques afin d\u2019examiner les relations de coop\u00e9ration bilat\u00e9rale liant la Tunisie \u00e0 ces pays et les possibilit\u00e9s de les d\u00e9velopper, outre les questions r\u00e9gionales et internationales d\u2019int\u00e9r\u00eat commun.<\/p>\n","protected":false},"excerpt":{"rendered":"<p>Sur instruction de Son Excellence le Pr\u00e9sident de la R\u00e9publique, Monsieur Ka\u00efs Sa\u00efed, le Ministre des Affaires Etrang\u00e8res, de la Migration et des Tunisiens \u00e0 l\u2019Etranger, M. Mohamed Ali Nafti, participe \u00e0 la session extraordinaire (22e) du Conseil des Ministres des Affaires Etrang\u00e8res des \u00c9tats Membres de l\u2019Organisation de la Coop\u00e9ration Islamique, consacr\u00e9e \u00e0 l\u2019examen [&hellip;]<\/p>\n","protected":false},"author":4,"featured_media":20675,"comment_status":"open","ping_status":"closed","sticky":false,"template":"","format":"standard","meta":{"content-type":"","jnews-multi-image_gallery":[],"jnews_single_post":{"format":"standard"},"jnews_primary_category":[],"jnews_override_bookmark_settings":[],"jnews_review":[],"enable_review":"","type":"","name":"","summary":"","brand":"","sku":"","good":[],"bad":[],"score_override":"","override_value":"","rating":[],"price":[],"jnews_post_split":[],"footnotes":""},"categories":[2],"tags":[17378,10220,17379,1035],"class_list":["post-70314","post","type-post","status-publish","format-standard","has-post-thumbnail","hentry","category-news-politique","tag-conseil-des-ministres-des-affaires-etrangeres-des-etats-membres-de-lorganisation-de-la-cooperation-islamique","tag-djeddah","tag-republique-federale-de-somalie","tag-situation"],"_links":{"self":[{"href":"https:\/\/www.africanchallenges.com\/index.php?rest_route=\/wp\/v2\/posts\/70314","targetHints":{"allow":["GET"]}}],"collection":[{"href":"https:\/\/www.africanchallenges.com\/index.php?rest_route=\/wp\/v2\/posts"}],"about":[{"href":"https:\/\/www.africanchallenges.com\/index.php?rest_route=\/wp\/v2\/types\/post"}],"author":[{"embeddable":true,"href":"https:\/\/www.africanchallenges.com\/index.php?rest_route=\/wp\/v2\/users\/4"}],"replies":[{"embeddable":true,"href":"https:\/\/www.africanchallenges.com\/index.php?rest_route=%2Fwp%2Fv2%2Fcomments&post=70314"}],"version-history":[{"count":1,"href":"https:\/\/www.africanchallenges.com\/index.php?rest_route=\/wp\/v2\/posts\/70314\/revisions"}],"predecessor-version":[{"id":70315,"href":"https:\/\/www.africanchallenges.com\/index.php?rest_route=\/wp\/v2\/posts\/70314\/revisions\/70315"}],"wp:featuredmedia":[{"embeddable":true,"href":"https:\/\/www.africanchallenges.com\/index.php?rest_route=\/wp\/v2\/media\/20675"}],"wp:attachment":[{"href":"https:\/\/www.africanchallenges.com\/index.php?rest_route=%2Fwp%2Fv2%2Fmedia&parent=70314"}],"wp:term":[{"taxonomy":"category","embeddable":true,"href":"https:\/\/www.africanchallenges.com\/index.php?rest_route=%2Fwp%2Fv2%2Fcategories&post=70314"},{"taxonomy":"post_tag","embeddable":true,"href":"https:\/\/www.africanchallenges.com\/index.php?rest_route=%2Fwp%2Fv2%2Ftags&post=70314"}],"curies":[{"name":"wp","href":"https:\/\/api.w.org\/{rel}","templated":true}]}}