{"id":70222,"date":"2025-12-30T12:43:08","date_gmt":"2025-12-30T11:43:08","guid":{"rendered":"https:\/\/www.africanchallenges.com\/?p=70222"},"modified":"2025-12-30T12:57:13","modified_gmt":"2025-12-30T11:57:13","slug":"tunisie-le-chef-de-letat-denonce-la-situation-actuelle-dans-le-secteur-du-transport-aerien-qui-est-totalement-inacceptable","status":"publish","type":"post","link":"https:\/\/www.africanchallenges.com\/?p=70222","title":{"rendered":"Tunisie : Le chef de l&rsquo;Etat d\u00e9nonce  la situation actuelle dans le secteur du transport a\u00e9rien qui est totalement inacceptable"},"content":{"rendered":"\n<p class=\"wp-block-paragraph\">Lors d&rsquo;un entretien qui s&rsquo;est tenu le lundi 29 d\u00e9cembre 2025 avec Rachid Amri, ministre du Transport, Ka\u00efs Sa\u00efed a d\u00e9clar\u00e9 que la situation actuelle dans le secteur du transport a\u00e9rien est totalement inacceptable. Il a mis en avant que \u00ab les retards de d\u00e9part des avions ont r\u00e9cemment atteint, dans un pays donn\u00e9, jusqu&rsquo;\u00e0 cinq jours. De plus, les retards dans les horaires de d\u00e9part, que ce soit dans les a\u00e9roports tunisiens ou \u00e0 l&rsquo;\u00e9tranger, sont inacceptables selon tous les crit\u00e8res \u00bb. Il a appel\u00e9 \u00e0 mettre fin imm\u00e9diatement \u00e0 toutes ces d\u00e9faillances et \u00e0 faire en sorte que ceux qui en sont responsables assument pleinement leurs actes.<\/p>\n\n\n\n<p class=\"wp-block-paragraph\">Le chef de l&rsquo;\u00c9tat a soulign\u00e9 qu&rsquo;il n&rsquo;est pas question de \u00ab renoncer \u00e0 nos institutions et \u00e0 nos \u00e9tablissements publics \u00bb, rappelant que la compagnie Tunisair \u00e9tait autrefois une source de fiert\u00e9 parmi les entreprises publiques. \u00ab La situation actuelle n&rsquo;est pas le fruit du hasard, mais le r\u00e9sultat d&rsquo;une s\u00e9rie d&rsquo;arrangements visant \u00e0 s&rsquo;en d\u00e9faire \u00bb.<\/p>\n\n\n\n<p class=\"wp-block-paragraph\">La r\u00e9union a \u00e9galement abord\u00e9 le secteur du transport terrestre, en particulier la date d&rsquo;arriv\u00e9e du prochain lot d&rsquo;autobus, dont une premi\u00e8re tranche de 136 bus sera r\u00e9ceptionn\u00e9e avant la livraison du lot suivant, \u00ab afin de mettre un terme aux souffrances des citoyens en mati\u00e8re de d\u00e9placement, tant \u00e0 l&rsquo;int\u00e9rieur des villes qu&rsquo;entre les r\u00e9gions \u00bb. Dans ce contexte, le pr\u00e9sident a soulign\u00e9 l&rsquo;importance d&rsquo;assurer l&rsquo;entretien et la maintenance de ces autobus et de les r\u00e9partir \u00e9quitablement entre les r\u00e9gions, selon des crit\u00e8res clairs. Il a \u00e9galement insist\u00e9 sur la n\u00e9cessit\u00e9 de renforcer, dans les plus brefs d\u00e9lais, le parc du m\u00e9tro l\u00e9ger avec de nouvelles rames.<\/p>\n\n\n\n<p class=\"wp-block-paragraph\">Par ailleurs, le pr\u00e9sident de la R\u00e9publique a mentionn\u00e9 le secteur du transport maritime, \u00ab qui a r\u00e9cemment \u00e9t\u00e9 le th\u00e9\u00e2tre d&rsquo;actes de sabotage d\u00e9lib\u00e9r\u00e9s, sans pr\u00e9c\u00e9dent, alors qu&rsquo;aucun navire n&rsquo;aurait d\u00fb appareiller sans avoir subi tous les contr\u00f4les techniques n\u00e9cessaires \u00bb.<\/p>\n\n\n\n<p class=\"wp-block-paragraph\">Ka\u00efs Sa\u00efed a \u00e9galement soulign\u00e9 que \u00ab la Tunisie s&rsquo;engage r\u00e9solument dans la reconstruction de ces infrastructures publiques essentielles, apr\u00e8s qu&rsquo;elles ont \u00e9t\u00e9 presque d\u00e9truites et qu&rsquo;elles ont \u00e9t\u00e9 le th\u00e9\u00e2tre d&rsquo;actes de corruption visant \u00e0 justifier leur cession \u00bb. Il a estim\u00e9 que la fourniture d&rsquo;un transport ad\u00e9quat constitue un droit naturel relevant des droits de l&rsquo;Homme, et non un simple droit inscrit dans la Constitution ou dans certaines conventions internationales.<\/p>\n\n\n\n<p class=\"wp-block-paragraph\">Le chef de l&rsquo;\u00c9tat a conclu en r\u00e9affirmant que ces infrastructures seront reconstruites et que le citoyen obtiendra ses droits partout. \u00ab En ce qui concerne les corrupteurs qui ont sem\u00e9 la corruption dans l&rsquo;ensemble des \u00e9tablissements publics, le peuple tunisien est en droit de leur demander des comptes, car ils n&rsquo;ont pas seulement port\u00e9 atteinte aux deniers publics, mais aussi aux droits humains du peuple.<\/p>\n","protected":false},"excerpt":{"rendered":"<p>Lors d&rsquo;un entretien qui s&rsquo;est tenu le lundi 29 d\u00e9cembre 2025 avec Rachid Amri, ministre du Transport, Ka\u00efs Sa\u00efed a d\u00e9clar\u00e9 que la situation actuelle dans le secteur du transport a\u00e9rien est totalement inacceptable. Il a mis en avant que \u00ab les retards de d\u00e9part des avions ont r\u00e9cemment atteint, dans un pays donn\u00e9, jusqu&rsquo;\u00e0 [&hellip;]<\/p>\n","protected":false},"author":4,"featured_media":70223,"comment_status":"open","ping_status":"closed","sticky":false,"template":"","format":"standard","meta":{"content-type":"","jnews-multi-image_gallery":[],"jnews_single_post":{"format":"standard"},"jnews_primary_category":[],"jnews_override_bookmark_settings":[],"jnews_review":[],"enable_review":"","type":"","name":"","summary":"","brand":"","sku":"","good":[],"bad":[],"score_override":"","override_value":"","rating":[],"price":[],"jnews_post_split":[],"footnotes":""},"categories":[7950],"tags":[3694,1035,17348],"class_list":["post-70222","post","type-post","status-publish","format-standard","has-post-thumbnail","hentry","category-politique","tag-kais-saied","tag-situation","tag-transport-aerien"],"_links":{"self":[{"href":"https:\/\/www.africanchallenges.com\/index.php?rest_route=\/wp\/v2\/posts\/70222","targetHints":{"allow":["GET"]}}],"collection":[{"href":"https:\/\/www.africanchallenges.com\/index.php?rest_route=\/wp\/v2\/posts"}],"about":[{"href":"https:\/\/www.africanchallenges.com\/index.php?rest_route=\/wp\/v2\/types\/post"}],"author":[{"embeddable":true,"href":"https:\/\/www.africanchallenges.com\/index.php?rest_route=\/wp\/v2\/users\/4"}],"replies":[{"embeddable":true,"href":"https:\/\/www.africanchallenges.com\/index.php?rest_route=%2Fwp%2Fv2%2Fcomments&post=70222"}],"version-history":[{"count":1,"href":"https:\/\/www.africanchallenges.com\/index.php?rest_route=\/wp\/v2\/posts\/70222\/revisions"}],"predecessor-version":[{"id":70224,"href":"https:\/\/www.africanchallenges.com\/index.php?rest_route=\/wp\/v2\/posts\/70222\/revisions\/70224"}],"wp:featuredmedia":[{"embeddable":true,"href":"https:\/\/www.africanchallenges.com\/index.php?rest_route=\/wp\/v2\/media\/70223"}],"wp:attachment":[{"href":"https:\/\/www.africanchallenges.com\/index.php?rest_route=%2Fwp%2Fv2%2Fmedia&parent=70222"}],"wp:term":[{"taxonomy":"category","embeddable":true,"href":"https:\/\/www.africanchallenges.com\/index.php?rest_route=%2Fwp%2Fv2%2Fcategories&post=70222"},{"taxonomy":"post_tag","embeddable":true,"href":"https:\/\/www.africanchallenges.com\/index.php?rest_route=%2Fwp%2Fv2%2Ftags&post=70222"}],"curies":[{"name":"wp","href":"https:\/\/api.w.org\/{rel}","templated":true}]}}