{"id":70069,"date":"2025-12-22T15:30:03","date_gmt":"2025-12-22T14:30:03","guid":{"rendered":"https:\/\/www.africanchallenges.com\/?p=70069"},"modified":"2025-12-22T15:30:05","modified_gmt":"2025-12-22T14:30:05","slug":"tunisie-la-federation-de-lenseignement-de-base-annule-la-greve-du-26-janvier-au-profit-de-la-mobilisation-generale-le-21-janvier","status":"publish","type":"post","link":"https:\/\/www.africanchallenges.com\/?p=70069","title":{"rendered":"Tunisie : La F\u00e9d\u00e9ration de l\u2019enseignement de base annule la gr\u00e8ve du 26 janvier au profit de la mobilisation g\u00e9n\u00e9rale le 21 janvier"},"content":{"rendered":"\n<p class=\"wp-block-paragraph\">La F\u00e9d\u00e9ration de l\u2019enseignement de base, relevant de l\u2019Union g\u00e9n\u00e9rale tunisienne du travail (UGTT), a annonc\u00e9, le lundi 22 d\u00e9cembre 2025, l\u2019annulation de la gr\u00e8ve sectorielle qui \u00e9tait initialement pr\u00e9vue pour le 26 janvier 2026, en raison de la d\u00e9cision de l\u2019instance administrative nationale d\u2019organiser une gr\u00e8ve g\u00e9n\u00e9rale le 21 janvier 2026.<\/p>\n\n\n\n<p class=\"wp-block-paragraph\">Dans son communiqu\u00e9, la F\u00e9d\u00e9ration a exhort\u00e9 tous ses membres et affili\u00e9s \u00e0 s\u2019engager pleinement afin d\u2019assurer le succ\u00e8s de la gr\u00e8ve g\u00e9n\u00e9rale, la qualifiant de moment de lutte collective pour d\u00e9fendre les droits \u00e9conomiques et sociaux.<\/p>\n\n\n\n<p class=\"wp-block-paragraph\">Elle a \u00e9galement encourag\u00e9 les enseignantes et enseignants \u00e0 participer en grand nombre au rassemblement pr\u00e9vu le 25 d\u00e9cembre 2025 devant le si\u00e8ge du minist\u00e8re de l\u2019\u00c9ducation, mettant en avant l\u2019importance de poursuivre l\u2019action syndicale et de renforcer l\u2019unit\u00e9 des professionnels de l\u2019\u00e9ducation.<\/p>\n","protected":false},"excerpt":{"rendered":"<p>La F\u00e9d\u00e9ration de l\u2019enseignement de base, relevant de l\u2019Union g\u00e9n\u00e9rale tunisienne du travail (UGTT), a annonc\u00e9, le lundi 22 d\u00e9cembre 2025, l\u2019annulation de la gr\u00e8ve sectorielle qui \u00e9tait initialement pr\u00e9vue pour le 26 janvier 2026, en raison de la d\u00e9cision de l\u2019instance administrative nationale d\u2019organiser une gr\u00e8ve g\u00e9n\u00e9rale le 21 janvier 2026. Dans son communiqu\u00e9, [&hellip;]<\/p>\n","protected":false},"author":4,"featured_media":70071,"comment_status":"open","ping_status":"closed","sticky":false,"template":"","format":"standard","meta":{"content-type":"","jnews-multi-image_gallery":[],"jnews_single_post":{"format":"standard"},"jnews_primary_category":[],"jnews_override_bookmark_settings":[],"jnews_review":[],"enable_review":"","type":"","name":"","summary":"","brand":"","sku":"","good":[],"bad":[],"score_override":"","override_value":"","rating":[],"price":[],"jnews_post_split":[],"footnotes":""},"categories":[2],"tags":[2136,17297,54],"class_list":["post-70069","post","type-post","status-publish","format-standard","has-post-thumbnail","hentry","category-news-politique","tag-greve-generale","tag-la-federation-de-lenseignement-de-base","tag-tunisie"],"_links":{"self":[{"href":"https:\/\/www.africanchallenges.com\/index.php?rest_route=\/wp\/v2\/posts\/70069","targetHints":{"allow":["GET"]}}],"collection":[{"href":"https:\/\/www.africanchallenges.com\/index.php?rest_route=\/wp\/v2\/posts"}],"about":[{"href":"https:\/\/www.africanchallenges.com\/index.php?rest_route=\/wp\/v2\/types\/post"}],"author":[{"embeddable":true,"href":"https:\/\/www.africanchallenges.com\/index.php?rest_route=\/wp\/v2\/users\/4"}],"replies":[{"embeddable":true,"href":"https:\/\/www.africanchallenges.com\/index.php?rest_route=%2Fwp%2Fv2%2Fcomments&post=70069"}],"version-history":[{"count":1,"href":"https:\/\/www.africanchallenges.com\/index.php?rest_route=\/wp\/v2\/posts\/70069\/revisions"}],"predecessor-version":[{"id":70072,"href":"https:\/\/www.africanchallenges.com\/index.php?rest_route=\/wp\/v2\/posts\/70069\/revisions\/70072"}],"wp:featuredmedia":[{"embeddable":true,"href":"https:\/\/www.africanchallenges.com\/index.php?rest_route=\/wp\/v2\/media\/70071"}],"wp:attachment":[{"href":"https:\/\/www.africanchallenges.com\/index.php?rest_route=%2Fwp%2Fv2%2Fmedia&parent=70069"}],"wp:term":[{"taxonomy":"category","embeddable":true,"href":"https:\/\/www.africanchallenges.com\/index.php?rest_route=%2Fwp%2Fv2%2Fcategories&post=70069"},{"taxonomy":"post_tag","embeddable":true,"href":"https:\/\/www.africanchallenges.com\/index.php?rest_route=%2Fwp%2Fv2%2Ftags&post=70069"}],"curies":[{"name":"wp","href":"https:\/\/api.w.org\/{rel}","templated":true}]}}