{"id":69931,"date":"2025-12-16T10:11:14","date_gmt":"2025-12-16T09:11:14","guid":{"rendered":"https:\/\/www.africanchallenges.com\/?p=69931"},"modified":"2025-12-16T10:12:55","modified_gmt":"2025-12-16T09:12:55","slug":"expertise-france-groupe-afd-organise-pour-ses-10-ans-une-ceremonie-reunissant-les-acteurs-et-partenaires-majeurs-de-la-cooperation-internationale","status":"publish","type":"post","link":"https:\/\/www.africanchallenges.com\/?p=69931","title":{"rendered":"Expertise France, groupe AFD, organise pour ses 10 ans une c\u00e9r\u00e9monie r\u00e9unissant les acteurs et partenaires majeurs de la coop\u00e9ration internationale"},"content":{"rendered":"\n<p class=\"wp-block-paragraph\">Cette ann\u00e9e 2025 marque les 10 ans d\u2019Expertise France. Pour f\u00eater cet anniversaire et t\u00e9moigner des actions et projets men\u00e9s avec nos partenaires en Tunisie, l\u2019agence a organis\u00e9 le 15&nbsp;d\u00e9cembre une matin\u00e9e de conf\u00e9rence &#8211; d\u00e9bat \u00e0 Beit El Hikma autours de la th\u00e9matique&nbsp;10 ans de coop\u00e9ration, un avenir en commun.<\/p>\n\n\n\n<ul class=\"wp-block-list\">\n<li><strong>1- \u00c9v\u00e9nement local d\u00e9di\u00e9 aux 10 ans<\/strong><\/li>\n<\/ul>\n\n\n\n<p class=\"wp-block-paragraph\">La rencontre a rassembl\u00e9 partenaires institutionnels, acteurs \u00e9conomiques et repr\u00e9sentants de la soci\u00e9t\u00e9 civile, offrant un espace de r\u00e9flexion sur les r\u00e9alisations pass\u00e9es et les perspectives futures de coop\u00e9ration.<\/p>\n\n\n\n<p class=\"wp-block-paragraph\">Le&nbsp;<strong>premier panel<\/strong>,&nbsp;<em>\u00ab 10 ans d\u2019Expertise France : Quel impact en Tunisie ? \u00bb<\/em>, a permis de mettre en lumi\u00e8re les transformations accompagn\u00e9es dans diff\u00e9rents secteurs. Mme&nbsp;<strong>Nejia Gharbi<\/strong>&nbsp;Directrice g\u00e9n\u00e9rale de la Caisse des D\u00e9p\u00f4ts et Consignations \u2013 CDC) est revenue sur les projets ENLIEN et FAST, et a pr\u00e9sent\u00e9 le nouveau projet WATANI d\u00e9di\u00e9 \u00e0 destin\u00e9 \u00e0 stimuler l\u2019entrepreneuriat, renforcer l\u2019innovation et soutenir l\u2019inclusion \u00e9conomique en Tunisie, en s\u2019appuyant sur les dynamiques et comp\u00e9tences de la diaspora.<\/p>\n\n\n\n<p class=\"wp-block-paragraph\">Mme&nbsp;<strong>Narjes Maslah El Hammar<\/strong>&nbsp;directrice g\u00e9n\u00e9rale du centre technique de l\u2019emballage et du conditionnement PACKTEC a quant \u00e0 elle d\u00e9taill\u00e9 les apports des collaborations avec Expertise France, notamment dans le d\u00e9veloppement des cha\u00eenes de valeur, l\u2019inclusion financi\u00e8re et la comp\u00e9titivit\u00e9 des produits tunisiens \u00e0 l\u2019international.<\/p>\n\n\n\n<p class=\"wp-block-paragraph\">La s\u00e9quence a \u00e9t\u00e9 ponctu\u00e9e par la&nbsp;<strong>signature officielle de la convention du projet WATANI<\/strong>.<\/p>\n\n\n\n<p class=\"wp-block-paragraph\">L\u2019Agence Fran\u00e7aise de D\u00e9veloppement (AFD), la Caisse des D\u00e9p\u00f4ts et Consignations Tunisienne (CDC) et Expertise France, lancent le projet \u00ab&nbsp;Watani&nbsp;\u00bb, un programme destin\u00e9 \u00e0 stimuler l\u2019entrepreneuriat, renforcer l\u2019innovation et soutenir l\u2019inclusion \u00e9conomique en Tunisie, en s\u2019appuyant sur les dynamiques et comp\u00e9tences de la diaspora.<\/p>\n\n\n\n<p class=\"wp-block-paragraph\">Une intervention individuelle avec&nbsp;<strong>Mme Dhekra Touhami<\/strong>, Pr\u00e9sidente de la&nbsp;<strong>Soci\u00e9t\u00e9 Mutuelle de Services Agricoles (SMSA) Matmour Rouma<\/strong>, a mis en avant l\u2019appui du programme EFFOR pour moderniser les \u00e9quipements, renforcer la r\u00e9silience face au changement climatique et d\u00e9velopper l\u2019acc\u00e8s des produits locaux aux march\u00e9s nationaux et internationaux.<\/p>\n\n\n\n<p class=\"wp-block-paragraph\">Le&nbsp;<strong>deuxi\u00e8me panel<\/strong>,&nbsp;<em>\u00ab Inclusion au c\u0153ur du d\u00e9veloppement : femmes, jeunes et territoires en action \u00bb<\/em>, a r\u00e9uni Mme&nbsp;<strong>Douja Gharbi<\/strong>&nbsp;CEO de RedStart, M.&nbsp;<strong>Omar Triki<\/strong>&nbsp;directeur des programmes \u00e0 la Fondation Tunisie pour le D\u00e9veloppement et Mme&nbsp;<strong>Houbeb Ajmi<\/strong>&nbsp;vice-pr\u00e9sidente de l\u2019IACE. Les discussions ont port\u00e9 sur les bonnes pratiques issues des programmes d\u2019entrepreneuriat, d\u2019innovation et de transition \u00e9cologique, ainsi que sur le r\u00f4le des initiatives locales pour ancrer durablement ces dynamiques dans les territoires et renforcer les comp\u00e9tences des jeunes et des femmes.<\/p>\n\n\n\n<p class=\"wp-block-paragraph\">Le&nbsp;<strong>troisi\u00e8me panel<\/strong>,&nbsp;<em>\u00ab Anticiper l\u2019avenir : d\u00e9velopper les expertises pour les d\u00e9fis de demain \u00bb<\/em>, a donn\u00e9 la parole \u00e0 Mme&nbsp;<strong>Kmaira Ben Jannet Mzali<\/strong>&nbsp;directrice g\u00e9n\u00e9rale du centre International des technologies de l\u2019environnement (CITET), M.&nbsp;<strong>Helmi Tlili<\/strong>&nbsp;directeur g\u00e9n\u00e9ral de l\u2019Office des Tunisiens de l\u2019\u00c9tranger et M.&nbsp;<strong>Adel Dekhil<\/strong>&nbsp;directeur g\u00e9n\u00e9ral du Centre National de la Formation et du Perfectionnement. Les intervenants ont abord\u00e9 les besoins en expertise environnementale et entrepreneuriale, les strat\u00e9gies de retour de la diaspora, le multilinguisme et la formation continue comme leviers pour anticiper les m\u00e9tiers de demain et r\u00e9pondre aux transformations du march\u00e9 du travail.<\/p>\n\n\n\n<p class=\"wp-block-paragraph\">La matin\u00e9e s\u2019est conclue par un&nbsp;<strong>fireside chat<\/strong>&nbsp;avec&nbsp;<strong>M. Noomane Fehri<\/strong>&nbsp;ancien ministre et managing partner de la MEDIN Fund Management Company, qui a partag\u00e9 sa vision sur les dix derni\u00e8res ann\u00e9es de l\u2019\u00e9cosyst\u00e8me des startups en Tunisie et sur les axes prioritaires pour les dix ann\u00e9es \u00e0 venir, en soulignant le r\u00f4le d\u2019Expertise France et des partenaires similaires pour accompagner des dynamiques m\u00e9diterran\u00e9ennes autour des transitions num\u00e9riques.<\/p>\n\n\n\n<h2 class=\"wp-block-heading\">Intervention du Directeur g\u00e9n\u00e9ral d\u2019Expertise France<\/h2>\n\n\n\n<p class=\"wp-block-paragraph\">\u00c0 l\u2019occasion de cette c\u00e9r\u00e9monie, M.&nbsp;<strong>J\u00e9r\u00e9my Pellet<\/strong>, Directeur g\u00e9n\u00e9ral d\u2019Expertise France, a rappel\u00e9 avec force le sens et la port\u00e9e de cet anniversaire, d\u00e9clarant :&nbsp;<em>\u00ab C\u2019est avec une immense fiert\u00e9 que je m\u2019adresse \u00e0 vous aujourd\u2019hui [\u2026] pour c\u00e9l\u00e9brer ensemble les 10 ans d\u2019Expertise France. Dix ans d\u2019engagement, d\u2019innovation et de partenariats au service du d\u00e9veloppement et de la coop\u00e9ration internationale. \u00bb<\/em><\/p>\n\n\n\n<p class=\"wp-block-paragraph\">Il a soulign\u00e9 qu\u2019<em>\u00ab Expertise France, c\u2019est avant tout une histoire de femmes et d\u2019hommes, experts et partenaires locaux, qui \u0153uvrent chaque jour pour transformer les d\u00e9fis en opportunit\u00e9s \u00bb<\/em>, et a rappel\u00e9 qu\u2019en dix ans, l\u2019agence a d\u00e9ploy\u00e9 son expertise dans plus de 100 pays, \u00e0 travers&nbsp;<em>\u00ab plus de 1 500 projets men\u00e9s \u00bb<\/em>&nbsp;et&nbsp;<em>\u00ab un portefeuille de plus de 500 millions d\u2019euros de projets en cours \u00bb<\/em>, en s\u2019appuyant sur des milliers de partenaires et une pr\u00e9sence renforc\u00e9e sur le terrain, notamment \u00e0 Tunis pour couvrir la Tunisie et la Libye.<\/p>\n\n\n\n<p class=\"wp-block-paragraph\">M. J\u00e9r\u00e9my Pellet a insist\u00e9 sur l\u2019importance de la coop\u00e9ration avec la Tunisie, illustr\u00e9e par le lancement du projet&nbsp;<strong>WATANI<\/strong>,&nbsp;<em>\u00ab d\u2019un montant de 5 millions d\u2019euros \u00bb<\/em>, qui&nbsp;<em>\u00ab incarne notre volont\u00e9 commune de faire de l\u2019entrepreneuriat un levier de d\u00e9veloppement inclusif et durable \u00bb<\/em>. Il a pr\u00e9cis\u00e9 que&nbsp;<em>\u00ab 500 entrepreneurs, dont une majorit\u00e9 de jeunes et de femmes, b\u00e9n\u00e9ficieront d\u2019un accompagnement personnalis\u00e9 \u00bb<\/em>, avec notamment la r\u00e9gionalisation de&nbsp;<strong>The Dot<\/strong>&nbsp;et la cr\u00e9ation d\u2019<em>\u00ab une plateforme innovante pour mobiliser l\u2019\u00e9pargne de la diaspora \u00bb<\/em>.<\/p>\n\n\n\n<p class=\"wp-block-paragraph\">Se projetant vers l\u2019avenir, il a appel\u00e9 \u00e0 construire&nbsp;<em>\u00ab une M\u00e9diterran\u00e9e plus r\u00e9siliente, plus inclusive et plus durable \u00bb<\/em>, en mettant en avant quatre priorit\u00e9s communes : l\u2019intelligence artificielle et les technologies de pointe, l\u2019emploi et la jeunesse, la transition climatique et \u00e9nerg\u00e9tique, ainsi que la mobilit\u00e9 humaine fond\u00e9e sur&nbsp;<em>\u00ab des partenariats \u00e9quilibr\u00e9s \u00bb<\/em>&nbsp;et la valorisation des comp\u00e9tences de la diaspora.<\/p>\n\n\n\n<p class=\"wp-block-paragraph\">Enfin, le Directeur g\u00e9n\u00e9ral d\u2019Expertise France a exprim\u00e9 ses remerciements aux autorit\u00e9s tunisiennes, \u00e0 l\u2019ambassade de France, au groupe AFD, \u00e0 l\u2019Union europ\u00e9enne et aux \u00e9quipes d\u2019Expertise France en Tunisie et en Libye, soulignant que&nbsp;<em>\u00ab l\u2019ampleur de la coop\u00e9ration \u00e0 laquelle nous participons aujourd\u2019hui, c\u2019est bien s\u00fbr le fruit de votre travail \u00bb<\/em>.<\/p>\n\n\n\n<figure class=\"wp-block-image size-full\"><img fetchpriority=\"high\" decoding=\"async\" width=\"615\" height=\"461\" src=\"https:\/\/www.africanchallenges.com\/wp-content\/uploads\/2025\/12\/expertise-france.jpg\" alt=\"\" class=\"wp-image-69935\" srcset=\"https:\/\/www.africanchallenges.com\/wp-content\/uploads\/2025\/12\/expertise-france.jpg 615w, https:\/\/www.africanchallenges.com\/wp-content\/uploads\/2025\/12\/expertise-france-300x225.jpg 300w\" sizes=\"(max-width: 615px) 100vw, 615px\" \/><\/figure>\n\n\n\n<p class=\"wp-block-paragraph\"><\/p>\n\n\n\n<ul class=\"wp-block-list\">\n<li><strong>2- Pr\u00e9sentation g\u00e9n\u00e9rale d\u2019EF pour les 10 ans.<\/strong><\/li>\n<\/ul>\n\n\n\n<p class=\"wp-block-paragraph\"><strong>Une d\u00e9cennie d\u2019actions pour une agence en plein essor<\/strong><strong><\/strong><\/p>\n\n\n\n<p class=\"wp-block-paragraph\">L\u2019agence s\u2019est transform\u00e9e en dix ans, passant d\u2019op\u00e9rateurs au sein des minist\u00e8res \u00e0 une agence de taille internationale qui regroupe plus de 2 200 collaborateurs, dont 1400 sur le terrain. Elle est pass\u00e9e de 115 millions d\u2019euros d\u2019activit\u00e9 annuelle en 2015 \u00e0 450 millions en 2024, couvrant plus de 147 pays.<br>Pour r\u00e9pondre aux besoins croissants d\u2019une coop\u00e9ration renforc\u00e9e dans de nombreux pays, et dans la continuation d\u2019une politique de d\u00e9centralisation, Expertise France a ainsi d\u00e9ploy\u00e9 des directions pays en Tunisie et en Libye mais aussi dans d\u2019autres pays..<\/p>\n\n\n\n<p class=\"wp-block-paragraph\"><strong>En Tunisie et Libye le Nombre total de projets 2025<\/strong>&nbsp;est de 26 dont 4 r\u00e9gionaux.<\/p>\n\n\n\n<h3 class=\"wp-block-heading\">Des effets concrets sur le d\u00e9veloppement \u00e9conomique et institutionnel<\/h3>\n\n\n\n<p class=\"wp-block-paragraph\">En 2024, les interventions d\u2019Expertise France en Tunisie ont contribu\u00e9 \u00e0 renforcer les \u00e9cosyst\u00e8mes \u00e9conomiques, moderniser les institutions et promouvoir l\u2019emploi :<\/p>\n\n\n\n<ul class=\"wp-block-list\">\n<li>2 311 entreprises\u00a0soutenues dans leur croissance, leur digitalisation ou leur internationalisation.<\/li>\n\n\n\n<li>1 694 agents publics\u00a0form\u00e9s pour appuyer la r\u00e9forme et la modernisation de l\u2019administration.<\/li>\n\n\n\n<li>1 773 personnes\u00a0accompagn\u00e9es vers l\u2019emploi ou l\u2019entrepreneuriat, en particulier les jeunes et les femmes.<\/li>\n<\/ul>\n\n\n\n<ul class=\"wp-block-list\">\n<li><strong>3- Livre anniversaire des 10 ans<\/strong><\/li>\n<\/ul>\n\n\n\n<p class=\"wp-block-paragraph\">Expertise France publie cette ann\u00e9e son premier livre anniversaire, t\u00e9moin \u00e0 la fois d\u2019un riche h\u00e9ritage, et d\u2019un engagement toujours plus fort au cours de la d\u00e9cennie pass\u00e9e. En donnant la parole aux partenaires dans de nombreuses g\u00e9ographies d\u2019intervention mais aussi aux b\u00e9n\u00e9ficiaires de projets embl\u00e9matiques de l\u2019agence, cet ouvrage incarne les valeurs, les r\u00e9ussites, mais aussi les d\u00e9fis d\u2019un travail de co-construction en perp\u00e9tuelle adaptation pour une coop\u00e9ration d\u2019avenir r\u00e9invent\u00e9e entre les peuples. Vous y d\u00e9couvrirez les voix des femmes et des hommes qui \u0153uvrent en Afrique, en Asie, en Am\u00e9rique latine, ou en Europe, \u00e0 la valorisation des cultures locales, au renforcement des syst\u00e8mes de sant\u00e9, \u00e0 la lutte contre les in\u00e9galit\u00e9s, ou encore \u00e0 la pr\u00e9servation des \u00e9cosyst\u00e8mes terrestres et marins.<br>Lien vers le livre anniversaire en format num\u00e9rique&nbsp;:&nbsp;<a rel=\"noreferrer noopener\" target=\"_blank\" href=\"https:\/\/www.expertisefrance.fr\/sites\/expertise\/files\/2025-06\/livre-des-10-ans-expertise-france.pdf\">https:\/\/www.expertisefrance.fr\/sites\/expertise\/files\/2025-06\/livre-des-10-ans-expertise-france.pdf<\/a><\/p>\n\n\n\n<ul class=\"wp-block-list\">\n<li><strong>4- Perspectives et livre blanc<\/strong><\/li>\n<\/ul>\n\n\n\n<p class=\"wp-block-paragraph\"><strong>Un livre blanc pour r\u00e9affirmer l\u2019importance d\u2019une expertise fran\u00e7aise ambitieuse et solidaire.<\/strong><\/p>\n\n\n\n<p class=\"wp-block-paragraph\">\u00c0 l\u2019occasion de son 10\u1d49&nbsp;anniversaire, Expertise France a organis\u00e9 un \u00e9v\u00e9nement exceptionnel le 12 f\u00e9vrier 2025 \u00e0 Station F, \u00e0 Paris, pour mettre en lumi\u00e8re une d\u00e9cennie d\u2019actions et de partenariats au service du d\u00e9veloppement durable et des enjeux globaux.&nbsp;<strong>De ces \u00e9changes ont \u00e9man\u00e9 dix propositions concr\u00e8tes pour l\u2019avenir de la coop\u00e9ration technique internationale<\/strong>, couvrant des axes prioritaires pour Expertise France et ses partenaires pour un d\u00e9veloppement durable et inclusif \u00e0 l\u2019\u00e9chelle mondiale.<br>Un travail conjoint avec&nbsp;<strong>l\u2019Institut de relations internationales et strat\u00e9giques (IRIS)<\/strong>, men\u00e9 par Pascal Boniface et Didier Billion, a donn\u00e9 lieu \u00e0 la publication d\u2019un livre blanc en mars 2025, fruit des r\u00e9flexions d\u2019un ensemble de chercheurs affili\u00e9s et mobilis\u00e9s pour d\u00e9peindre les contours d\u2019une coop\u00e9ration r\u00e9invent\u00e9e.<\/p>\n\n\n\n<ul class=\"wp-block-list\">\n<li>Lien vers le livre blanc<\/li>\n<\/ul>\n\n\n\n<figure class=\"wp-block-embed\"><div class=\"wp-block-embed__wrapper\">\nhttps:\/\/livreblanc-expertisefrance.fr\n<\/div><\/figure>\n\n\n\n<p class=\"wp-block-paragraph\">A propos d\u2019Expertise France<\/p>\n\n\n\n<p class=\"wp-block-paragraph\">Agence publique, Expertise France est l\u2019acteur interminist\u00e9riel de la coop\u00e9ration technique internationale, filiale du groupe Agence fran\u00e7aise de d\u00e9veloppement (groupe AFD). Deuxi\u00e8me agence par sa taille en Europe, elle con\u00e7oit et met en \u0153uvre des projets qui renforcent durablement les politiques publiques dans pr\u00e8s de 150 pays en d\u00e9veloppement et \u00e9mergents.&nbsp; Gouvernance, s\u00e9curit\u00e9, climat, sant\u00e9, \u00e9ducation\u2026 Elle intervient sur des domaines cl\u00e9s du d\u00e9veloppement et contribue aux c\u00f4t\u00e9s de ses&nbsp; partenaires \u00e0 la concr\u00e9tisation des objectifs de d\u00e9veloppement durable&nbsp; (ODD). Pour un monde en commun.<\/p>\n\n\n\n<p class=\"wp-block-paragraph\">En savoir plus :&nbsp;<a rel=\"noreferrer noopener\" target=\"_blank\" href=\"http:\/\/www.expertisefrance.fr\/\">www.expertisefrance.fr<\/a><\/p>\n\n\n\n<p class=\"wp-block-paragraph\"><\/p>\n","protected":false},"excerpt":{"rendered":"<p>Cette ann\u00e9e 2025 marque les 10 ans d\u2019Expertise France. Pour f\u00eater cet anniversaire et t\u00e9moigner des actions et projets men\u00e9s avec nos partenaires en Tunisie, l\u2019agence a organis\u00e9 le 15&nbsp;d\u00e9cembre une matin\u00e9e de conf\u00e9rence &#8211; d\u00e9bat \u00e0 Beit El Hikma autours de la th\u00e9matique&nbsp;10 ans de coop\u00e9ration, un avenir en commun. La rencontre a rassembl\u00e9 [&hellip;]<\/p>\n","protected":false},"author":4,"featured_media":69932,"comment_status":"open","ping_status":"closed","sticky":false,"template":"","format":"standard","meta":{"content-type":"","jnews-multi-image_gallery":[],"jnews_single_post":{"format":"standard"},"jnews_primary_category":[],"jnews_override_bookmark_settings":[],"jnews_review":[],"enable_review":"","type":"","name":"","summary":"","brand":"","sku":"","good":[],"bad":[],"score_override":"","override_value":"","rating":[],"price":[],"jnews_post_split":[],"footnotes":""},"categories":[43,73],"tags":[229,12718,990],"class_list":["post-69931","post","type-post","status-publish","format-standard","has-post-thumbnail","hentry","category-eco-business","category-eco","tag-ceremonie","tag-cooperation-internationale","tag-expertise-france"],"_links":{"self":[{"href":"https:\/\/www.africanchallenges.com\/index.php?rest_route=\/wp\/v2\/posts\/69931","targetHints":{"allow":["GET"]}}],"collection":[{"href":"https:\/\/www.africanchallenges.com\/index.php?rest_route=\/wp\/v2\/posts"}],"about":[{"href":"https:\/\/www.africanchallenges.com\/index.php?rest_route=\/wp\/v2\/types\/post"}],"author":[{"embeddable":true,"href":"https:\/\/www.africanchallenges.com\/index.php?rest_route=\/wp\/v2\/users\/4"}],"replies":[{"embeddable":true,"href":"https:\/\/www.africanchallenges.com\/index.php?rest_route=%2Fwp%2Fv2%2Fcomments&post=69931"}],"version-history":[{"count":2,"href":"https:\/\/www.africanchallenges.com\/index.php?rest_route=\/wp\/v2\/posts\/69931\/revisions"}],"predecessor-version":[{"id":69936,"href":"https:\/\/www.africanchallenges.com\/index.php?rest_route=\/wp\/v2\/posts\/69931\/revisions\/69936"}],"wp:featuredmedia":[{"embeddable":true,"href":"https:\/\/www.africanchallenges.com\/index.php?rest_route=\/wp\/v2\/media\/69932"}],"wp:attachment":[{"href":"https:\/\/www.africanchallenges.com\/index.php?rest_route=%2Fwp%2Fv2%2Fmedia&parent=69931"}],"wp:term":[{"taxonomy":"category","embeddable":true,"href":"https:\/\/www.africanchallenges.com\/index.php?rest_route=%2Fwp%2Fv2%2Fcategories&post=69931"},{"taxonomy":"post_tag","embeddable":true,"href":"https:\/\/www.africanchallenges.com\/index.php?rest_route=%2Fwp%2Fv2%2Ftags&post=69931"}],"curies":[{"name":"wp","href":"https:\/\/api.w.org\/{rel}","templated":true}]}}