{"id":69910,"date":"2025-12-15T14:08:14","date_gmt":"2025-12-15T13:08:14","guid":{"rendered":"https:\/\/www.africanchallenges.com\/?p=69910"},"modified":"2025-12-15T14:08:15","modified_gmt":"2025-12-15T13:08:15","slug":"ahmet-misbah-demircan-ambassadeur-de-turquie-en-tunisie-la-gastronomie-est-un-pilier-fondamental-de-la-culture","status":"publish","type":"post","link":"https:\/\/www.africanchallenges.com\/?p=69910","title":{"rendered":"Ahmet Misbah Demircan, Ambassadeur de Turquie en Tunisie : \u00a0\u00a0\u00bb La gastronomie est un pilier fondamental de la culture\u00a0\u00bb"},"content":{"rendered":"\n<p class=\"wp-block-paragraph\">L&rsquo;ambassadeur de Turquie en Tunisie, Ahmed Mesbah Demirjan, a d\u00e9clar\u00e9 lors de l&rsquo;\u00e9v\u00e9nement \u00ab\u00a0Saveurs d&rsquo;Anatolie &#8211; Journ\u00e9es de la cuisine turque\u00a0\u00bb organis\u00e9 en Tunisie que la gastronomie repr\u00e9sente \u00ab\u00a0l&rsquo;un des domaines les plus influents\u00a0\u00bb de la diplomatie culturelle, mettant en avant la forte demande du peuple tunisien pour la cuisine turque.<\/p>\n\n\n\n<p class=\"wp-block-paragraph\">Dans ses d\u00e9clarations, Demircan a soulign\u00e9 que les activit\u00e9s culturelles constituent l&rsquo;un des outils les plus essentiels des missions turques \u00e0 l&rsquo;\u00e9tranger.<\/p>\n\n\n\n<p class=\"wp-block-paragraph\"><strong>\u00ab\u00a0L&rsquo;un de nos outils les plus puissants dans nos missions \u00e0 l&rsquo;\u00e9tranger est constitu\u00e9 par les activit\u00e9s culturelles. La cuisine est l&rsquo;un des domaines les plus influents lors des \u00e9v\u00e9nements culturels. La Turquie excelle dans ce domaine.\u00a0\u00bb<\/strong> Il a \u00e9galement not\u00e9 qu&rsquo;un grand int\u00e9r\u00eat est toujours observ\u00e9 lors des \u00e9v\u00e9nements multiculturels pr\u00e9c\u00e9demment organis\u00e9s.<\/p>\n\n\n\n<p class=\"wp-block-paragraph\"><strong>\u00ab\u00a0La gastronomie, la musique, les v\u00eatements et l&rsquo;architecture sont des domaines qui rel\u00e8vent de ce que l&rsquo;on appelle la culture.\u00a0\u00bb<\/strong><\/p>\n\n\n\n<p class=\"wp-block-paragraph\">Demircan a ajout\u00e9 que la Semaine de la Cuisine Turque, organis\u00e9e sous la coordination de l&rsquo;Institut Yunus Emre et avec le soutien de l&rsquo;h\u00f4tel Sheraton Tunis et de Turkish Airlines, s&rsquo;\u00e9tendra sur plusieurs jours, en d\u00e9clarant :<\/p>\n\n\n\n<p class=\"wp-block-paragraph\">\u00ab\u00a0<strong>Aujourd&rsquo;hui, un d\u00eener turc a \u00e9t\u00e9 organis\u00e9 en collaboration avec l&rsquo;Institut Yunus Emre, le Sheraton et Turkish Airlines. Ce programme se d\u00e9roulera sur plusieurs jours. Le taux de participation est tr\u00e8s \u00e9lev\u00e9. La gastronomie, la musique, les v\u00eatements et l&rsquo;architecture sont des domaines qui rel\u00e8vent de la culture, et nous constatons que tous les \u00e9v\u00e9nements organis\u00e9s dans ces domaines suscitent un grand int\u00e9r\u00eat. Je remercie tous ceux qui ont contribu\u00e9 \u00e0 cette initiative.\u00a0\u00bb<\/strong><\/p>\n\n\n\n<p class=\"wp-block-paragraph\"><strong>Les saveurs des sept r\u00e9gions turques se rencontrent en Tunisie.<\/strong><\/p>\n\n\n\n<p class=\"wp-block-paragraph\">Le chef turc Ali Badri Chilik Khan, qui a \u00e9t\u00e9 invit\u00e9 par la Turquie \u00e0 participer \u00e0 cet \u00e9v\u00e9nement, a d\u00e9clar\u00e9 qu&rsquo;ils \u00e9taient venus en Tunisie dans le cadre d&rsquo;un projet collaboratif entre l&rsquo;Institut Yunus Imra et l&rsquo;Universit\u00e9 de Gaziantep.<\/p>\n\n\n\n<p class=\"wp-block-paragraph\">Il a ajout\u00e9 :<strong> \u00ab\u00a0Nous sommes ici pour faire d\u00e9couvrir les saveurs de la cuisine turque. Nous avons propos\u00e9 \u00e0 nos invit\u00e9s des plats provenant de diff\u00e9rentes r\u00e9gions de notre pays, en moyenne deux plats de chacune de nos sept r\u00e9gions. Nous avons \u00e9galement pr\u00e9par\u00e9 des boissons traditionnelles, de l&rsquo;agneau brais\u00e9, ainsi que du pain Bayda et de la viande avec de la p\u00e2te. Nous sommes tr\u00e8s heureux d&rsquo;\u00eatre ici aujourd&rsquo;hui.\u00a0\u00bb<\/strong><\/p>\n\n\n\n<figure class=\"wp-block-image size-full\"><img fetchpriority=\"high\" decoding=\"async\" width=\"615\" height=\"410\" src=\"https:\/\/www.africanchallenges.com\/wp-content\/uploads\/2025\/12\/Saveurs-dAnatolie2.jpg\" alt=\"\" class=\"wp-image-69912\" srcset=\"https:\/\/www.africanchallenges.com\/wp-content\/uploads\/2025\/12\/Saveurs-dAnatolie2.jpg 615w, https:\/\/www.africanchallenges.com\/wp-content\/uploads\/2025\/12\/Saveurs-dAnatolie2-300x200.jpg 300w\" sizes=\"(max-width: 615px) 100vw, 615px\" \/><\/figure>\n\n\n\n<p class=\"wp-block-paragraph\"><\/p>\n\n\n\n<p class=\"wp-block-paragraph\"><strong>Sheraton Tunis : \u00ab\u00a0Nous offrons \u00e0 nos clients une touche de l&rsquo;esprit anatolien.\u00a0\u00bb<\/strong><\/p>\n\n\n\n<p class=\"wp-block-paragraph\">Lors d&rsquo;un discours prononc\u00e9 \u00e0 l&rsquo;ouverture de l&rsquo;\u00e9v\u00e9nement, la responsable marketing de l&rsquo;h\u00f4tel Sheraton Tunis, Amira Sadfi, a annonc\u00e9 que les journ\u00e9es de la cuisine turque se d\u00e9rouleraient du 11 au 14 d\u00e9cembre.<\/p>\n\n\n\n<p class=\"wp-block-paragraph\">Elle a ajout\u00e9 : \u00ab\u00a0L&rsquo;ouverture des journ\u00e9es de la cuisine turque a commenc\u00e9 le 11 d\u00e9cembre et se poursuivra jusqu&rsquo;au 14 du m\u00eame mois. Un buffet sera propos\u00e9 chaque jour de sept heures du soir \u00e0 onze heures du soir. Le programme se conclura par un brunch sp\u00e9cial, pr\u00e9vu \u00e0 trois heures de l&rsquo;apr\u00e8s-midi. Nous avons d\u00e9j\u00e0 organis\u00e9 des journ\u00e9es de la cuisine pour plusieurs pays, et aujourd&rsquo;hui, nous avons choisi la Turquie car nous souhaitons c\u00e9l\u00e9brer leur gastronomie\u00a0\u00bb, a-t-elle d\u00e9clar\u00e9.<\/p>\n\n\n\n<p class=\"wp-block-paragraph\">Elle a pr\u00e9cis\u00e9 que l&rsquo;\u00e9v\u00e9nement est organis\u00e9 dans le cadre des c\u00e9l\u00e9brations de fin d&rsquo;ann\u00e9e, en disant : \u00ab\u00a0Cet \u00e9v\u00e9nement a \u00e9t\u00e9 mis en place en collaboration avec l&rsquo;Institut Yunus Imra et Turkish Airlines. Des chefs turcs ont \u00e9t\u00e9 sp\u00e9cialement invit\u00e9s pour pr\u00e9parer les plats turcs les plus savoureux. Lors de cet \u00e9v\u00e9nement, vous d\u00e9couvrirez des touches anatoliennes tant dans la nourriture que dans la d\u00e9coration, car vous aurez l&rsquo;impression d&rsquo;\u00eatre en Turquie. Des musiciens turcs ont \u00e9galement \u00e9t\u00e9 convi\u00e9s \u00e0 participer.\u00a0\u00bb<\/p>\n","protected":false},"excerpt":{"rendered":"<p>L&rsquo;ambassadeur de Turquie en Tunisie, Ahmed Mesbah Demirjan, a d\u00e9clar\u00e9 lors de l&rsquo;\u00e9v\u00e9nement \u00ab\u00a0Saveurs d&rsquo;Anatolie &#8211; Journ\u00e9es de la cuisine turque\u00a0\u00bb organis\u00e9 en Tunisie que la gastronomie repr\u00e9sente \u00ab\u00a0l&rsquo;un des domaines les plus influents\u00a0\u00bb de la diplomatie culturelle, mettant en avant la forte demande du peuple tunisien pour la cuisine turque. Dans ses d\u00e9clarations, Demircan [&hellip;]<\/p>\n","protected":false},"author":4,"featured_media":69911,"comment_status":"open","ping_status":"closed","sticky":false,"template":"","format":"standard","meta":{"content-type":"","jnews-multi-image_gallery":[],"jnews_single_post":{"format":"standard"},"jnews_primary_category":[],"jnews_override_bookmark_settings":[],"jnews_review":[],"enable_review":"","type":"","name":"","summary":"","brand":"","sku":"","good":[],"bad":[],"score_override":"","override_value":"","rating":[],"price":[],"jnews_post_split":[],"footnotes":""},"categories":[17,2],"tags":[13566,9117,17236,17237],"class_list":["post-69910","post","type-post","status-publish","format-standard","has-post-thumbnail","hentry","category-entertainment","category-news-politique","tag-ahmet-misbah-demircan","tag-culture","tag-gastronomie","tag-saveurs-danatolie"],"_links":{"self":[{"href":"https:\/\/www.africanchallenges.com\/index.php?rest_route=\/wp\/v2\/posts\/69910","targetHints":{"allow":["GET"]}}],"collection":[{"href":"https:\/\/www.africanchallenges.com\/index.php?rest_route=\/wp\/v2\/posts"}],"about":[{"href":"https:\/\/www.africanchallenges.com\/index.php?rest_route=\/wp\/v2\/types\/post"}],"author":[{"embeddable":true,"href":"https:\/\/www.africanchallenges.com\/index.php?rest_route=\/wp\/v2\/users\/4"}],"replies":[{"embeddable":true,"href":"https:\/\/www.africanchallenges.com\/index.php?rest_route=%2Fwp%2Fv2%2Fcomments&post=69910"}],"version-history":[{"count":1,"href":"https:\/\/www.africanchallenges.com\/index.php?rest_route=\/wp\/v2\/posts\/69910\/revisions"}],"predecessor-version":[{"id":69913,"href":"https:\/\/www.africanchallenges.com\/index.php?rest_route=\/wp\/v2\/posts\/69910\/revisions\/69913"}],"wp:featuredmedia":[{"embeddable":true,"href":"https:\/\/www.africanchallenges.com\/index.php?rest_route=\/wp\/v2\/media\/69911"}],"wp:attachment":[{"href":"https:\/\/www.africanchallenges.com\/index.php?rest_route=%2Fwp%2Fv2%2Fmedia&parent=69910"}],"wp:term":[{"taxonomy":"category","embeddable":true,"href":"https:\/\/www.africanchallenges.com\/index.php?rest_route=%2Fwp%2Fv2%2Fcategories&post=69910"},{"taxonomy":"post_tag","embeddable":true,"href":"https:\/\/www.africanchallenges.com\/index.php?rest_route=%2Fwp%2Fv2%2Ftags&post=69910"}],"curies":[{"name":"wp","href":"https:\/\/api.w.org\/{rel}","templated":true}]}}