{"id":69849,"date":"2025-12-12T19:07:37","date_gmt":"2025-12-12T18:07:37","guid":{"rendered":"https:\/\/www.africanchallenges.com\/?p=69849"},"modified":"2025-12-12T19:07:38","modified_gmt":"2025-12-12T18:07:38","slug":"23%e1%b5%89-haute-commission-mixte-signature-de-25-accords-et-programmes-entre-la-tunisie-et-lalgerie","status":"publish","type":"post","link":"https:\/\/www.africanchallenges.com\/?p=69849","title":{"rendered":"23\u1d49 Haute Commission mixte : Signature de 25 accords et programmes entre la Tunisie et l&rsquo;Alg\u00e9rie"},"content":{"rendered":"\n<p class=\"wp-block-paragraph\">La Tunisie et l\u2019Alg\u00e9rie ont sign\u00e9, vendredi, vingt-cinq accords, programmes ex\u00e9cutifs, m\u00e9morandums d\u2019entente et accords de jumelage dans le cadre de la 23\u1d49 session de la Haute Commission mixte tuniso-alg\u00e9rienne, organis\u00e9e \u00e0 Tunis. La cheffe du gouvernement, Sarra Zaafrani Zenzri, et le Premier ministre alg\u00e9rien, Sifi Ghreib, ont copr\u00e9sid\u00e9 la r\u00e9union en pr\u00e9sence des d\u00e9l\u00e9gations des deux pays.<\/p>\n\n\n\n<p class=\"wp-block-paragraph\"><strong>Diplomatie, m\u00e9dias et culture : une coop\u00e9ration \u00e9largie<\/strong><\/p>\n\n\n\n<p class=\"wp-block-paragraph\">Plusieurs accords portent sur le renforcement des liens institutionnels. Les deux parties ont sign\u00e9 un m\u00e9morandum d\u2019entente entre l\u2019Acad\u00e9mie diplomatique internationale de Tunis et l\u2019Institut diplomatique et des relations internationales d\u2019Alg\u00e9rie. Les m\u00e9dias publics sont aussi concern\u00e9s \u00e0 travers trois textes :<\/p>\n\n\n\n<p class=\"wp-block-paragraph\">\u2013 un m\u00e9morandum entre la T\u00e9l\u00e9vision tunisienne et la T\u00e9l\u00e9vision alg\u00e9rienne ;<\/p>\n\n\n\n<p class=\"wp-block-paragraph\">\u2013 un accord entre l\u2019Agence TAP et l\u2019Agence de presse alg\u00e9rienne ;<\/p>\n\n\n\n<p class=\"wp-block-paragraph\">\u2013 un accord de jumelage entre la Radio tunisienne et l\u2019\u00c9tablissement public alg\u00e9rien de radiodiffusion.<\/p>\n\n\n\n<p class=\"wp-block-paragraph\">Dans le domaine culturel, un programme ex\u00e9cutif de coop\u00e9ration a \u00e9t\u00e9 conclu entre les minist\u00e8res de la Culture des deux pays.<\/p>\n\n\n\n<p class=\"wp-block-paragraph\"><strong>\u00c9conomie, \u00e9nergie et ressources hydrauliques<\/strong><\/p>\n\n\n\n<p class=\"wp-block-paragraph\">La session a donn\u00e9 lieu \u00e0 la signature d\u2019un accord de coop\u00e9ration entre les minist\u00e8res de l\u2019Agriculture des deux pays, incluant les ressources hydrauliques et la p\u00eache. Un m\u00e9morandum d\u2019entente dans les domaines de l\u2019\u00e9nergie et des \u00e9nergies renouvelables a \u00e9galement \u00e9t\u00e9 paraph\u00e9.<\/p>\n\n\n\n<p class=\"wp-block-paragraph\">Les institutions de promotion de l\u2019investissement ont conclu plusieurs textes : un m\u00e9morandum entre l\u2019Agence alg\u00e9rienne de promotion de l\u2019investissement et l\u2019Agence tunisienne FIPA, ainsi qu\u2019un programme ex\u00e9cutif entre l\u2019Autorit\u00e9 tunisienne de l\u2019investissement et l\u2019agence alg\u00e9rienne pour la p\u00e9riode 2026-2027.<\/p>\n\n\n\n<p class=\"wp-block-paragraph\"><strong>Sant\u00e9, industrie pharmaceutique et services publics<\/strong><\/p>\n\n\n\n<p class=\"wp-block-paragraph\">Le secteur de la sant\u00e9 b\u00e9n\u00e9ficie de deux accords :<\/p>\n\n\n\n<p class=\"wp-block-paragraph\">\u2013 un programme ex\u00e9cutif de coop\u00e9ration sanitaire pour 2026-2028 ;<\/p>\n\n\n\n<p class=\"wp-block-paragraph\">\u2013 un m\u00e9morandum entre le minist\u00e8re tunisien de la Sant\u00e9 et le minist\u00e8re alg\u00e9rien de l\u2019Industrie pharmaceutique.<\/p>\n\n\n\n<p class=\"wp-block-paragraph\">La Tunisie et l\u2019Alg\u00e9rie ont aussi sign\u00e9 un accord entre SONEDE et l\u2019Alg\u00e9rienne des eaux, ainsi qu\u2019un accord d\u2019accr\u00e9ditation entre le Conseil national de l\u2019accr\u00e9ditation et l\u2019Organisme alg\u00e9rien d\u2019accr\u00e9ditation.<\/p>\n\n\n\n<p class=\"wp-block-paragraph\"><strong>Emploi, formation, jeunesse et sport<\/strong><\/p>\n\n\n\n<p class=\"wp-block-paragraph\">Les deux pays ont conclu un accord de coop\u00e9ration dans l\u2019emploi et un accord de jumelage entre la Direction g\u00e9n\u00e9rale du travail de Tunisie et l\u2019Inspection g\u00e9n\u00e9rale du travail d\u2019Alg\u00e9rie. Un programme ex\u00e9cutif d\u00e9di\u00e9 \u00e0 la jeunesse pour 2026-2027 et un programme dans le domaine du sport compl\u00e8tent ce volet.<\/p>\n\n\n\n<p class=\"wp-block-paragraph\">La formation professionnelle est renforc\u00e9e par un accord entre le CNFPPP (Tunisie) et l\u2019Institut \u201cKassi Tahar\u201d d\u2019El-Biar.<\/p>\n\n\n\n<p class=\"wp-block-paragraph\">Assurances, lutte contre le blanchiment et droits d\u2019auteur<\/p>\n\n\n\n<p class=\"wp-block-paragraph\">Plusieurs textes concernent la r\u00e9gulation :<\/p>\n\n\n\n<p class=\"wp-block-paragraph\">\u2013 un accord de coop\u00e9ration contre le blanchiment, le financement du terrorisme et la prolif\u00e9ration dans le secteur des assurances ;<\/p>\n\n\n\n<p class=\"wp-block-paragraph\">\u2013 un m\u00e9morandum d\u2019entente entre les autorit\u00e9s de supervision des assurances ;<\/p>\n\n\n\n<p class=\"wp-block-paragraph\">\u2013 un accord de coop\u00e9ration entre les organismes nationaux des droits d\u2019auteur.<\/p>\n\n\n\n<p class=\"wp-block-paragraph\"><strong>Transport et p\u00eache maritime<\/strong><\/p>\n\n\n\n<p class=\"wp-block-paragraph\">La Tunisie et l\u2019Alg\u00e9rie ont sign\u00e9 un accord d\u2019exploitation conjointe de lignes de transport routier international de personnes. Un autre accord unit le Groupement interprofessionnel tunisien des produits de la p\u00eache et la Chambre alg\u00e9rienne de la p\u00eache maritime et de l\u2019aquaculture.<\/p>\n\n\n\n<p class=\"wp-block-paragraph\">La session s\u2019est conclue par la signature du proc\u00e8s-verbal officiel de la 23\u1d49 Commission mixte.<\/p>\n","protected":false},"excerpt":{"rendered":"<p>La Tunisie et l\u2019Alg\u00e9rie ont sign\u00e9, vendredi, vingt-cinq accords, programmes ex\u00e9cutifs, m\u00e9morandums d\u2019entente et accords de jumelage dans le cadre de la 23\u1d49 session de la Haute Commission mixte tuniso-alg\u00e9rienne, organis\u00e9e \u00e0 Tunis. La cheffe du gouvernement, Sarra Zaafrani Zenzri, et le Premier ministre alg\u00e9rien, Sifi Ghreib, ont copr\u00e9sid\u00e9 la r\u00e9union en pr\u00e9sence des d\u00e9l\u00e9gations [&hellip;]<\/p>\n","protected":false},"author":4,"featured_media":69850,"comment_status":"open","ping_status":"closed","sticky":false,"template":"","format":"standard","meta":{"content-type":"","jnews-multi-image_gallery":[],"jnews_single_post":{"format":"standard"},"jnews_primary_category":[],"jnews_override_bookmark_settings":[],"jnews_review":[],"enable_review":"","type":"","name":"","summary":"","brand":"","sku":"","good":[],"bad":[],"score_override":"","override_value":"","rating":[],"price":[],"jnews_post_split":[],"footnotes":""},"categories":[2],"tags":[2306,2410,2500,1741,54],"class_list":["post-69849","post","type-post","status-publish","format-standard","has-post-thumbnail","hentry","category-news-politique","tag-accords","tag-algerie","tag-haute-commission-mixte","tag-signature","tag-tunisie"],"_links":{"self":[{"href":"https:\/\/www.africanchallenges.com\/index.php?rest_route=\/wp\/v2\/posts\/69849","targetHints":{"allow":["GET"]}}],"collection":[{"href":"https:\/\/www.africanchallenges.com\/index.php?rest_route=\/wp\/v2\/posts"}],"about":[{"href":"https:\/\/www.africanchallenges.com\/index.php?rest_route=\/wp\/v2\/types\/post"}],"author":[{"embeddable":true,"href":"https:\/\/www.africanchallenges.com\/index.php?rest_route=\/wp\/v2\/users\/4"}],"replies":[{"embeddable":true,"href":"https:\/\/www.africanchallenges.com\/index.php?rest_route=%2Fwp%2Fv2%2Fcomments&post=69849"}],"version-history":[{"count":1,"href":"https:\/\/www.africanchallenges.com\/index.php?rest_route=\/wp\/v2\/posts\/69849\/revisions"}],"predecessor-version":[{"id":69851,"href":"https:\/\/www.africanchallenges.com\/index.php?rest_route=\/wp\/v2\/posts\/69849\/revisions\/69851"}],"wp:featuredmedia":[{"embeddable":true,"href":"https:\/\/www.africanchallenges.com\/index.php?rest_route=\/wp\/v2\/media\/69850"}],"wp:attachment":[{"href":"https:\/\/www.africanchallenges.com\/index.php?rest_route=%2Fwp%2Fv2%2Fmedia&parent=69849"}],"wp:term":[{"taxonomy":"category","embeddable":true,"href":"https:\/\/www.africanchallenges.com\/index.php?rest_route=%2Fwp%2Fv2%2Fcategories&post=69849"},{"taxonomy":"post_tag","embeddable":true,"href":"https:\/\/www.africanchallenges.com\/index.php?rest_route=%2Fwp%2Fv2%2Ftags&post=69849"}],"curies":[{"name":"wp","href":"https:\/\/api.w.org\/{rel}","templated":true}]}}