{"id":69758,"date":"2025-12-08T21:36:50","date_gmt":"2025-12-08T20:36:50","guid":{"rendered":"https:\/\/www.africanchallenges.com\/?p=69758"},"modified":"2025-12-08T21:47:19","modified_gmt":"2025-12-08T20:47:19","slug":"reunion-du-conseil-dadministration-et-lassemblee-generale-annuelle-de-la-connect","status":"publish","type":"post","link":"https:\/\/www.africanchallenges.com\/?p=69758","title":{"rendered":"R\u00e9union du Conseil d&rsquo;Administration et l&rsquo;assembl\u00e9e g\u00e9n\u00e9rale annuelle de la connect"},"content":{"rendered":"\n<p class=\"wp-block-paragraph\">Le samedi 06 d\u00e9cembre 2025, la r\u00e9union du Conseil d&rsquo;Administration et R\u00e9union du Conseil d&rsquo;Administration et l&rsquo;assembl\u00e9e g\u00e9n\u00e9rale annuelle de la connect  se sont tenues sous la pr\u00e9sidence de M. Aslan berrjab et en pr\u00e9sence des membres du Bureau Ex\u00e9cutif, du pr\u00e9sident de connect international, des membres du comit\u00e9 des anciens, des chefs et repr\u00e9sentants des bureaux r\u00e9gionaux et des conseils professionnels nationaux et r\u00e9gionaux.<\/p>\n\n\n\n<p class=\"wp-block-paragraph\">Apr\u00e8s s&rsquo;\u00eatre f\u00e9licit\u00e9 de l&rsquo;aimable pr\u00e9sence, le chef de l&rsquo;organisation a relev\u00e9 la dynamique continue de la mise en place et du d\u00e9veloppement des structures professionnelles r\u00e9gionales et nationales au cours de la premi\u00e8re moiti\u00e9 de la p\u00e9riode \u00e9lectorale 2023-2027, notant l&rsquo;importance de cet \u00e9lan pour renforcer le rayonnement de l&rsquo;organisation et sa capacit\u00e9 \u00e0 repr\u00e9senter les int\u00e9r\u00eats des institutions tunisiennes \u00e0 diff\u00e9rents niveaux.<\/p>\n\n\n\n<p class=\"wp-block-paragraph\">Les d\u00e9lib\u00e9rations ont port\u00e9 sur les axes suivants: ratification des amendements aux lois fondamentales et au r\u00e8glement int\u00e9rieur de l&rsquo;organisation et nomination d&rsquo;un commissaire aux comptes pour la p\u00e9riode 2025-2027.<\/p>\n\n\n\n<p class=\"wp-block-paragraph\">Les propositions d&rsquo;amendements aux lois fondamentales et au r\u00e8glement int\u00e9rieur de Connect ont \u00e9t\u00e9 approuv\u00e9es dans le cadre de la mise \u00e0 jour du cadre juridique et r\u00e9glementaire de l&rsquo;organisation pour suivre l&rsquo;\u00e9volution et renforcer l&rsquo;efficacit\u00e9 du travail institutionnel. La nomination d&rsquo;un nouveau commissaire aux comptes pour l&rsquo;exercice comptable 2025-2027 a \u00e9galement \u00e9t\u00e9 approuv\u00e9e \u00e0 l&rsquo;unanimit\u00e9<\/p>\n\n\n\n<p class=\"wp-block-paragraph\"><strong>Bilan des activit\u00e9s du quatri\u00e8me triennat et du programme de travail pour 2026<\/strong>:<\/p>\n\n\n\n<p class=\"wp-block-paragraph\">Les activit\u00e9s men\u00e9es au cours du quatri\u00e8me triennat de 2025 ont \u00e9t\u00e9 pass\u00e9es en revue au niveau de Central connect, international connect, des bureaux r\u00e9gionaux et des campus professionnels. Le conseil a salu\u00e9 la vitalit\u00e9 et la diversit\u00e9 des programmes mis en \u0153uvre, appelant \u00e0 renforcer encore la coordination entre les diff\u00e9rentes structures pour assurer l&rsquo;int\u00e9gration des efforts et maximiser l&rsquo;impact<\/p>\n\n\n\n<p class=\"wp-block-paragraph\">Les programmes d&rsquo;activit\u00e9s des structures pour l&rsquo;ann\u00e9e 2026 ont \u00e9galement \u00e9t\u00e9 pass\u00e9s en revue, qui met l&rsquo;accent sur le soutien \u00e0 la comp\u00e9titivit\u00e9 des entreprises, la promotion de l&rsquo;innovation, les transformations num\u00e9riques et environnementales, et le d\u00e9veloppement des comp\u00e9tences en leadership des entrepreneurs, avec une importance particuli\u00e8re accord\u00e9e \u00e0 l&rsquo;accompagnement des petites et moyennes entreprises, notamment en ce qui concerne la responsabilit\u00e9 sociale des entreprises.<\/p>\n\n\n\n<p class=\"wp-block-paragraph\"><strong>\u00c9tude des enjeux \u00e9conomiques nationaux<\/strong>:<\/p>\n\n\n\n<p class=\"wp-block-paragraph\">Le conseil a discut\u00e9 en profondeur du projet de loi de finances pour l&rsquo;ann\u00e9e 2026, o\u00f9 les participants ont exprim\u00e9 leur inqui\u00e9tude face \u00e0 la pression fiscale croissante sur les entreprises et au co\u00fbt de la transition \u00e9nerg\u00e9tique, ainsi qu&rsquo;aux effets n\u00e9gatifs de l&rsquo;instabilit\u00e9 du cadre fiscal sur le climat d&rsquo;investissement. Le conseil a soulign\u00e9 la n\u00e9cessit\u00e9 de trouver un \u00e9quilibre entre les exigences de financement public \u00e0 court terme et la n\u00e9cessit\u00e9 d&rsquo;une politique budg\u00e9taire stimulante qui soutienne la croissance \u00e9conomique \u00e0 moyen et long terme<\/p>\n\n\n\n<p class=\"wp-block-paragraph\"><strong>Publication de la premi\u00e8re note d&rsquo;orientation du conseil scientifique: <\/strong><\/p>\n\n\n\n<p class=\"wp-block-paragraph\">Lors d&rsquo;un \u00e9v\u00e9nement de grande envergure, le Conseil scientifique de connect a pr\u00e9sent\u00e9 son premier policy brief, qui a abord\u00e9 les nouveaux d\u00e9veloppements g\u00e9opolitiques et leur impact sur le positionnement de l&rsquo;institution tunisienne et de l&rsquo;\u00e9conomie nationale en g\u00e9n\u00e9ral. La synth\u00e8se pr\u00e9sente des sc\u00e9narios possibles d&rsquo;\u00e9volutions g\u00e9opolitiques r\u00e9gionales et internationales et propose des pistes d&rsquo;excellence et de positionnement strat\u00e9gique de l&rsquo;\u00e9conomie tunisienne dans un monde en mutation rapide<\/p>\n\n\n\n<p class=\"wp-block-paragraph\">Cette note vise \u00e0 fournir aux d\u00e9cideurs et aux acteurs \u00e9conomiques une analyse strat\u00e9gique qui les aide \u00e0 comprendre les d\u00e9fis et opportunit\u00e9s \u00e9mergents, et soutient les efforts de repositionnement de l&rsquo;\u00e9conomie tunisienne au sein de nouvelles cha\u00eenes de valeur r\u00e9gionales et internationales<\/p>\n\n\n\n<p class=\"wp-block-paragraph\"><strong>Approbation du budget pr\u00e9visionnel pour l&rsquo;ann\u00e9e 2026<\/strong>:<\/p>\n\n\n\n<p class=\"wp-block-paragraph\">Dans le cadre de l&rsquo;assembl\u00e9e g\u00e9n\u00e9rale annuelle, le budget pr\u00e9visionnel pour 2026 a \u00e9t\u00e9 approuv\u00e9 \u00e0 l&rsquo;unanimit\u00e9, ce qui refl\u00e8te l&rsquo;engagement de l&rsquo;organisation \u00e0 poursuivre ses programmes ambitieux tout en maintenant la discipline financi\u00e8re et la transparence dans la gestion<\/p>\n\n\n\n<p class=\"wp-block-paragraph\">\u00c0 l&rsquo;issue de la r\u00e9union, les membres du conseil d&rsquo;administration et de la session pl\u00e9ni\u00e8re ont renouvel\u00e9 l&rsquo;engagement de connect \u00e0 poursuivre son r\u00f4le de force de proposition active et de contributeur \u00e0 la formulation des politiques \u00e9conomiques nationales, en s&rsquo;attachant \u00e0 permettre aux institutions tunisiennes de faire face aux d\u00e9fis \u00e9conomiques et sociaux contemporains, et de se positionner fortement dans l&rsquo;\u00e9conomie r\u00e9gionale et mondiale, au service du d\u00e9veloppement durable et de la prosp\u00e9rit\u00e9 nationale<\/p>\n","protected":false},"excerpt":{"rendered":"<p>Le samedi 06 d\u00e9cembre 2025, la r\u00e9union du Conseil d&rsquo;Administration et R\u00e9union du Conseil d&rsquo;Administration et l&rsquo;assembl\u00e9e g\u00e9n\u00e9rale annuelle de la connect se sont tenues sous la pr\u00e9sidence de M. Aslan berrjab et en pr\u00e9sence des membres du Bureau Ex\u00e9cutif, du pr\u00e9sident de connect international, des membres du comit\u00e9 des anciens, des chefs et repr\u00e9sentants [&hellip;]<\/p>\n","protected":false},"author":4,"featured_media":69759,"comment_status":"open","ping_status":"closed","sticky":false,"template":"","format":"standard","meta":{"content-type":"","jnews-multi-image_gallery":[],"jnews_single_post":{"format":"standard"},"jnews_primary_category":[],"jnews_override_bookmark_settings":[],"jnews_review":[],"enable_review":"","type":"","name":"","summary":"","brand":"","sku":"","good":[],"bad":[],"score_override":"","override_value":"","rating":[],"price":[],"jnews_post_split":[],"footnotes":""},"categories":[2],"tags":[17184,4523,17183,1797],"class_list":["post-69758","post","type-post","status-publish","format-standard","has-post-thumbnail","hentry","category-news-politique","tag-connect","tag-conseil-dadministration","tag-lassemblee-generale-annuelle","tag-reunion"],"_links":{"self":[{"href":"https:\/\/www.africanchallenges.com\/index.php?rest_route=\/wp\/v2\/posts\/69758","targetHints":{"allow":["GET"]}}],"collection":[{"href":"https:\/\/www.africanchallenges.com\/index.php?rest_route=\/wp\/v2\/posts"}],"about":[{"href":"https:\/\/www.africanchallenges.com\/index.php?rest_route=\/wp\/v2\/types\/post"}],"author":[{"embeddable":true,"href":"https:\/\/www.africanchallenges.com\/index.php?rest_route=\/wp\/v2\/users\/4"}],"replies":[{"embeddable":true,"href":"https:\/\/www.africanchallenges.com\/index.php?rest_route=%2Fwp%2Fv2%2Fcomments&post=69758"}],"version-history":[{"count":2,"href":"https:\/\/www.africanchallenges.com\/index.php?rest_route=\/wp\/v2\/posts\/69758\/revisions"}],"predecessor-version":[{"id":69761,"href":"https:\/\/www.africanchallenges.com\/index.php?rest_route=\/wp\/v2\/posts\/69758\/revisions\/69761"}],"wp:featuredmedia":[{"embeddable":true,"href":"https:\/\/www.africanchallenges.com\/index.php?rest_route=\/wp\/v2\/media\/69759"}],"wp:attachment":[{"href":"https:\/\/www.africanchallenges.com\/index.php?rest_route=%2Fwp%2Fv2%2Fmedia&parent=69758"}],"wp:term":[{"taxonomy":"category","embeddable":true,"href":"https:\/\/www.africanchallenges.com\/index.php?rest_route=%2Fwp%2Fv2%2Fcategories&post=69758"},{"taxonomy":"post_tag","embeddable":true,"href":"https:\/\/www.africanchallenges.com\/index.php?rest_route=%2Fwp%2Fv2%2Ftags&post=69758"}],"curies":[{"name":"wp","href":"https:\/\/api.w.org\/{rel}","templated":true}]}}