{"id":69719,"date":"2025-12-08T09:46:13","date_gmt":"2025-12-08T08:46:13","guid":{"rendered":"https:\/\/www.africanchallenges.com\/?p=69719"},"modified":"2025-12-08T10:12:22","modified_gmt":"2025-12-08T09:12:22","slug":"tunisie-le-ministre-des-affaires-etrangeres-copreside-une-table-ronde-ministerielle-organisee-par-loim-a-geneve-sous-le-theme-la-migration-en-afrique-a-la-croisee-des-chemins-de-la-c","status":"publish","type":"post","link":"https:\/\/www.africanchallenges.com\/?p=69719","title":{"rendered":"Tunisie : Le ministre des Affaires \u00e9trang\u00e8res copr\u00e9side une table ronde minist\u00e9rielle organis\u00e9e par l\u2019OIM \u00e0 Gen\u00e8ve, sous le th\u00e8me : \u00ab\u00a0La migration en Afrique \u00e0 la crois\u00e9e des chemins : de la coop\u00e9ration \u00e0 la recherche de solutions\u00a0\u00bb"},"content":{"rendered":"\n<p class=\"wp-block-paragraph\">\u00c0 l\u2019invitation de la Directrice G\u00e9n\u00e9rale de l\u2019Organisation Internationale pour les Migrations (OIM), Mme Amy Pope, M. Mohamed Ali Nafti, Ministre des Affaires Etrang\u00e8res, de la Migration et des Tunisiens \u00e0 l\u2019Etranger, a copr\u00e9sid\u00e9 aujourd\u2019hui, 6 d\u00e9cembre 2025, une table ronde minist\u00e9rielle organis\u00e9e par l\u2019OIM \u00e0 Gen\u00e8ve, sous le th\u00e8me : \u00ab La migration en Afrique \u00e0 la crois\u00e9e des chemins : de la coop\u00e9ration \u00e0 la recherche de solutions \u00bb, aux c\u00f4t\u00e9s des Ministres et responsables charg\u00e9s du dossier migratoire dans plusieurs pays africains.<\/p>\n\n\n\n<p class=\"wp-block-paragraph\">Dans son intervention, M. le Ministre a expos\u00e9 les efforts d\u00e9ploy\u00e9s par la Tunisie pour contribuer \u00e0 la recherche de solutions pratiques au ph\u00e9nom\u00e8ne de la migration irr\u00e9guli\u00e8re, fond\u00e9es sur une approche globale reposant sur le respect de la dignit\u00e9 des migrants, victimes des r\u00e9seaux de traite des \u00eatres humains, et sur la sauvegarde des vies. Il a soulign\u00e9 l\u2019importance de concilier la dimension humanitaire avec les imp\u00e9ratifs de s\u00e9curit\u00e9, de d\u00e9veloppement, de partage des responsabilit\u00e9s et de coordination entre les partenaires r\u00e9gionaux et internationaux dans le traitement de ce ph\u00e9nom\u00e8ne.<\/p>\n\n\n\n<p class=\"wp-block-paragraph\">M. le Ministre a \u00e9galement rappel\u00e9 la position de principe, ferme et constante, de la Tunisie refusant d\u2019\u00eatre un pays de transit ou de s\u00e9jour pour les migrants en situation irr\u00e9guli\u00e8re, affirmant que la mobilisation des ressources humaines et mat\u00e9rielles pour prot\u00e9ger ses fronti\u00e8res n\u2019est en aucune mani\u00e8re une forme de rejet de l\u2019autre. Il a pr\u00e9cis\u00e9 que la Tunisie demeurera une terre de rencontre des civilisations, d\u00e8s lors que les r\u00e8gles de s\u00e9jour y sont respect\u00e9es.<\/p>\n\n\n\n<p class=\"wp-block-paragraph\">M. le Ministre a pr\u00e9sent\u00e9, en particulier, les diverses mesures et dispositions concr\u00e8tes prises par les autorit\u00e9s tunisiennes comp\u00e9tentes afin d\u2019assurer le bon d\u00e9roulement du processus de retour volontaire, en coordination \u00e9troite avec le bureau de l\u2019OIM en Tunisie. \u00c0 cet \u00e9gard, il a soulign\u00e9 la n\u00e9cessit\u00e9 d\u2019am\u00e9liorer l\u2019efficacit\u00e9 de ce m\u00e9canisme \u00e0 travers une meilleure coordination r\u00e9gionale et internationale, afin de restreindre davantage et d\u2019\u00e9liminer l\u2019activit\u00e9 des r\u00e9seaux de traite des \u00eatres humains. Il a \u00e9galement mis en avant l\u2019importance du financement de projets de d\u00e9veloppement au profit des jeunes \u00e0 leur retour dans leurs pays d\u2019origine, affirmant que cette d\u00e9marche permettra de passer du \u00ab d\u00e9placement contraint \u00bb au \u00ab d\u00e9placement concert\u00e9 \u00bb et de substituer \u00e0 la logique de l\u2019assistance une logique de partenariat fond\u00e9e sur l\u2019int\u00e9r\u00eat commun, l\u2019\u00e9change de comp\u00e9tences et le transfert de technologies, g\u00e9n\u00e9rant ainsi des r\u00e9sultats mutuellement b\u00e9n\u00e9fiques pour toutes les parties.<\/p>\n\n\n\n<p class=\"wp-block-paragraph\">Par ailleurs, M. le Ministre s\u2019est entretenu avec Mme Amy Pope, Directrice G\u00e9n\u00e9rale de l\u2019OIM, ainsi qu\u2019avec plusieurs responsables de l\u2019Organisation. La r\u00e9union a \u00e9t\u00e9 l\u2019occasion d\u2019examiner les relations de coop\u00e9ration entre la Tunisie et l\u2019OIM, d\u2019acc\u00e9l\u00e9rer le rythme des programmes de retour volontaire des migrants en situation irr\u00e9guli\u00e8re vers leurs pays d\u2019origine, ainsi que de les accompagner \u00e0 travers un soutien \u00e0 la cr\u00e9ation de projets de d\u00e9veloppement dans leurs pays.<\/p>\n\n\n\n<p class=\"wp-block-paragraph\">M. le Ministre a \u00e9galement eu une rencontre avec son homologue du B\u00e9nin, M. Olushegun ADJADI BAKARI, au cours de laquelle les deux parties ont salu\u00e9 la coop\u00e9ration \u00e9conomique et universitaire existant entre les deux pays et ont convenu d\u2019une bonne pr\u00e9paration de la prochaine \u00e9ch\u00e9ance bilat\u00e9rale, en vue de d\u00e9velopper et d\u2019\u00e9largir les perspectives de cette coop\u00e9ration.<\/p>\n","protected":false},"excerpt":{"rendered":"<p>\u00c0 l\u2019invitation de la Directrice G\u00e9n\u00e9rale de l\u2019Organisation Internationale pour les Migrations (OIM), Mme Amy Pope, M. Mohamed Ali Nafti, Ministre des Affaires Etrang\u00e8res, de la Migration et des Tunisiens \u00e0 l\u2019Etranger, a copr\u00e9sid\u00e9 aujourd\u2019hui, 6 d\u00e9cembre 2025, une table ronde minist\u00e9rielle organis\u00e9e par l\u2019OIM \u00e0 Gen\u00e8ve, sous le th\u00e8me : \u00ab La migration en [&hellip;]<\/p>\n","protected":false},"author":4,"featured_media":69720,"comment_status":"open","ping_status":"closed","sticky":false,"template":"","format":"standard","meta":{"content-type":"","jnews-multi-image_gallery":[],"jnews_single_post":{"format":"standard"},"jnews_primary_category":[],"jnews_override_bookmark_settings":[],"jnews_review":[],"enable_review":"","type":"","name":"","summary":"","brand":"","sku":"","good":[],"bad":[],"score_override":"","override_value":"","rating":[],"price":[],"jnews_post_split":[],"footnotes":""},"categories":[2],"tags":[63,298,6993,944,288,9948],"class_list":["post-69719","post","type-post","status-publish","format-standard","has-post-thumbnail","hentry","category-news-politique","tag-afrique","tag-cooperation","tag-geneve","tag-migration","tag-oim","tag-solutions"],"_links":{"self":[{"href":"https:\/\/www.africanchallenges.com\/index.php?rest_route=\/wp\/v2\/posts\/69719","targetHints":{"allow":["GET"]}}],"collection":[{"href":"https:\/\/www.africanchallenges.com\/index.php?rest_route=\/wp\/v2\/posts"}],"about":[{"href":"https:\/\/www.africanchallenges.com\/index.php?rest_route=\/wp\/v2\/types\/post"}],"author":[{"embeddable":true,"href":"https:\/\/www.africanchallenges.com\/index.php?rest_route=\/wp\/v2\/users\/4"}],"replies":[{"embeddable":true,"href":"https:\/\/www.africanchallenges.com\/index.php?rest_route=%2Fwp%2Fv2%2Fcomments&post=69719"}],"version-history":[{"count":1,"href":"https:\/\/www.africanchallenges.com\/index.php?rest_route=\/wp\/v2\/posts\/69719\/revisions"}],"predecessor-version":[{"id":69721,"href":"https:\/\/www.africanchallenges.com\/index.php?rest_route=\/wp\/v2\/posts\/69719\/revisions\/69721"}],"wp:featuredmedia":[{"embeddable":true,"href":"https:\/\/www.africanchallenges.com\/index.php?rest_route=\/wp\/v2\/media\/69720"}],"wp:attachment":[{"href":"https:\/\/www.africanchallenges.com\/index.php?rest_route=%2Fwp%2Fv2%2Fmedia&parent=69719"}],"wp:term":[{"taxonomy":"category","embeddable":true,"href":"https:\/\/www.africanchallenges.com\/index.php?rest_route=%2Fwp%2Fv2%2Fcategories&post=69719"},{"taxonomy":"post_tag","embeddable":true,"href":"https:\/\/www.africanchallenges.com\/index.php?rest_route=%2Fwp%2Fv2%2Ftags&post=69719"}],"curies":[{"name":"wp","href":"https:\/\/api.w.org\/{rel}","templated":true}]}}