{"id":69693,"date":"2025-12-08T08:58:08","date_gmt":"2025-12-08T07:58:08","guid":{"rendered":"https:\/\/www.africanchallenges.com\/?p=69693"},"modified":"2025-12-08T08:58:54","modified_gmt":"2025-12-08T07:58:54","slug":"tunisie-sommet-de-lintelligence-artificielle-vers-le-futur-2025-une-volonte-de-renforcer-le-role-des-technologies","status":"publish","type":"post","link":"https:\/\/www.africanchallenges.com\/?p=69693","title":{"rendered":"Tunisie : \u00ab\u00a0Sommet\u00a0de\u00a0l&rsquo;Intelligence Artificielle vers le Futur 2025\u00a0\u00bb, une volont\u00e9 de renforcer le r\u00f4le des technologies&#8230;"},"content":{"rendered":"\n<p class=\"wp-block-paragraph\">L&rsquo;Organisation Arabe des technologies de la communication et de l&rsquo;information, en coop\u00e9ration et partenariat avec le Minist\u00e8re des technologies de la communication de la R\u00e9publique Tunisienne, a organis\u00e9 le \u201cSommet de\u00a0l&rsquo;Intelligence Artificielle vers le Futur<em> <\/em>2025\u00a0\u00bb ,  du 30 novembre au 3 d\u00e9cembre 2025, au palais des conf\u00e9rences de Tunis, la capitale. Ce sommet a r\u00e9uni des dirigeants arabes et internationaux de haut niveau, des d\u00e9cideurs et des experts des organisations internationales et r\u00e9gionales les plus \u00e9minentes, dont Son Excellence le ministre des Affaires \u00c9trang\u00e8res, des Migrations et des Tunisiens de l&rsquo;\u00e9tranger, Son Excellence le ministre des Technologies de la communication, Son Excellence le Secr\u00e9taire G\u00e9n\u00e9ral de la ligue des \u00c9tats arabes, et Son Excellence le secr\u00e9taire g\u00e9n\u00e9ral de l&rsquo;Union Internationale des T\u00e9l\u00e9communications, Son Excellence le ministre des Postes, des T\u00e9l\u00e9communications et de l&rsquo;\u00e9conomie num\u00e9rique Le ministre des communications et de l&rsquo;\u00e9conomie num\u00e9rique de l&rsquo;\u00c9tat de Palestine, en plus des d\u00e9l\u00e9gations gouvernementales, des experts et des repr\u00e9sentants d&rsquo;entreprises internationales et d&rsquo;institutions acad\u00e9miques.<\/p>\n\n\n\n<p class=\"wp-block-paragraph\">Le sommet s&rsquo;est tenu en partenariat avec un certain nombre d&rsquo;organisations internationales et r\u00e9gionales de premier plan, notamment l&rsquo;Union internationale des t\u00e9l\u00e9communications, l&rsquo;UNESCO, l&rsquo;Association internationale des r\u00e9seaux mobiles, la CESAO, le Conseil de l&rsquo;Europe, le D\u00e9partement du d\u00e9veloppement durable de la ligue des \u00c9tats arabes, l&rsquo;Alliance Smart Africa, la F\u00e9d\u00e9ration arabe pour l&rsquo;\u00e9conomie num\u00e9rique, l&rsquo;Union arabe de l&rsquo;Internet et des T\u00e9l\u00e9communications, le Centre National pour la transformation num\u00e9rique et l&rsquo;intelligence artificielle de l&rsquo;\u00c9tat de Palestine, en plus d&rsquo;un certain nombre d&rsquo;autres institutions partenaires, dont Etisalat Tunisie, Huawei, PwC Tunisie, la Banque mondiale et l&rsquo;Agence allemande de coop\u00e9ration.<\/p>\n\n\n\n<p class=\"wp-block-paragraph\">Lors de son discours d&rsquo;ouverture, S.E. l&rsquo;ing\u00e9nieur Mohammed Ben Omar, Directeur g\u00e9n\u00e9ral de l&rsquo;Organisation arabe des technologies de l&rsquo;information et de la communication, a soulign\u00e9 que l&rsquo;organisation de ce sommet refl\u00e8te un fort engagement arabe \u00e0 unir les efforts et \u00e0 renforcer la coop\u00e9ration r\u00e9gionale et internationale afin d&rsquo;orienter la voie de l&rsquo;intelligence artificielle vers un d\u00e9veloppement global, s\u00fbr et \u00e9thique, soulignant l&rsquo;importance de la transition de la soci\u00e9t\u00e9 de l&rsquo;information \u00e0 la soci\u00e9t\u00e9 de l&rsquo;intelligence, et le r\u00f4le central du sommet dans le d\u00e9veloppement d&rsquo;une vision arabe unifi\u00e9e en pr\u00e9paration de l&rsquo;examen mondial du SMSI+20. il a \u00e9galement exprim\u00e9 sa gratitude \u00e0 la R\u00e9publique tunisienne pour avoir accueilli l&rsquo;\u00e9v\u00e9nement et \u00e0 la Ligue des \u00c9tats arabes pour son soutien continu, soulignant que l&rsquo;ambition commune est de construire un syst\u00e8me arabe capable de produire Il a appel\u00e9 les pays et les institutions \u00e0 poursuivre la coop\u00e9ration pour atteindre des objectifs communs, consolider la souverainet\u00e9 num\u00e9rique et servir le d\u00e9veloppement durable \u00e0 travers de v\u00e9ritables partenariats et une vision strat\u00e9gique \u00e0 long terme.<\/p>\n\n\n\n<p class=\"wp-block-paragraph\">Le sommet a comport\u00e9 des interventions de haut niveau de hauts fonctionnaires et des sessions pivots sur la transition de la\u201d soci\u00e9t\u00e9 de l&rsquo;information \u00e0 la soci\u00e9t\u00e9 de l&rsquo;intelligence\u00a0\u00bb, au cours desquelles de hauts dirigeants internationaux et des experts ont pr\u00e9sent\u00e9 des perspectives strat\u00e9giques sur l&rsquo;avenir de l&rsquo;intelligence artificielle et de la transformation num\u00e9rique. Au cours de la session minist\u00e9rielle SMSI+20, les r\u00e9sultats de l&rsquo;examen mondial et ses nouvelles orientations ont \u00e9t\u00e9 examin\u00e9s, et la d\u00e9claration de Tunis sur la transition vers une soci\u00e9t\u00e9 intelligente a \u00e9t\u00e9 adopt\u00e9e. Les s\u00e9ances de discussion ont \u00e9galement abord\u00e9 les sujets de la gouvernance de l&rsquo;intelligence artificielle, de l&rsquo;interop\u00e9rabilit\u00e9 et de l&rsquo;\u00e9thique de l&rsquo;intelligence artificielle, en plus d&rsquo;examiner les succ\u00e8s r\u00e9gionaux dans la construction de syst\u00e8mes d&rsquo;intelligence artificielle et de fournir des mod\u00e8les inspirants pour les innovations \u00e9mergentes dans la r\u00e9gion. Les discours liminaires ont port\u00e9 sur l&rsquo;initiative arabe d&rsquo;intelligence artificielle, la Charte arabe d&rsquo;\u00e9thique de l&rsquo;intelligence artificielle, la construction d&rsquo;un syst\u00e8me de renseignement arabe unifi\u00e9, ainsi que des sessions sp\u00e9cialis\u00e9es sur l&rsquo;intelligence artificielle responsable, la cybers\u00e9curit\u00e9 \u00e0 l&rsquo;\u00e8re post-quantique, la gouvernance num\u00e9rique et le r\u00f4le de l&rsquo;innovation et des partenariats r\u00e9gionaux dans la r\u00e9alisation du d\u00e9veloppement durable.<\/p>\n\n\n\n<p class=\"wp-block-paragraph\">Les principaux \u00e9v\u00e9nements comprenaient le sommet des 2 et 3 d\u00e9cembre, la session minist\u00e9rielle de haut niveau du SMSI+20, un certain nombre d&rsquo;ateliers sur les technologies \u00e9mergentes et l&rsquo;intelligence artificielle le 1er d\u00e9cembre, un salon international pour les entreprises et les institutions avec un espace d\u00e9di\u00e9 aux startups, ainsi que des s\u00e9ances de dialogue sur les politiques et l&rsquo;\u00e9thique de l&rsquo;intelligence artificielle.<\/p>\n\n\n\n<p class=\"wp-block-paragraph\">&nbsp;Le programme du sommet s&rsquo;est concentr\u00e9 sur la mise en valeur de l&rsquo;innovation, de l&rsquo;entrepreneuriat des jeunes et des femmes, la pr\u00e9sentation de projets de d\u00e9marrage avanc\u00e9s, l&rsquo;honneur des laur\u00e9ats du concours Arab AI Hackathon, menant \u00e0 l&rsquo;annonce finale: \u201cCommunaut\u00e9 arabe du renseignement: un chemin et une feuille de route\u201d.<\/p>\n\n\n\n<p class=\"wp-block-paragraph\">Le sommet a abouti \u00e0 l&rsquo;adoption d&rsquo;un document de r\u00e9f\u00e9rence, la d\u00e9claration \u00ab\u00a0la communaut\u00e9 arabe du renseignement: un chemin et une feuille de route\u00a0\u00bb pour unifier la vision arabe vers la construction d&rsquo;une soci\u00e9t\u00e9 bas\u00e9e sur le renseignement et la connaissance.<\/p>\n","protected":false},"excerpt":{"rendered":"<p>L&rsquo;Organisation Arabe des technologies de la communication et de l&rsquo;information, en coop\u00e9ration et partenariat avec le Minist\u00e8re des technologies de la communication de la R\u00e9publique Tunisienne, a organis\u00e9 le \u201cSommet de\u00a0l&rsquo;Intelligence Artificielle vers le Futur 2025\u00a0\u00bb , du 30 novembre au 3 d\u00e9cembre 2025, au palais des conf\u00e9rences de Tunis, la capitale. Ce sommet a [&hellip;]<\/p>\n","protected":false},"author":4,"featured_media":69694,"comment_status":"open","ping_status":"closed","sticky":false,"template":"","format":"standard","meta":{"content-type":"","jnews-multi-image_gallery":[],"jnews_single_post":{"format":"standard"},"jnews_primary_category":[],"jnews_override_bookmark_settings":[],"jnews_review":[],"enable_review":"","type":"","name":"","summary":"","brand":"","sku":"","good":[],"bad":[],"score_override":"","override_value":"","rating":[],"price":[],"jnews_post_split":[],"footnotes":""},"categories":[2],"tags":[17162,1506,1326,10487],"class_list":["post-69693","post","type-post","status-publish","format-standard","has-post-thumbnail","hentry","category-news-politique","tag-futur-2025","tag-intelligence-artificielle","tag-sommet","tag-technologies"],"_links":{"self":[{"href":"https:\/\/www.africanchallenges.com\/index.php?rest_route=\/wp\/v2\/posts\/69693","targetHints":{"allow":["GET"]}}],"collection":[{"href":"https:\/\/www.africanchallenges.com\/index.php?rest_route=\/wp\/v2\/posts"}],"about":[{"href":"https:\/\/www.africanchallenges.com\/index.php?rest_route=\/wp\/v2\/types\/post"}],"author":[{"embeddable":true,"href":"https:\/\/www.africanchallenges.com\/index.php?rest_route=\/wp\/v2\/users\/4"}],"replies":[{"embeddable":true,"href":"https:\/\/www.africanchallenges.com\/index.php?rest_route=%2Fwp%2Fv2%2Fcomments&post=69693"}],"version-history":[{"count":1,"href":"https:\/\/www.africanchallenges.com\/index.php?rest_route=\/wp\/v2\/posts\/69693\/revisions"}],"predecessor-version":[{"id":69695,"href":"https:\/\/www.africanchallenges.com\/index.php?rest_route=\/wp\/v2\/posts\/69693\/revisions\/69695"}],"wp:featuredmedia":[{"embeddable":true,"href":"https:\/\/www.africanchallenges.com\/index.php?rest_route=\/wp\/v2\/media\/69694"}],"wp:attachment":[{"href":"https:\/\/www.africanchallenges.com\/index.php?rest_route=%2Fwp%2Fv2%2Fmedia&parent=69693"}],"wp:term":[{"taxonomy":"category","embeddable":true,"href":"https:\/\/www.africanchallenges.com\/index.php?rest_route=%2Fwp%2Fv2%2Fcategories&post=69693"},{"taxonomy":"post_tag","embeddable":true,"href":"https:\/\/www.africanchallenges.com\/index.php?rest_route=%2Fwp%2Fv2%2Ftags&post=69693"}],"curies":[{"name":"wp","href":"https:\/\/api.w.org\/{rel}","templated":true}]}}