{"id":69680,"date":"2025-12-01T13:26:22","date_gmt":"2025-12-01T12:26:22","guid":{"rendered":"https:\/\/www.africanchallenges.com\/?p=69680"},"modified":"2025-12-01T13:26:30","modified_gmt":"2025-12-01T12:26:30","slug":"forum-daffaires-et-dinvestissement-tuniso-turc-promouvoir-la-destination-tunisienne-pour-les-investissements-ainsi-que-les-possibilites-de-cooperation-et-de-partenariat-entre-les-deux-nations","status":"publish","type":"post","link":"https:\/\/www.africanchallenges.com\/?p=69680","title":{"rendered":"Forum d&rsquo;affaires et d&rsquo;Investissement Tuniso-Turc : Promouvoir la destination tunisienne pour les investissements ainsi que les possibilit\u00e9s de coop\u00e9ration et de partenariat entre les deux nations"},"content":{"rendered":"\n<p class=\"wp-block-paragraph\">Poursuivant ses efforts visant \u00e0 promouvoir la destination tunisienne d&rsquo;investissement en Turquie, et \u00e0 discuter des opportunit\u00e9s de coop\u00e9ration et de partenariat entre les deux pays,, l&rsquo;ambassade de la R\u00e9publique Tunisienne \u00e0 Ankara a organis\u00e9 le 27 novembre 2025, en collaboration avec le consulat g\u00e9n\u00e9ral, le \u00ab\u00a0Forum Tuniso-Turc des affaires et de l&rsquo;Investissement\u00a0\u00bb.<\/p>\n\n\n\n<p class=\"wp-block-paragraph\">Le forum, qui s&rsquo;est tenu sous la forme d&rsquo;un cercle de discussion sous la direction de l&rsquo;ambassadeur de la R\u00e9publique Tunisienne en Turquie, M. Ahmed Bensagir, a vu la participation de M. Mukhtar Shawari, directeur du marketing num\u00e9rique \u00e0 l&rsquo;Agence de Promotion des Investissements \u00c9trangers, FIPA, et de M. Riad Attiya, Directeur G\u00e9n\u00e9ral Adjoint du Centre de Promotion des Exportations. \u00c9taient \u00e9galement pr\u00e9sents un fonctionnaire turc, Mme Aylin Bebeko\u011flu, Directeur G\u00e9n\u00e9ral Adjoint des accords internationaux au Minist\u00e8re Turc du Commerce, ainsi que M. Kadir Mete Ge\u00e7er, pr\u00e9sident du Conseil d&rsquo;Affaires Tuniso-Turc\/DEIK, et l&rsquo;ancien ministre turc du Tourisme et de la Culture, M. B\u00fclent Akarcali.<\/p>\n\n\n\n<p class=\"wp-block-paragraph\">Le forum a \u00e9galement rassembl\u00e9 un nombre significatif de chefs d&rsquo;entreprise tunisiens et de leurs homologues turcs, ainsi que plusieurs entreprises priv\u00e9es tunisiennes (07 entreprises) et des repr\u00e9sentants des chambres d&rsquo;industrie de Sfax, Bizerte et du Nord-Est.<\/p>\n\n\n\n<p class=\"wp-block-paragraph\">\u00c0 cet \u00e9gard, des pr\u00e9sentations ont \u00e9t\u00e9 r\u00e9alis\u00e9es sur la destination tunisienne pour les investissements, et les moyens ainsi que les perspectives de renforcement des relations \u00e9conomiques entre la Tunisie et la Turquie ont \u00e9t\u00e9 abord\u00e9s sous divers angles.<\/p>\n\n\n\n<p class=\"wp-block-paragraph\">Au cours de son intervention, M. Ahmed Ben Saghir a pr\u00e9sent\u00e9 une analyse approfondie du climat des affaires dans notre pays, accompagn\u00e9e d&rsquo;une vid\u00e9o d&rsquo;introduction sur la destination tunisienne pour les investissements, en mettant l&rsquo;accent sur les lois favorisant l&rsquo;investissement et les incitations fiscales mises en place par l&rsquo;\u00c9tat tunisien pour le b\u00e9n\u00e9fice des investisseurs \u00e9trangers.<\/p>\n\n\n\n<p class=\"wp-block-paragraph\">Il a \u00e9galement mis en avant la d\u00e9termination de la Tunisie \u00e0 valoriser la dynamique des relations tuniso-turques, qui reposent sur un riche h\u00e9ritage culturel et historique, et \u00e0 progresser vers l&rsquo;\u00e9tablissement d&rsquo;une coop\u00e9ration fructueuse et constructive fond\u00e9e sur le principe du partenariat gagnant-gagnant pour les deux parties, conform\u00e9ment \u00e0 la nouvelle approche de ces relations qui lie le commerce \u00e0 l&rsquo;investissement et au d\u00e9veloppement, soulignant que notre pays dispose d&rsquo;un atout majeur en mati\u00e8re de confiance et de coop\u00e9ration avec de nombreux pays.<\/p>\n\n\n\n<p class=\"wp-block-paragraph\">Pour sa part, M. Mokhtar Chawary, repr\u00e9sentant de l&rsquo;agence pour la promotion des investissements \u00e9trangers, a, \u00e0 travers sa pr\u00e9sentation, abord\u00e9 le climat des affaires et les opportunit\u00e9s en Tunisie, en mettant en lumi\u00e8re les avantages comp\u00e9titifs qu&rsquo;il offre, a pass\u00e9 en revue un ensemble de donn\u00e9es concernant les investissements \u00e9trangers dans notre pays, ainsi que les projets futurs qu&rsquo;il envisage de r\u00e9aliser dans les secteurs industriel, agricole et des services, et a encourag\u00e9 les investisseurs turcs \u00e0 s&rsquo;engager dans leur mise en \u0153uvre.<\/p>\n\n\n\n<p class=\"wp-block-paragraph\">Lors de son intervention, Mme Aylin Bebeko\u011flu, repr\u00e9sentante du Minist\u00e8re turc du Commerce, a mis en avant la d\u00e9termination de son pays \u00e0 renforcer ses relations \u00e9conomiques avec la Tunisie, y compris dans les secteurs des investissements industriels et des infrastructures. Elle a soulign\u00e9 que la Turquie consid\u00e8re la Tunisie comme une priorit\u00e9 dans ses int\u00e9r\u00eats pour d\u00e9velopper sa coop\u00e9ration avec ses partenaires sur le continent africain, surtout en raison des avantages distinctifs qu&rsquo;elle offre en mati\u00e8re d&rsquo;infrastructures, de main-d&rsquo;\u0153uvre qualifi\u00e9e et d&rsquo;un environnement d&rsquo;investissement favorable.<\/p>\n\n\n\n<p class=\"wp-block-paragraph\">Au cours de leur intervention, M. Kadir Mete Ge\u00e7er et M. B\u00fclent Akarcali ont discut\u00e9 des grandes et prometteuses opportunit\u00e9s de renforcement des relations \u00e9conomiques et d&rsquo;investissement entre la Tunisie et la Turquie, en mettant en lumi\u00e8re les anciens liens culturels et historiques qui unissent les deux nations. Ils ont encourag\u00e9 les investisseurs turcs \u00e0 saisir l&rsquo;initiative d&rsquo;explorer les importantes et prometteuses opportunit\u00e9s d&rsquo;investissement que la Tunisie propose dans divers domaines.<\/p>\n\n\n\n<p class=\"wp-block-paragraph\">Le forum a conduit \u00e0 l&rsquo;organisation de r\u00e9unions bilat\u00e9rales B to B entre des repr\u00e9sentants de l&rsquo;Agence de Promotion des Investissements \u00c9trangers, du Centre de Promotion des Exportations, des hommes d&rsquo;affaires turcs et leurs homologues tunisiens. Au cours de ces rencontres, ils ont \u00e9chang\u00e9 sur les futures possibilit\u00e9s de coop\u00e9ration et de partenariat, suivies d&rsquo;une visite des participants au pavillon tunisien \u00e9tabli par l&rsquo;ambassade, ax\u00e9 sur le tourisme m\u00e9dical et hospitalier, en marge du halal summit and expo, qui se d\u00e9roulera du 26 au 29 novembre 2025.<\/p>\n","protected":false},"excerpt":{"rendered":"<p>Poursuivant ses efforts visant \u00e0 promouvoir la destination tunisienne d&rsquo;investissement en Turquie, et \u00e0 discuter des opportunit\u00e9s de coop\u00e9ration et de partenariat entre les deux pays,, l&rsquo;ambassade de la R\u00e9publique Tunisienne \u00e0 Ankara a organis\u00e9 le 27 novembre 2025, en collaboration avec le consulat g\u00e9n\u00e9ral, le \u00ab\u00a0Forum Tuniso-Turc des affaires et de l&rsquo;Investissement\u00a0\u00bb. Le forum, [&hellip;]<\/p>\n","protected":false},"author":4,"featured_media":69681,"comment_status":"open","ping_status":"closed","sticky":false,"template":"","format":"standard","meta":{"content-type":"","jnews-multi-image_gallery":[],"jnews_single_post":{"format":"standard"},"jnews_primary_category":[],"jnews_override_bookmark_settings":[],"jnews_review":[],"enable_review":"","type":"","name":"","summary":"","brand":"","sku":"","good":[],"bad":[],"score_override":"","override_value":"","rating":[],"price":[],"jnews_post_split":[],"footnotes":""},"categories":[43,73],"tags":[17159,17158,85,355,54,1707],"class_list":["post-69680","post","type-post","status-publish","format-standard","has-post-thumbnail","hentry","category-eco-business","category-eco","tag-destination-tunisienne","tag-forum-daffaires-et-dinvestissement-tuniso-turc","tag-investissement","tag-partenariat","tag-tunisie","tag-turquie"],"_links":{"self":[{"href":"https:\/\/www.africanchallenges.com\/index.php?rest_route=\/wp\/v2\/posts\/69680","targetHints":{"allow":["GET"]}}],"collection":[{"href":"https:\/\/www.africanchallenges.com\/index.php?rest_route=\/wp\/v2\/posts"}],"about":[{"href":"https:\/\/www.africanchallenges.com\/index.php?rest_route=\/wp\/v2\/types\/post"}],"author":[{"embeddable":true,"href":"https:\/\/www.africanchallenges.com\/index.php?rest_route=\/wp\/v2\/users\/4"}],"replies":[{"embeddable":true,"href":"https:\/\/www.africanchallenges.com\/index.php?rest_route=%2Fwp%2Fv2%2Fcomments&post=69680"}],"version-history":[{"count":1,"href":"https:\/\/www.africanchallenges.com\/index.php?rest_route=\/wp\/v2\/posts\/69680\/revisions"}],"predecessor-version":[{"id":69682,"href":"https:\/\/www.africanchallenges.com\/index.php?rest_route=\/wp\/v2\/posts\/69680\/revisions\/69682"}],"wp:featuredmedia":[{"embeddable":true,"href":"https:\/\/www.africanchallenges.com\/index.php?rest_route=\/wp\/v2\/media\/69681"}],"wp:attachment":[{"href":"https:\/\/www.africanchallenges.com\/index.php?rest_route=%2Fwp%2Fv2%2Fmedia&parent=69680"}],"wp:term":[{"taxonomy":"category","embeddable":true,"href":"https:\/\/www.africanchallenges.com\/index.php?rest_route=%2Fwp%2Fv2%2Fcategories&post=69680"},{"taxonomy":"post_tag","embeddable":true,"href":"https:\/\/www.africanchallenges.com\/index.php?rest_route=%2Fwp%2Fv2%2Ftags&post=69680"}],"curies":[{"name":"wp","href":"https:\/\/api.w.org\/{rel}","templated":true}]}}