{"id":69607,"date":"2025-11-28T09:53:00","date_gmt":"2025-11-28T08:53:00","guid":{"rendered":"https:\/\/www.africanchallenges.com\/?p=69607"},"modified":"2025-11-28T11:57:49","modified_gmt":"2025-11-28T10:57:49","slug":"tunisie-liberation-conditionnelle-de-lavocate-et-chroniqueuse-sonia-dahmani","status":"publish","type":"post","link":"https:\/\/www.africanchallenges.com\/?p=69607","title":{"rendered":"Tunisie : Lib\u00e9ration conditionnelle de l\u2019avocate et chroniqueuse Sonia Dahmani"},"content":{"rendered":"\n<p class=\"wp-block-paragraph\">La ministre de la Justice a sign\u00e9,  hier jeudi 27 novembre 2025, une d\u00e9cision accordant la lib\u00e9ration conditionnelle \u00e0 l\u2019avocate et chroniqueuse Sonia Dahmani. Selon une source inform\u00e9e cit\u00e9e par l\u2019agence de presse officielle TAP, l\u2019arr\u00eat\u00e9 pris aujourd\u2019hui m\u00eame autorisait sa remise en libert\u00e9 imm\u00e9diate.<\/p>\n\n\n\n<p class=\"wp-block-paragraph\">Poursuivie notamment pour avoir d\u00e9nonc\u00e9 les conditions carc\u00e9rales ou le racisme en Tunisie, l\u2019avocate cumulait d\u00e9j\u00e0 cinquante mois de prison ferme \u00e0 la suite de pr\u00e9c\u00e9dentes condamnations li\u00e9es \u00e0 ses prises de parole publiques, et restait d\u00e9tenue depuis dix-huit mois. Ses d\u00e9fenseurs estimaient que ces proc\u00e9dures visaient \u00e0 sanctionner sa libert\u00e9 d\u2019expression et \u00e0 prolonger sa d\u00e9tention par des renvois successifs.<\/p>\n\n\n\n<p class=\"wp-block-paragraph\"><strong>Avec TAP<\/strong><\/p>\n\n\n\n<p class=\"wp-block-paragraph\"><\/p>\n","protected":false},"excerpt":{"rendered":"<p>La ministre de la Justice a sign\u00e9, hier jeudi 27 novembre 2025, une d\u00e9cision accordant la lib\u00e9ration conditionnelle \u00e0 l\u2019avocate et chroniqueuse Sonia Dahmani. Selon une source inform\u00e9e cit\u00e9e par l\u2019agence de presse officielle TAP, l\u2019arr\u00eat\u00e9 pris aujourd\u2019hui m\u00eame autorisait sa remise en libert\u00e9 imm\u00e9diate. Poursuivie notamment pour avoir d\u00e9nonc\u00e9 les conditions carc\u00e9rales ou le [&hellip;]<\/p>\n","protected":false},"author":4,"featured_media":54485,"comment_status":"open","ping_status":"closed","sticky":false,"template":"","format":"standard","meta":{"content-type":"","jnews-multi-image_gallery":[],"jnews_single_post":{"format":"standard"},"jnews_primary_category":[],"jnews_override_bookmark_settings":[],"jnews_review":[],"enable_review":"","type":"","name":"","summary":"","brand":"","sku":"","good":[],"bad":[],"score_override":"","override_value":"","rating":[],"price":[],"jnews_post_split":[],"footnotes":""},"categories":[61],"tags":[14421,10188,12078,54],"class_list":["post-69607","post","type-post","status-publish","format-standard","has-post-thumbnail","hentry","category-societe","tag-liberation-conditionnelle","tag-ministre-de-la-justice","tag-sonia-dahmani","tag-tunisie"],"_links":{"self":[{"href":"https:\/\/www.africanchallenges.com\/index.php?rest_route=\/wp\/v2\/posts\/69607","targetHints":{"allow":["GET"]}}],"collection":[{"href":"https:\/\/www.africanchallenges.com\/index.php?rest_route=\/wp\/v2\/posts"}],"about":[{"href":"https:\/\/www.africanchallenges.com\/index.php?rest_route=\/wp\/v2\/types\/post"}],"author":[{"embeddable":true,"href":"https:\/\/www.africanchallenges.com\/index.php?rest_route=\/wp\/v2\/users\/4"}],"replies":[{"embeddable":true,"href":"https:\/\/www.africanchallenges.com\/index.php?rest_route=%2Fwp%2Fv2%2Fcomments&post=69607"}],"version-history":[{"count":1,"href":"https:\/\/www.africanchallenges.com\/index.php?rest_route=\/wp\/v2\/posts\/69607\/revisions"}],"predecessor-version":[{"id":69608,"href":"https:\/\/www.africanchallenges.com\/index.php?rest_route=\/wp\/v2\/posts\/69607\/revisions\/69608"}],"wp:featuredmedia":[{"embeddable":true,"href":"https:\/\/www.africanchallenges.com\/index.php?rest_route=\/wp\/v2\/media\/54485"}],"wp:attachment":[{"href":"https:\/\/www.africanchallenges.com\/index.php?rest_route=%2Fwp%2Fv2%2Fmedia&parent=69607"}],"wp:term":[{"taxonomy":"category","embeddable":true,"href":"https:\/\/www.africanchallenges.com\/index.php?rest_route=%2Fwp%2Fv2%2Fcategories&post=69607"},{"taxonomy":"post_tag","embeddable":true,"href":"https:\/\/www.africanchallenges.com\/index.php?rest_route=%2Fwp%2Fv2%2Ftags&post=69607"}],"curies":[{"name":"wp","href":"https:\/\/api.w.org\/{rel}","templated":true}]}}