{"id":69431,"date":"2025-11-24T09:53:50","date_gmt":"2025-11-24T08:53:50","guid":{"rendered":"https:\/\/www.africanchallenges.com\/?p=69431"},"modified":"2025-11-24T09:54:06","modified_gmt":"2025-11-24T08:54:06","slug":"une-premiere-dans-lhistoire-des-journees-theatrales-de-carthage-un-forum-international-du-theatre-sous-le-theme-lartiste-de-theatre-son-temps-et-ses-oeuvres","status":"publish","type":"post","link":"https:\/\/www.africanchallenges.com\/?p=69431","title":{"rendered":"Une premi\u00e8re dans l\u2019histoire des Journ\u00e9es Th\u00e9\u00e2trales de Carthage :\u00a0 Un Forum international du th\u00e9\u00e2tre sous le th\u00e8me : \u00ab L\u2019artiste de th\u00e9\u00e2tre, son temps et ses \u0153uvres \u00bb"},"content":{"rendered":"\n<p class=\"wp-block-paragraph\">Pour sa 26\u1d49 \u00e9dition, les Journ\u00e9es Th\u00e9\u00e2trales de Carthage innovent en lan\u00e7ant, pour la premi\u00e8re fois de leur histoire, un Forum international du th\u00e9\u00e2tre.<\/p>\n\n\n\n<p class=\"wp-block-paragraph\">Organis\u00e9 sur trois jours&nbsp; les 24, 25 et 26 novembre, ce rendez-vous in\u00e9dit portera sur le th\u00e8me : \u00ab L\u2019artiste de th\u00e9\u00e2tre : son temps et ses \u0153uvres \u00bb.<\/p>\n\n\n\n<p class=\"wp-block-paragraph\">Le forum r\u00e9unira des dramaturges, metteurs en sc\u00e8ne, chercheurs et universitaires issus du paysage th\u00e9\u00e2tral, artistique et des sciences humaines et sociales, venus de Tunisie et de nombreux pays du monde.<\/p>\n\n\n\n<p class=\"wp-block-paragraph\">Il mettra en lumi\u00e8re des exp\u00e9riences sc\u00e9niques majeures, port\u00e9es par des cr\u00e9ateurs ayant profond\u00e9ment marqu\u00e9 la vie culturelle arabe et internationale \u00e0 travers des \u0153uvres t\u00e9moignant de p\u00e9riodes charni\u00e8res de l\u2019histoire contemporaine et des transformations v\u00e9cues par leurs soci\u00e9t\u00e9s.<\/p>\n\n\n\n<p class=\"wp-block-paragraph\">Une th\u00e9matique qui s\u2019inscrit pleinement dans l\u2019esprit de cette \u00e9dition, plac\u00e9e sous le signe :<\/p>\n\n\n\n<p class=\"wp-block-paragraph\">\u00ab Le th\u00e9\u00e2tre, conscience et changement\u2026 \u00bb<\/p>\n\n\n\n<p class=\"wp-block-paragraph\">Pens\u00e9 comme un espace vivant de r\u00e9flexion et de dialogue, ce premier forum vise \u00e0 croiser les regards du cr\u00e9ateur, du critique et du chercheur, \u00e0 favoriser les \u00e9changes d\u2019exp\u00e9riences, de t\u00e9moignages et d\u2019id\u00e9es.<\/p>\n\n\n\n<p class=\"wp-block-paragraph\">Les discussions, ouvertes \u00e0 la diversit\u00e9 des approches et des contextes culturels, convergeront vers des valeurs universelles : justice, droits et libert\u00e9s pour interroger collectivement la place et le r\u00f4le de l\u2019art th\u00e9\u00e2tral aujourd\u2019hui.<\/p>\n\n\n\n<p class=\"wp-block-paragraph\">Les travaux du forum s&rsquo;articulent autour de deux axes principaux :<\/p>\n\n\n\n<p class=\"wp-block-paragraph\">L\u2019exp\u00e9rience personnelle et artistique de l\u2019acteur et du metteur en sc\u00e8ne comme t\u00e9moin de son \u00e9poque<\/p>\n\n\n\n<p class=\"wp-block-paragraph\">Les d\u00e9fis du positionnement de l\u2019artiste au c\u0153ur du contexte social et de ses mutations.<\/p>\n\n\n\n<p class=\"wp-block-paragraph\">La coordination scientifique du forum est assur\u00e9e par la Dr Basma Ferchichi.<\/p>\n\n\n\n<p class=\"wp-block-paragraph\">\u00c0 l\u2019invitation du comit\u00e9 d\u2019organisation des JTC, interviendront : Fadhel Jaibi, Mohamed Massoud Idriss, Tawfik Jebali, Ezzedine Madani et Om Ezzine Ben Shikha (Tunisie), Khaled Galal (\u00c9gypte), Latifa Ahrar (Maroc), Abderrahmane Kamat\u00e9(C\u00f4te d\u2019Ivoire), Kolov Tumur (Russie), Fabio Tolledi (Italie), Patrice Pavis (France) et Salah Al-Qasab (Irak).<\/p>\n\n\n\n<p class=\"wp-block-paragraph\">Les s\u00e9ances seront anim\u00e9es par un ensemble d\u2019intellectuels et de mod\u00e9rateurs arabes et \u00e9trangers, parmi lesquels : Abdelhalim Massaoudi, Lotfi El Arbi Snoussi et Mohamed Mediouni (Tunisie), Issam Abou El Qassem (Soudan), Sa\u00efd Karimi (Maroc), Manuela Valderi Pombo (Colombie) et Riad Moussa Al-Sakran (Irak), entre autres.<\/p>\n","protected":false},"excerpt":{"rendered":"<p>Pour sa 26\u1d49 \u00e9dition, les Journ\u00e9es Th\u00e9\u00e2trales de Carthage innovent en lan\u00e7ant, pour la premi\u00e8re fois de leur histoire, un Forum international du th\u00e9\u00e2tre. Organis\u00e9 sur trois jours&nbsp; les 24, 25 et 26 novembre, ce rendez-vous in\u00e9dit portera sur le th\u00e8me : \u00ab L\u2019artiste de th\u00e9\u00e2tre : son temps et ses \u0153uvres \u00bb. Le forum [&hellip;]<\/p>\n","protected":false},"author":4,"featured_media":69432,"comment_status":"open","ping_status":"closed","sticky":false,"template":"","format":"standard","meta":{"content-type":"","jnews-multi-image_gallery":[],"jnews_single_post":{"format":"standard"},"jnews_primary_category":[],"jnews_override_bookmark_settings":[],"jnews_review":[],"enable_review":"","type":"","name":"","summary":"","brand":"","sku":"","good":[],"bad":[],"score_override":"","override_value":"","rating":[],"price":[],"jnews_post_split":[],"footnotes":""},"categories":[17],"tags":[17078,831,17079],"class_list":["post-69431","post","type-post","status-publish","format-standard","has-post-thumbnail","hentry","category-entertainment","tag-forum-international-du-theatre","tag-jcc","tag-lartiste-de-theatre"],"_links":{"self":[{"href":"https:\/\/www.africanchallenges.com\/index.php?rest_route=\/wp\/v2\/posts\/69431","targetHints":{"allow":["GET"]}}],"collection":[{"href":"https:\/\/www.africanchallenges.com\/index.php?rest_route=\/wp\/v2\/posts"}],"about":[{"href":"https:\/\/www.africanchallenges.com\/index.php?rest_route=\/wp\/v2\/types\/post"}],"author":[{"embeddable":true,"href":"https:\/\/www.africanchallenges.com\/index.php?rest_route=\/wp\/v2\/users\/4"}],"replies":[{"embeddable":true,"href":"https:\/\/www.africanchallenges.com\/index.php?rest_route=%2Fwp%2Fv2%2Fcomments&post=69431"}],"version-history":[{"count":1,"href":"https:\/\/www.africanchallenges.com\/index.php?rest_route=\/wp\/v2\/posts\/69431\/revisions"}],"predecessor-version":[{"id":69433,"href":"https:\/\/www.africanchallenges.com\/index.php?rest_route=\/wp\/v2\/posts\/69431\/revisions\/69433"}],"wp:featuredmedia":[{"embeddable":true,"href":"https:\/\/www.africanchallenges.com\/index.php?rest_route=\/wp\/v2\/media\/69432"}],"wp:attachment":[{"href":"https:\/\/www.africanchallenges.com\/index.php?rest_route=%2Fwp%2Fv2%2Fmedia&parent=69431"}],"wp:term":[{"taxonomy":"category","embeddable":true,"href":"https:\/\/www.africanchallenges.com\/index.php?rest_route=%2Fwp%2Fv2%2Fcategories&post=69431"},{"taxonomy":"post_tag","embeddable":true,"href":"https:\/\/www.africanchallenges.com\/index.php?rest_route=%2Fwp%2Fv2%2Ftags&post=69431"}],"curies":[{"name":"wp","href":"https:\/\/api.w.org\/{rel}","templated":true}]}}