{"id":69390,"date":"2025-11-21T18:45:55","date_gmt":"2025-11-21T17:45:55","guid":{"rendered":"https:\/\/www.africanchallenges.com\/?p=69390"},"modified":"2025-11-21T18:45:56","modified_gmt":"2025-11-21T17:45:56","slug":"tunisie-inauguration-officielle-de-dar-ben-abbes-par-s-a-r-la-princesse-lea-de-belgique","status":"publish","type":"post","link":"https:\/\/www.africanchallenges.com\/?p=69390","title":{"rendered":"Tunisie : Inauguration officielle de Dar Ben Abb\u00e8s par S.A.R la Princesse L\u00e9a de Belgique"},"content":{"rendered":"\n<p class=\"wp-block-paragraph\">Le 15 novembre 2025, S.A.R la Princesse L\u00e9a de Belgique a solennellement inaugur\u00e9 la r\u00e9sidence d\u2019artistes \u00ab Dar Ben Abb\u00e8s \u00bb dans la ville de Teboursouk.<\/p>\n\n\n\n<p class=\"wp-block-paragraph\">Cet \u00e9v\u00e9nement qui est intervenu le jour de la f\u00eate du Roi en Belgique vient concr\u00e9tiser la d\u00e9marche de Mahmoud Ben Abb\u00e8s de c\u00e9l\u00e9brer l&rsquo;amiti\u00e9 tuniso-belge sans s\u00e9parer l&rsquo;art et la culture de la vie.<\/p>\n\n\n\n<p class=\"wp-block-paragraph\">Ce lieu qui \u00e9tait la maison familiale de Mahmoud Ben Abb\u00e8s accueillera tr\u00e8s prochainement des artistes belges, tunisiens et \u00e9trangers qui pourront s\u2019inspirer de ce lieu envo\u00fbtant.<\/p>\n\n\n\n<p class=\"wp-block-paragraph\">L\u2019appel \u00e0 candidatures sera publi\u00e9 tr\u00e8s prochainement !<\/p>\n\n\n\n<figure class=\"wp-block-image size-full\"><img fetchpriority=\"high\" decoding=\"async\" width=\"615\" height=\"410\" src=\"https:\/\/www.africanchallenges.com\/wp-content\/uploads\/2025\/11\/belgique.jpg\" alt=\"\" class=\"wp-image-69392\" srcset=\"https:\/\/www.africanchallenges.com\/wp-content\/uploads\/2025\/11\/belgique.jpg 615w, https:\/\/www.africanchallenges.com\/wp-content\/uploads\/2025\/11\/belgique-300x200.jpg 300w\" sizes=\"(max-width: 615px) 100vw, 615px\" \/><\/figure>\n","protected":false},"excerpt":{"rendered":"<p>Le 15 novembre 2025, S.A.R la Princesse L\u00e9a de Belgique a solennellement inaugur\u00e9 la r\u00e9sidence d\u2019artistes \u00ab Dar Ben Abb\u00e8s \u00bb dans la ville de Teboursouk. Cet \u00e9v\u00e9nement qui est intervenu le jour de la f\u00eate du Roi en Belgique vient concr\u00e9tiser la d\u00e9marche de Mahmoud Ben Abb\u00e8s de c\u00e9l\u00e9brer l&rsquo;amiti\u00e9 tuniso-belge sans s\u00e9parer l&rsquo;art [&hellip;]<\/p>\n","protected":false},"author":4,"featured_media":69391,"comment_status":"open","ping_status":"closed","sticky":false,"template":"","format":"standard","meta":{"content-type":"","jnews-multi-image_gallery":[],"jnews_single_post":{"format":"standard"},"jnews_primary_category":[],"jnews_override_bookmark_settings":[],"jnews_review":[],"enable_review":"","type":"","name":"","summary":"","brand":"","sku":"","good":[],"bad":[],"score_override":"","override_value":"","rating":[],"price":[],"jnews_post_split":[],"footnotes":""},"categories":[2],"tags":[17060,227,16998],"class_list":["post-69390","post","type-post","status-publish","format-standard","has-post-thumbnail","hentry","category-news-politique","tag-dar-ben-abbes","tag-inauguration","tag-princesse-lea-de-belgique"],"_links":{"self":[{"href":"https:\/\/www.africanchallenges.com\/index.php?rest_route=\/wp\/v2\/posts\/69390","targetHints":{"allow":["GET"]}}],"collection":[{"href":"https:\/\/www.africanchallenges.com\/index.php?rest_route=\/wp\/v2\/posts"}],"about":[{"href":"https:\/\/www.africanchallenges.com\/index.php?rest_route=\/wp\/v2\/types\/post"}],"author":[{"embeddable":true,"href":"https:\/\/www.africanchallenges.com\/index.php?rest_route=\/wp\/v2\/users\/4"}],"replies":[{"embeddable":true,"href":"https:\/\/www.africanchallenges.com\/index.php?rest_route=%2Fwp%2Fv2%2Fcomments&post=69390"}],"version-history":[{"count":1,"href":"https:\/\/www.africanchallenges.com\/index.php?rest_route=\/wp\/v2\/posts\/69390\/revisions"}],"predecessor-version":[{"id":69393,"href":"https:\/\/www.africanchallenges.com\/index.php?rest_route=\/wp\/v2\/posts\/69390\/revisions\/69393"}],"wp:featuredmedia":[{"embeddable":true,"href":"https:\/\/www.africanchallenges.com\/index.php?rest_route=\/wp\/v2\/media\/69391"}],"wp:attachment":[{"href":"https:\/\/www.africanchallenges.com\/index.php?rest_route=%2Fwp%2Fv2%2Fmedia&parent=69390"}],"wp:term":[{"taxonomy":"category","embeddable":true,"href":"https:\/\/www.africanchallenges.com\/index.php?rest_route=%2Fwp%2Fv2%2Fcategories&post=69390"},{"taxonomy":"post_tag","embeddable":true,"href":"https:\/\/www.africanchallenges.com\/index.php?rest_route=%2Fwp%2Fv2%2Ftags&post=69390"}],"curies":[{"name":"wp","href":"https:\/\/api.w.org\/{rel}","templated":true}]}}