{"id":69336,"date":"2025-11-20T22:44:36","date_gmt":"2025-11-20T21:44:36","guid":{"rendered":"https:\/\/www.africanchallenges.com\/?p=69336"},"modified":"2025-11-20T22:44:37","modified_gmt":"2025-11-20T21:44:37","slug":"documentaire-passerelles-de-la-justice-pour-une-justice-plus-accessible-aux-groupes-marginalises-en-tunisie","status":"publish","type":"post","link":"https:\/\/www.africanchallenges.com\/?p=69336","title":{"rendered":"Documentaire \u00ab Passerelles de la Justice \u00bb : pour une justice plus accessible aux groupes marginalis\u00e9s en Tunisie"},"content":{"rendered":"\n<p class=\"wp-block-paragraph\">L\u2019Institut Arabe des Droits de l\u2019Homme (IADH), en partenariat avec le Programme des Nations Unies pour le D\u00e9veloppement (PNUD), organise le vendredi 21 novembre 2025, \u00e0 l\u2019h\u00f4tel Golden Tulip El Mechtel \u2013 Tunis, la projection du documentaire \u00ab \u062c\u0633\u0648\u0631 \u0627\u0644\u0639\u062f\u0627\u0644\u0629 \u2013 Passerelles de la Justice \u00bb, suivie d\u2019un d\u00e9bat ouvert r\u00e9unissant des repr\u00e9sentant\u00b7e\u00b7s d\u2019organisations de la soci\u00e9t\u00e9 civile, des acteur\u00b7rice\u00b7s du domaine de l\u2019acc\u00e8s \u00e0 la justice, des expert\u00b7e\u00b7s et des m\u00e9dias.<\/p>\n\n\n\n<p class=\"wp-block-paragraph\"><br>Cet \u00e9v\u00e9nement s\u2019inscrit dans le cadre du projet \u00ab \u00c9chos de la Justice \u00bb, mis en \u0153uvre par l\u2019IADH avec l\u2019appui du Programme des Nations Unies pour le D\u00e9veloppement (PNUD). Ce projet a donn\u00e9 lieu \u00e0 un ensemble d\u2019actions originales visant \u00e0 documenter et valoriser le r\u00f4le des organisations de la soci\u00e9t\u00e9 civile dans la diffusion de l\u2019information juridique et l\u2019accompagnement des populations vuln\u00e9rables.<\/p>\n\n\n\n<p class=\"wp-block-paragraph\"><br>\u00ab Passerelles de la Justice \u00bb est le r\u00e9sultat d\u2019un travail de suivi et de documentation approfondi, r\u00e9alis\u00e9 aupr\u00e8s de 20 organisations de la soci\u00e9t\u00e9 civile actives dans 18 gouvernorats. Ces organisations ont d\u00e9velopp\u00e9 des approches personnalis\u00e9es pour r\u00e9pondre aux besoins de groupes sp\u00e9cifiques : femmes en situation de vuln\u00e9rabilit\u00e9, jeunes, personnes en situation de handicap, habitants des zones rurales et autres groupes expos\u00e9s \u00e0 des risques accrus d\u2019exclusion.<\/p>\n\n\n\n<p class=\"wp-block-paragraph\"><br>Le film met en lumi\u00e8re la diversit\u00e9 des d\u00e9marches, les pratiques innovantes, les d\u00e9fis rencontr\u00e9s, les solutions co-construites ainsi que les impacts concrets sur l\u2019acc\u00e8s \u00e0 la justice.<br>L\u2019\u00e9v\u00e9nement vise \u00e0 :<\/p>\n\n\n\n<ul class=\"wp-block-list\">\n<li>-pr\u00e9senter un travail documentaire in\u00e9dit issu du projet \u00ab \u00c9chos de la Justice \u00bb ;<\/li>\n\n\n\n<li>-donner la parole aux acteurs associatifs engag\u00e9s dans la sensibilisation \u00e0 l\u2019aide l\u00e9gale ;<\/li>\n\n\n\n<li>-d\u00e9gager les pratiques efficaces et les le\u00e7ons apprises ;<\/li>\n\n\n\n<li>-formuler des recommandations pour renforcer la mobilisation citoyenne et la coop\u00e9ration entre OSC et institutions.<\/li>\n<\/ul>\n\n\n\n<p class=\"wp-block-paragraph\"><\/p>\n","protected":false},"excerpt":{"rendered":"<p>L\u2019Institut Arabe des Droits de l\u2019Homme (IADH), en partenariat avec le Programme des Nations Unies pour le D\u00e9veloppement (PNUD), organise le vendredi 21 novembre 2025, \u00e0 l\u2019h\u00f4tel Golden Tulip El Mechtel \u2013 Tunis, la projection du documentaire \u00ab \u062c\u0633\u0648\u0631 \u0627\u0644\u0639\u062f\u0627\u0644\u0629 \u2013 Passerelles de la Justice \u00bb, suivie d\u2019un d\u00e9bat ouvert r\u00e9unissant des repr\u00e9sentant\u00b7e\u00b7s d\u2019organisations de [&hellip;]<\/p>\n","protected":false},"author":4,"featured_media":69337,"comment_status":"open","ping_status":"closed","sticky":false,"template":"","format":"standard","meta":{"content-type":"","jnews-multi-image_gallery":[],"jnews_single_post":{"format":"standard"},"jnews_primary_category":[],"jnews_override_bookmark_settings":[],"jnews_review":[],"enable_review":"","type":"","name":"","summary":"","brand":"","sku":"","good":[],"bad":[],"score_override":"","override_value":"","rating":[],"price":[],"jnews_post_split":[],"footnotes":""},"categories":[2],"tags":[17041,5001,3797,1164,1677],"class_list":["post-69336","post","type-post","status-publish","format-standard","has-post-thumbnail","hentry","category-news-politique","tag-documentaire","tag-justice","tag-linstitut-arabe-des-droits-de-lhomme","tag-pnud","tag-projection"],"_links":{"self":[{"href":"https:\/\/www.africanchallenges.com\/index.php?rest_route=\/wp\/v2\/posts\/69336","targetHints":{"allow":["GET"]}}],"collection":[{"href":"https:\/\/www.africanchallenges.com\/index.php?rest_route=\/wp\/v2\/posts"}],"about":[{"href":"https:\/\/www.africanchallenges.com\/index.php?rest_route=\/wp\/v2\/types\/post"}],"author":[{"embeddable":true,"href":"https:\/\/www.africanchallenges.com\/index.php?rest_route=\/wp\/v2\/users\/4"}],"replies":[{"embeddable":true,"href":"https:\/\/www.africanchallenges.com\/index.php?rest_route=%2Fwp%2Fv2%2Fcomments&post=69336"}],"version-history":[{"count":1,"href":"https:\/\/www.africanchallenges.com\/index.php?rest_route=\/wp\/v2\/posts\/69336\/revisions"}],"predecessor-version":[{"id":69338,"href":"https:\/\/www.africanchallenges.com\/index.php?rest_route=\/wp\/v2\/posts\/69336\/revisions\/69338"}],"wp:featuredmedia":[{"embeddable":true,"href":"https:\/\/www.africanchallenges.com\/index.php?rest_route=\/wp\/v2\/media\/69337"}],"wp:attachment":[{"href":"https:\/\/www.africanchallenges.com\/index.php?rest_route=%2Fwp%2Fv2%2Fmedia&parent=69336"}],"wp:term":[{"taxonomy":"category","embeddable":true,"href":"https:\/\/www.africanchallenges.com\/index.php?rest_route=%2Fwp%2Fv2%2Fcategories&post=69336"},{"taxonomy":"post_tag","embeddable":true,"href":"https:\/\/www.africanchallenges.com\/index.php?rest_route=%2Fwp%2Fv2%2Ftags&post=69336"}],"curies":[{"name":"wp","href":"https:\/\/api.w.org\/{rel}","templated":true}]}}