{"id":69264,"date":"2025-11-19T14:59:23","date_gmt":"2025-11-19T13:59:23","guid":{"rendered":"https:\/\/www.africanchallenges.com\/?p=69264"},"modified":"2025-11-19T14:59:24","modified_gmt":"2025-11-19T13:59:24","slug":"forums-economiques-tunisie-belgique-luxembourg-vers-de-nouvelles-opportunites-de-cooperation","status":"publish","type":"post","link":"https:\/\/www.africanchallenges.com\/?p=69264","title":{"rendered":"Forums \u00c9conomiques Tunisie\u2013Belgique\u2013Luxembourg: Vers de Nouvelles Opportunit\u00e9s de Coop\u00e9ration"},"content":{"rendered":"\n<p class=\"wp-block-paragraph\">Dans le cadre du renforcement des relations \u00e9conomiques et commerciales entre la Tunisie, la Belgique et le Luxembourg, la Repr\u00e9sentation Commerciale de la Tunisie &#8211; Bureau du Centre de Promotion des Exportations \u00e0 Rotterdam, en coordination avec la Chambre de Commerce Tuniso-Belgo-Luxembourgeoise (CCTBL), l\u2019Ambassade de Tunisie \u00e0 Bruxelles et la repr\u00e9sentation de l&rsquo;Agence de Promotion de l&rsquo;Investissement Ext\u00e9rieur (FIPA) \u00e0 Paris, a contribu\u00e9 \u00e0 l\u2019organisation d\u2019un Forum \u00e9conomique tuniso-belge ainsi que d\u2019un Forum d\u2019affaires tuniso-luxembourgeois. Ces \u00e9v\u00e9nements, d\u00e9di\u00e9s \u00e0 la promotion des opportunit\u00e9s de coop\u00e9ration commerciale, d\u2019investissement et de partenariat avec la Tunisie, se sont d\u00e9roul\u00e9s les 12 et 13 novembre 2025.<\/p>\n\n\n\n<p class=\"wp-block-paragraph\">Ces rencontres, tenues respectivement au si\u00e8ge de la Chambre de Commerce de Bruxelles (BECI) et celui de la Chambre de Commerce de Luxembourg, ont rassembl\u00e9 une d\u00e9l\u00e9gation d\u2019op\u00e9rateurs \u00e9conomiques tunisiens issus de divers secteurs d\u2019activit\u00e9. Elles ont permis de mettre en lumi\u00e8re les atouts comp\u00e9titifs de la Tunisie, son positionnement strat\u00e9gique en tant que plateforme d\u2019acc\u00e8s au march\u00e9 africain, ainsi que les opportunit\u00e9s d\u2019exportation offertes dans plusieurs secteurs porteurs.<\/p>\n\n\n\n<p class=\"wp-block-paragraph\">Le Chef de la Repr\u00e9sentation Commerciale de la Tunisie a pris part \u00e0 ces travaux. Il a pr\u00e9sent\u00e9 l\u2019\u00e9tat des lieux des \u00e9changes commerciaux de la Tunisie avec la Belgique et le Luxembourg, ainsi qu\u2019une synth\u00e8se des opportunit\u00e9s d\u2019exportation, valorisant la vision strat\u00e9gique nationale en mati\u00e8re de promotion des exportations et de diversification des partenariats commerciaux. Il a \u00e9galement particip\u00e9 aux sessions de rencontres B2B, contribuant au rapprochement entre les milieux d\u2019affaires tunisiens, belges et luxembourgeois.<\/p>\n\n\n\n<p class=\"wp-block-paragraph\">Les \u00e9changes men\u00e9s dans le cadre de ces forums ont permis d\u2019identifier des pistes de collaboration concr\u00e8tes et de consolider les bases d\u2019un partenariat \u00e9conomique et commercial renforc\u00e9 avec les milieux d\u2019affaires belges et luxembourgeois.<\/p>\n\n\n\n<p class=\"wp-block-paragraph\">Ces initiatives s\u2019inscrivent dans la continuit\u00e9 des efforts visant \u00e0 promouvoir l\u2019int\u00e9gration de la Tunisie dans les cha\u00eenes de valeur internationales et \u00e0 encourager un climat d\u2019investissement attractif et durable.<\/p>\n","protected":false},"excerpt":{"rendered":"<p>Dans le cadre du renforcement des relations \u00e9conomiques et commerciales entre la Tunisie, la Belgique et le Luxembourg, la Repr\u00e9sentation Commerciale de la Tunisie &#8211; Bureau du Centre de Promotion des Exportations \u00e0 Rotterdam, en coordination avec la Chambre de Commerce Tuniso-Belgo-Luxembourgeoise (CCTBL), l\u2019Ambassade de Tunisie \u00e0 Bruxelles et la repr\u00e9sentation de l&rsquo;Agence de Promotion [&hellip;]<\/p>\n","protected":false},"author":4,"featured_media":69265,"comment_status":"open","ping_status":"closed","sticky":false,"template":"","format":"standard","meta":{"content-type":"","jnews-multi-image_gallery":[],"jnews_single_post":{"format":"standard"},"jnews_primary_category":[],"jnews_override_bookmark_settings":[],"jnews_review":[],"enable_review":"","type":"","name":"","summary":"","brand":"","sku":"","good":[],"bad":[],"score_override":"","override_value":"","rating":[],"price":[],"jnews_post_split":[],"footnotes":""},"categories":[43,73],"tags":[4799,3621,17019,17018,10138,6561,54],"class_list":["post-69264","post","type-post","status-publish","format-standard","has-post-thumbnail","hentry","category-eco-business","category-eco","tag-belgique","tag-chambre-de-commerce-tuniso-belgo-luxembourgeoise","tag-forum-daffaires-tuniso-luxembourgeois","tag-forum-economique-tuniso-belge","tag-luxembourg","tag-relations-economiques","tag-tunisie"],"_links":{"self":[{"href":"https:\/\/www.africanchallenges.com\/index.php?rest_route=\/wp\/v2\/posts\/69264","targetHints":{"allow":["GET"]}}],"collection":[{"href":"https:\/\/www.africanchallenges.com\/index.php?rest_route=\/wp\/v2\/posts"}],"about":[{"href":"https:\/\/www.africanchallenges.com\/index.php?rest_route=\/wp\/v2\/types\/post"}],"author":[{"embeddable":true,"href":"https:\/\/www.africanchallenges.com\/index.php?rest_route=\/wp\/v2\/users\/4"}],"replies":[{"embeddable":true,"href":"https:\/\/www.africanchallenges.com\/index.php?rest_route=%2Fwp%2Fv2%2Fcomments&post=69264"}],"version-history":[{"count":1,"href":"https:\/\/www.africanchallenges.com\/index.php?rest_route=\/wp\/v2\/posts\/69264\/revisions"}],"predecessor-version":[{"id":69266,"href":"https:\/\/www.africanchallenges.com\/index.php?rest_route=\/wp\/v2\/posts\/69264\/revisions\/69266"}],"wp:featuredmedia":[{"embeddable":true,"href":"https:\/\/www.africanchallenges.com\/index.php?rest_route=\/wp\/v2\/media\/69265"}],"wp:attachment":[{"href":"https:\/\/www.africanchallenges.com\/index.php?rest_route=%2Fwp%2Fv2%2Fmedia&parent=69264"}],"wp:term":[{"taxonomy":"category","embeddable":true,"href":"https:\/\/www.africanchallenges.com\/index.php?rest_route=%2Fwp%2Fv2%2Fcategories&post=69264"},{"taxonomy":"post_tag","embeddable":true,"href":"https:\/\/www.africanchallenges.com\/index.php?rest_route=%2Fwp%2Fv2%2Ftags&post=69264"}],"curies":[{"name":"wp","href":"https:\/\/api.w.org\/{rel}","templated":true}]}}