{"id":69233,"date":"2025-11-19T10:01:16","date_gmt":"2025-11-19T09:01:16","guid":{"rendered":"https:\/\/www.africanchallenges.com\/?p=69233"},"modified":"2025-11-19T10:01:24","modified_gmt":"2025-11-19T09:01:24","slug":"crise-environnementale-de-gabes-le-chef-de-letat-appelle-a-intensifier-les-efforts-afin-delaborer-dans-les-plus-brefs-delais-un-rapport-fi","status":"publish","type":"post","link":"https:\/\/www.africanchallenges.com\/?p=69233","title":{"rendered":"Crise Environnementale de Gab\u00e8s : Le chef de l&rsquo;Etat appelle  \u00e0 \u00ab\u00a0intensifier les efforts\u00a0\u00bb afin d\u2019\u00e9laborer \u00ab\u00a0dans les plus brefs d\u00e9lais\u00a0\u00bb un rapport final comprenant des \u00ab\u00a0solutions imm\u00e9diates\u00a0\u00bb et une \u00ab\u00a0vision strat\u00e9gique globale\u00a0\u00bb"},"content":{"rendered":"\n<p class=\"wp-block-paragraph\">Le pr\u00e9sident de la R\u00e9publique, Ka\u00efs Sa\u00efed, a pr\u00e9sid\u00e9, le mardi 18 novembre 2025 au soir, une r\u00e9union de la commission responsable de la recherche de solutions urgentes \u00e0 la crise environnementale affectant la ville de Gab\u00e8s, comme l&rsquo;indique un communiqu\u00e9 de Carthage publi\u00e9 par la pr\u00e9sidence de la R\u00e9publique.<\/p>\n\n\n\n<p class=\"wp-block-paragraph\">La commission a, selon la m\u00eame source, pr\u00e9sent\u00e9 au pr\u00e9sident de la R\u00e9publique un rapport pr\u00e9liminaire concernant la situation.<\/p>\n\n\n\n<p class=\"wp-block-paragraph\">Lors de cette s\u00e9ance de travail, le chef de l&rsquo;\u00c9tat a d\u00e9clar\u00e9 qu&rsquo;il \u00ab suit la situation de pr\u00e8s \u00bb, saluant \u00ab la position des habitants et la grande conscience dont ils ont fait preuve pour pr\u00e9server la paix civile \u00bb. Il a mis en avant que la population locale \u00ab s\u2019est tenue sur la m\u00eame ligne que les forces de s\u00e9curit\u00e9 pour faire face \u00e0 toute tentative de manipulation ou d\u2019escalade \u00bb.<\/p>\n\n\n\n<p class=\"wp-block-paragraph\">Ka\u00efs Sa\u00efed a mentionn\u00e9 plusieurs d\u00e9faillances, notamment \u00ab le gaspillage de fonds publics lors de l\u2019acquisition, en 2018, d\u2019\u00e9quipements laiss\u00e9s \u00e0 l\u2019abandon, corrod\u00e9s et devenus pour la plupart inutilisables \u00bb. Il a \u00e9galement d\u00e9nonc\u00e9 \u00ab la diffusion de contre-v\u00e9rit\u00e9s destin\u00e9es \u00e0 pr\u00e9parer la cession d\u2019un grand nombre d\u2019installations et d\u2019entreprises publiques, au m\u00e9pris de la souffrance des habitants de Gab\u00e8s et du reste du pays \u00bb.<\/p>\n\n\n\n<p class=\"wp-block-paragraph\">Le chef de l&rsquo;\u00c9tat a jug\u00e9 que \u00ab le peuple tunisien a le droit de conna\u00eetre toute la v\u00e9rit\u00e9 \u00bb, d\u2019exiger une reddition de comptes \u00ab dans le cadre de la loi \u00bb et de \u00ab vivre libre et digne \u00bb. Il a assur\u00e9 qu\u2019un terme serait mis \u00ab \u00e0 la souffrance des citoyens, dans toutes les r\u00e9gions et dans tous les secteurs \u00bb.<\/p>\n\n\n\n<p class=\"wp-block-paragraph\">Il a appel\u00e9 \u00e0 \u00ab intensifier les efforts \u00bb afin d\u2019\u00e9laborer \u00ab dans les plus brefs d\u00e9lais \u00bb un rapport final comprenant des \u00ab solutions imm\u00e9diates \u00bb et une \u00ab vision strat\u00e9gique globale \u00bb, ajoutant que la participation accrue des jeunes \u00e9tait indispensable.<\/p>\n\n\n\n<p class=\"wp-block-paragraph\">Le communiqu\u00e9 souligne \u00e9galement que le pr\u00e9sident a mis en avant le patriotisme de la jeunesse tunisienne, ainsi que \u00ab les comp\u00e9tences et la capacit\u00e9 d\u2019innover \u00bb, en rappelant que \u00ab de nombreux pays se sont inspir\u00e9s des recherches effectu\u00e9es par des chercheurs tunisiens dans ce domaine \u00bb.<\/p>\n\n\n\n<p class=\"wp-block-paragraph\">Ka\u00efs Sa\u00efed a \u00e9galement d\u00e9clar\u00e9 que la Tunisie \u00ab traverse aujourd\u2019hui une guerre de lib\u00e9ration sur tous les fronts \u00bb, en affirmant que \u00ab le peuple tunisien par sa conscience et sa volont\u00e9, fera \u00e9chouer toutes les conspirations \u00bb.<\/p>\n\n\n\n<p class=\"wp-block-paragraph\">Il a r\u00e9it\u00e9r\u00e9 que \u00ab l\u2019\u00c9tat tunisien ne se gouverne ni par des publications sur les r\u00e9seaux sociaux, ni par ceux qui ont choisi la trahison ou la diffusion de rumeurs et de mensonges \u00bb. \u00ab Ceux qui ont commis des injustices, peu importe leurs fonctions, d\u00e9couvriront bient\u00f4t le sort qui les attend \u00bb, conclut le communiqu\u00e9.<\/p>\n\n\n\n<p class=\"wp-block-paragraph\">La r\u00e9gion de Gab\u00e8s est confront\u00e9e depuis plusieurs ann\u00e9es \u00e0 une crise environnementale s\u00e9v\u00e8re, largement attribu\u00e9e \u00e0 l\u2019activit\u00e9 industrielle du Groupe chimique, aux rejets polluants en mer, \u00e0 la d\u00e9gradation de la nappe phr\u00e9atique et aux nuisances qui affectent directement la sant\u00e9 des r\u00e9sidents. Des mobilisations citoyennes r\u00e9guli\u00e8res d\u00e9noncent la pollution de l\u2019air, du littoral et de l\u2019\u00e9cosyst\u00e8me unique du Golfe de Gab\u00e8s, longtemps consid\u00e9r\u00e9 comme l\u2019un des plus riches de la M\u00e9diterran\u00e9e.<\/p>\n\n\n\n<p class=\"wp-block-paragraph\">Les r\u00e9cents \u00e9pisodes de tensions et de manifestations ont mis en lumi\u00e8re l\u2019ampleur des dysfonctionnements institutionnels et le retard accumul\u00e9 dans la mise en \u0153uvre de solutions structurelles. La commission mise en place par la pr\u00e9sidence est charg\u00e9e de proposer des mesures imm\u00e9diates pour r\u00e9duire les risques sanitaires, am\u00e9liorer la gestion des d\u00e9chets industriels et restaurer, \u00e0 plus long terme, l\u2019\u00e9quilibre environnemental de la r\u00e9gion.<\/p>\n","protected":false},"excerpt":{"rendered":"<p>Le pr\u00e9sident de la R\u00e9publique, Ka\u00efs Sa\u00efed, a pr\u00e9sid\u00e9, le mardi 18 novembre 2025 au soir, une r\u00e9union de la commission responsable de la recherche de solutions urgentes \u00e0 la crise environnementale affectant la ville de Gab\u00e8s, comme l&rsquo;indique un communiqu\u00e9 de Carthage publi\u00e9 par la pr\u00e9sidence de la R\u00e9publique. La commission a, selon la [&hellip;]<\/p>\n","protected":false},"author":4,"featured_media":69234,"comment_status":"open","ping_status":"closed","sticky":false,"template":"","format":"standard","meta":{"content-type":"","jnews-multi-image_gallery":[],"jnews_single_post":{"format":"standard"},"jnews_primary_category":[],"jnews_override_bookmark_settings":[],"jnews_review":[],"enable_review":"","type":"","name":"","summary":"","brand":"","sku":"","good":[],"bad":[],"score_override":"","override_value":"","rating":[],"price":[],"jnews_post_split":[],"footnotes":""},"categories":[2],"tags":[16885],"class_list":["post-69233","post","type-post","status-publish","format-standard","has-post-thumbnail","hentry","category-news-politique","tag-crise-environnementale"],"_links":{"self":[{"href":"https:\/\/www.africanchallenges.com\/index.php?rest_route=\/wp\/v2\/posts\/69233","targetHints":{"allow":["GET"]}}],"collection":[{"href":"https:\/\/www.africanchallenges.com\/index.php?rest_route=\/wp\/v2\/posts"}],"about":[{"href":"https:\/\/www.africanchallenges.com\/index.php?rest_route=\/wp\/v2\/types\/post"}],"author":[{"embeddable":true,"href":"https:\/\/www.africanchallenges.com\/index.php?rest_route=\/wp\/v2\/users\/4"}],"replies":[{"embeddable":true,"href":"https:\/\/www.africanchallenges.com\/index.php?rest_route=%2Fwp%2Fv2%2Fcomments&post=69233"}],"version-history":[{"count":2,"href":"https:\/\/www.africanchallenges.com\/index.php?rest_route=\/wp\/v2\/posts\/69233\/revisions"}],"predecessor-version":[{"id":69236,"href":"https:\/\/www.africanchallenges.com\/index.php?rest_route=\/wp\/v2\/posts\/69233\/revisions\/69236"}],"wp:featuredmedia":[{"embeddable":true,"href":"https:\/\/www.africanchallenges.com\/index.php?rest_route=\/wp\/v2\/media\/69234"}],"wp:attachment":[{"href":"https:\/\/www.africanchallenges.com\/index.php?rest_route=%2Fwp%2Fv2%2Fmedia&parent=69233"}],"wp:term":[{"taxonomy":"category","embeddable":true,"href":"https:\/\/www.africanchallenges.com\/index.php?rest_route=%2Fwp%2Fv2%2Fcategories&post=69233"},{"taxonomy":"post_tag","embeddable":true,"href":"https:\/\/www.africanchallenges.com\/index.php?rest_route=%2Fwp%2Fv2%2Ftags&post=69233"}],"curies":[{"name":"wp","href":"https:\/\/api.w.org\/{rel}","templated":true}]}}