{"id":69087,"date":"2025-11-14T12:30:29","date_gmt":"2025-11-14T11:30:29","guid":{"rendered":"https:\/\/www.africanchallenges.com\/?p=69087"},"modified":"2025-11-14T12:30:31","modified_gmt":"2025-11-14T11:30:31","slug":"tunisie-premiere-edition-du-festival-du-film-pour-enfants-de-gaza-sous-le-slogan-nous-aimons-la-vie-demain","status":"publish","type":"post","link":"https:\/\/www.africanchallenges.com\/?p=69087","title":{"rendered":"Tunisie : Premi\u00e8re \u00e9dition du \u00ab\u00a0Festival du Film pour Enfants de Gaza \u00bbSous le slogan :\u00a0Nous aimons la vie, demain"},"content":{"rendered":"\n<h5 class=\"wp-block-heading\">Gaza accueille la premi\u00e8re \u00e9dition du Festival du cin\u00e9ma pour enfants sous <strong> le slogan : \u201cNous aimons la vie, demain\u201d, <\/strong>du 20 novembre au 20 d\u00e9cembre 2025, dans toutes les villes et camps de la bande de Gaza.<\/h5>\n\n\n\n<h3 class=\"wp-block-heading\"><a><\/a><strong>Un festival pour la vie et l\u2019espoir<\/strong><\/h3>\n\n\n\n<p class=\"wp-block-paragraph\">Parmi les ruines et les blessures laiss\u00e9es par la guerre, <strong>l\u2019espoir rena\u00eet \u00e0 Gaza<\/strong>. Du 20 novembre au 20 d\u00e9cembre 2025, la bande de Gaza accueillera la <strong>premi\u00e8re \u00e9dition du Festival du cin\u00e9ma pour enfants<\/strong>, un \u00e9v\u00e9nement artistique et culturel in\u00e9dit, plac\u00e9 sous le slogan <strong>\u00ab Nous aimons la vie, demain \u00bb<\/strong>.<\/p>\n\n\n\n<p class=\"wp-block-paragraph\">Pendant un mois, <strong>des milliers d\u2019enfants<\/strong> issus de toutes les r\u00e9gions de Gaza participeront \u00e0 une exp\u00e9rience cin\u00e9matographique et cr\u00e9ative unique. Ce festival se veut un espace de <strong>r\u00e9silience, de joie et d\u2019expression<\/strong>, prouvant que m\u00eame dans la douleur, l\u2019enfance sait r\u00e9inventer la lumi\u00e8re \u2014 et que <strong>le cin\u00e9ma peut \u00eatre une fen\u00eatre d\u2019esp\u00e9rance au c\u0153ur de l\u2019obscurit\u00e9<\/strong>.<\/p>\n\n\n\n<h3 class=\"wp-block-heading\"><strong>Une ouverture symbolique<\/strong><\/h3>\n\n\n\n<p class=\"wp-block-paragraph\">L\u2019ouverture du festival aura lieu le <strong>20 novembre<\/strong>, sur l\u2019esplanade du <strong>Centre culturel Rachad Al-Shawa<\/strong>, \u00e0 Gaza.<br>Ce lieu, autrefois vibrant et aujourd\u2019hui d\u00e9truit par les bombardements, symbolisera la renaissance de la vie culturelle dans la ville.<\/p>\n\n\n\n<p class=\"wp-block-paragraph\">Le lancement se fera avec un <strong>spectacle d\u2019animation d\u00e9di\u00e9 aux enfants<\/strong>, suivi de la projection du film fran\u00e7ais culte <strong><em>Le Ballon rouge<\/em><\/strong> du r\u00e9alisateur <strong>Albert Lamorisse<\/strong>.<\/p>\n\n\n\n<p class=\"wp-block-paragraph\">\u00ab Nos enfants ont vu une obscurit\u00e9 que nul ne devrait conna\u00eetre \u00bb,<br>d\u00e9clare <strong>Rachid Masharawi<\/strong>, fondateur du festival.<br>\u00ab Par ce festival, nous leur disons \u2013 et nous disons au monde \u2013 que l\u2019art peut r\u00e9parer ce que la guerre a bris\u00e9, et qu\u2019il existe un demain qui m\u00e9rite d\u2019\u00eatre attendu. \u00bb<\/p>\n\n\n\n<p class=\"wp-block-paragraph\">Masharawi ajoute :<\/p>\n\n\n\n<p class=\"wp-block-paragraph\">\u00ab Redonner aux enfants la possibilit\u00e9 de dessiner le soleil, ce n\u2019est pas seulement un geste artistique. C\u2019est un <strong>acte de r\u00e9sistance<\/strong> et une <strong>d\u00e9claration d\u2019amour \u00e0 la vie<\/strong>. \u00bb<\/p>\n\n\n\n<h3 class=\"wp-block-heading\"><a><\/a><strong>Un programme riche et porteur d\u2019espoir<\/strong><\/h3>\n\n\n\n<p class=\"wp-block-paragraph\">Le <strong>Festival de Gaza du cin\u00e9ma pour enfants<\/strong> proposera plus de <strong>30 films<\/strong> locaux et internationaux destin\u00e9s au jeune public, ainsi qu\u2019un large \u00e9ventail d\u2019activit\u00e9s :<\/p>\n\n\n\n<ul class=\"wp-block-list\">\n<li><strong>Ateliers de cin\u00e9ma d\u2019animation, de th\u00e9\u00e2tre et de jeu dramatique<\/strong><\/li>\n\n\n\n<li><strong>S\u00e9ances de dessin et d\u2019expression libre<\/strong><\/li>\n\n\n\n<li><strong>Spectacles et animations interactives<\/strong><\/li>\n<\/ul>\n\n\n\n<p class=\"wp-block-paragraph\">Chaque activit\u00e9 a \u00e9t\u00e9 con\u00e7ue pour offrir aux enfants <strong>un espace s\u00fbr d\u2019expression et de reconstruction<\/strong>, leur permettant de retrouver la joie du jeu, la confiance en soi et la libert\u00e9 d\u2019imaginer.<\/p>\n\n\n\n<p class=\"wp-block-paragraph\">Le <strong>directeur artistique<\/strong>, le cin\u00e9aste <strong>Moustafa Al-Nabih<\/strong>, souligne :<\/p>\n\n\n\n<p class=\"wp-block-paragraph\">\u00ab Tous les films et ateliers ont \u00e9t\u00e9 choisis avec une attention particuli\u00e8re afin de r\u00e9pondre au besoin urgent de soutien psychologique des enfants. Nous voulons que chacun d\u2019eux reparte avec le sentiment qu\u2019un avenir meilleur l\u2019attend. \u00bb<\/p>\n\n\n\n<h3 class=\"wp-block-heading\"><a><\/a><strong>Une initiative pour l\u2019enfance et la culture<\/strong><\/h3>\n\n\n\n<p class=\"wp-block-paragraph\">Le festival est organis\u00e9 par la <strong>Fondation Masharawi<\/strong>, en partenariat avec le programme <strong>Hikmet Palestine<\/strong> et plusieurs institutions culturelles locales et internationales.<\/p>\n\n\n\n<p class=\"wp-block-paragraph\">Son objectif : <strong>utiliser le cin\u00e9ma et l\u2019art comme leviers de gu\u00e9rison, de r\u00e9sistance et d\u2019esp\u00e9rance<\/strong> dans le c\u0153ur des enfants de Gaza.<\/p>\n\n\n\n<p class=\"wp-block-paragraph\">La <strong>c\u00e9r\u00e9monie de cl\u00f4ture<\/strong>, pr\u00e9vue le 20 d\u00e9cembre, pr\u00e9sentera les <strong>\u0153uvres artistiques et courts-m\u00e9trages r\u00e9alis\u00e9s par les enfants<\/strong> au cours des ateliers.<br>Un message fort adress\u00e9 au monde : <strong>voir \u00e0 Gaza non seulement la souffrance, mais aussi la beaut\u00e9 et la cr\u00e9ativit\u00e9.<\/strong><\/p>\n","protected":false},"excerpt":{"rendered":"<p>Gaza accueille la premi\u00e8re \u00e9dition du Festival du cin\u00e9ma pour enfants sous le slogan : \u201cNous aimons la vie, demain\u201d, du 20 novembre au 20 d\u00e9cembre 2025, dans toutes les villes et camps de la bande de Gaza. Un festival pour la vie et l\u2019espoir Parmi les ruines et les blessures laiss\u00e9es par la guerre, [&hellip;]<\/p>\n","protected":false},"author":4,"featured_media":69088,"comment_status":"open","ping_status":"closed","sticky":false,"template":"","format":"standard","meta":{"content-type":"","jnews-multi-image_gallery":[],"jnews_single_post":{"format":"standard"},"jnews_primary_category":[],"jnews_override_bookmark_settings":[],"jnews_review":[],"enable_review":"","type":"","name":"","summary":"","brand":"","sku":"","good":[],"bad":[],"score_override":"","override_value":"","rating":[],"price":[],"jnews_post_split":[],"footnotes":""},"categories":[17],"tags":[16959,16958,11022],"class_list":["post-69087","post","type-post","status-publish","format-standard","has-post-thumbnail","hentry","category-entertainment","tag-espoir","tag-festival-du-film-pour-enfants-de-gaza","tag-gaza"],"_links":{"self":[{"href":"https:\/\/www.africanchallenges.com\/index.php?rest_route=\/wp\/v2\/posts\/69087","targetHints":{"allow":["GET"]}}],"collection":[{"href":"https:\/\/www.africanchallenges.com\/index.php?rest_route=\/wp\/v2\/posts"}],"about":[{"href":"https:\/\/www.africanchallenges.com\/index.php?rest_route=\/wp\/v2\/types\/post"}],"author":[{"embeddable":true,"href":"https:\/\/www.africanchallenges.com\/index.php?rest_route=\/wp\/v2\/users\/4"}],"replies":[{"embeddable":true,"href":"https:\/\/www.africanchallenges.com\/index.php?rest_route=%2Fwp%2Fv2%2Fcomments&post=69087"}],"version-history":[{"count":1,"href":"https:\/\/www.africanchallenges.com\/index.php?rest_route=\/wp\/v2\/posts\/69087\/revisions"}],"predecessor-version":[{"id":69089,"href":"https:\/\/www.africanchallenges.com\/index.php?rest_route=\/wp\/v2\/posts\/69087\/revisions\/69089"}],"wp:featuredmedia":[{"embeddable":true,"href":"https:\/\/www.africanchallenges.com\/index.php?rest_route=\/wp\/v2\/media\/69088"}],"wp:attachment":[{"href":"https:\/\/www.africanchallenges.com\/index.php?rest_route=%2Fwp%2Fv2%2Fmedia&parent=69087"}],"wp:term":[{"taxonomy":"category","embeddable":true,"href":"https:\/\/www.africanchallenges.com\/index.php?rest_route=%2Fwp%2Fv2%2Fcategories&post=69087"},{"taxonomy":"post_tag","embeddable":true,"href":"https:\/\/www.africanchallenges.com\/index.php?rest_route=%2Fwp%2Fv2%2Ftags&post=69087"}],"curies":[{"name":"wp","href":"https:\/\/api.w.org\/{rel}","templated":true}]}}