{"id":69080,"date":"2025-11-14T11:14:24","date_gmt":"2025-11-14T10:14:24","guid":{"rendered":"https:\/\/www.africanchallenges.com\/?p=69080"},"modified":"2025-11-14T11:14:26","modified_gmt":"2025-11-14T10:14:26","slug":"tunisie-nouvelle-vision-pour-moderniser-et-digitaliser-linvestissement","status":"publish","type":"post","link":"https:\/\/www.africanchallenges.com\/?p=69080","title":{"rendered":"Tunisie : Nouvelle vision pour moderniser et digitaliser l\u2019investissement"},"content":{"rendered":"\n<p class=\"wp-block-paragraph\">Le d\u00e9veloppement du syst\u00e8me d&rsquo;investissement, conform\u00e9ment aux orientations du budget \u00e9conomique et du nouveau plan de d\u00e9veloppement, a \u00e9t\u00e9 au c\u0153ur de la r\u00e9union du Conseil minist\u00e9riel restreint qui s&rsquo;est tenue jeudi au Palais du gouvernement \u00e0 la Kasbah, sous la pr\u00e9sidence de la cheffe du gouvernement, Sarra Zaafrani Zenzeri.<\/p>\n\n\n\n<p class=\"wp-block-paragraph\">La cheffe du gouvernement a soulign\u00e9 que le d\u00e9veloppement du syst\u00e8me d\u2019investissement dans le cadre d\u2019une vision nationale globale vise \u00e0 rendre la Tunisie plus attractive pour l\u2019investissement, ce qui contribuera \u00e0 renforcer la confiance dans le climat des affaires et \u00e0 orienter les investissements nationaux et \u00e9trangers vers des secteurs \u00e0 forte valeur ajout\u00e9e et ayant un rendement social, \u00e9conomique et environnemental.<\/p>\n\n\n\n<p class=\"wp-block-paragraph\">Elle a, \u00e9galement, appel\u00e9 \u00e0 intensifier les efforts pour restructurer et am\u00e9liorer la gouvernance des institutions et organismes charg\u00e9s de l\u2019investissement, tout en leur apportant tout le soutien n\u00e9cessaire afin de leur permettre de jouer leurs r\u00f4les socio-\u00e9conomiques avec plus d\u2019efficacit\u00e9 et de performance.<\/p>\n\n\n\n<p class=\"wp-block-paragraph\">Elle a pr\u00e9cis\u00e9 que le d\u00e9veloppement du syst\u00e8me d\u2019investissement repose sur une vision nationale globale qui porte sur la r\u00e9vision du cadre l\u00e9gislatif pour simplifier et digitaliser les proc\u00e9dures, am\u00e9liorer l\u2019environnement des affaires et renforcer la comp\u00e9titivit\u00e9 de l\u2019\u00e9conomie nationale.<\/p>\n\n\n\n<p class=\"wp-block-paragraph\">Et de rappeler qu\u2019une s\u00e9rie de r\u00e9formes a \u00e9t\u00e9 engag\u00e9 en vue d\u2019am\u00e9liorer les infrastructures, r\u00e9duire les d\u00e9lais de traitement des dossiers, simplifier et num\u00e9riser les proc\u00e9dures et les services en faveur des investisseurs, garantir la transparence des transactions, ainsi que suivre et \u00e9valuer les indicateurs d\u2019investissement au niveau sectoriel et r\u00e9gional.<\/p>\n\n\n\n<p class=\"wp-block-paragraph\">La Cheffe du gouvernement a ajout\u00e9 que dans le cadre du d\u00e9veloppement du syst\u00e8me d\u2019investissement, les efforts sont ax\u00e9s sur la mise en place d\u2019une plateforme nationale d\u2019investissement, qui servira d\u2019interface num\u00e9rique unique pour les investisseurs.<\/p>\n\n\n\n<p class=\"wp-block-paragraph\">Cette plateforme permettra d\u2019acc\u00e9der \u00e0 l\u2019ensemble des proc\u00e9dures et services administratifs li\u00e9s \u00e0 la cr\u00e9ation et au d\u00e9veloppement de projets, et ce, gr\u00e2ce \u00e0 des proc\u00e9dures fluides et dans des d\u00e9lais rapides et bien d\u00e9finis, a-t-elle avanc\u00e9.<\/p>\n\n\n\n<p class=\"wp-block-paragraph\">La plateforme en question contribuera, \u00e9galement, \u00e0 l\u2019am\u00e9lioration de du climat des affaires pour attirer les investissements locaux et \u00e9trangers et \u00e0 l\u2019alimentation de la base de donn\u00e9es nationale pour faciliter la prise de d\u00e9cisions en mati\u00e8re de politique d\u2019investissement, a-t-elle encore dit.<\/p>\n\n\n\n<p class=\"wp-block-paragraph\">La cheffe du gouvernement a, par ailleurs, indiqu\u00e9 que les efforts sont ax\u00e9s \u00e9galement sur le parach\u00e8vement de l\u2019interconnexion des syst\u00e8mes et la facilitation de l\u2019int\u00e9gration des services de constitution juridique des entreprises via la plateforme avec les syst\u00e8mes d\u2019information des diff\u00e9rentes structures intervenantes, outre la r\u00e9vision du cadre juridique r\u00e9gissant l\u2019investissement et l\u2019\u00e9laboration de cahiers des charges qui devront remplacer les autorisations qui seront supprim\u00e9es.<\/p>\n\n\n\n<p class=\"wp-block-paragraph\">Zenzeri a, dans le m\u00eame cadre \u00e9voqu\u00e9 la diversit\u00e9 des incitations financi\u00e8res et non financi\u00e8res mises \u00e0 la disposition des investisseurs. Elle a rappel\u00e9 que l\u2019ann\u00e9e 2025 a \u00e9t\u00e9 marqu\u00e9e par une nette augmentation des flux d\u2019investissements directs \u00e9trangers, ce qui t\u00e9moigne de l\u2019attractivit\u00e9 de la destination tunisienne et confirme l\u2019efficacit\u00e9 des r\u00e9formes entreprises et en cours.<\/p>\n\n\n\n<p class=\"wp-block-paragraph\">De son c\u00f4t\u00e9, le ministre de l\u2019\u00c9conomie et de la planification, Samir Abdelhafidh, a pass\u00e9 en revue les principales mesures et orientations strat\u00e9giques visant \u00e0 d\u00e9velopper le syst\u00e8me d\u2019investissement, \u00e0 renforcer la comp\u00e9titivit\u00e9 de l\u2019\u00e9conomie nationale et \u00e0 soutenir les entreprises \u00e9conomiques.<\/p>\n\n\n\n<p class=\"wp-block-paragraph\">Il s\u2019agit entre autres de la digitalisation des proc\u00e9dures relatives aux investisseurs, la lib\u00e9ralisation de l\u2019entreprenariat via la r\u00e9vision des cahiers des charges r\u00e9gissant les activit\u00e9s \u00e9conomiques en cours, qui remplacent les autorisations supprim\u00e9es.<\/p>\n\n\n\n<p class=\"wp-block-paragraph\">Il a rappel\u00e9 que la r\u00e9vision des cahiers des charges permettra de r\u00e9duire la bureaucratie qui freine l\u2019investissement et de renforcer la confiance entre l\u2019administration et les investisseurs.<\/p>\n\n\n\n<p class=\"wp-block-paragraph\">Elle contribuera \u00e9galement \u00e0 lib\u00e9raliser le march\u00e9 et \u00e0 consacrer l\u2019\u00e9quit\u00e9 \u00e9conomique entre tous les acteurs, a-t-il ajout\u00e9.<\/p>\n\n\n\n<p class=\"wp-block-paragraph\">Il a rappel\u00e9 aussi de la r\u00e9vision du cadre l\u00e9gislatif de l\u2019investissement \u00e0 travers l\u2019\u00e9laboration d\u2019un texte l\u00e9gislatif unifi\u00e9 qui r\u00e9git les orientations g\u00e9n\u00e9rales de l\u2019investissement, d\u00e9finit la vision nationale pour attirer les investissements et les priorit\u00e9s de mani\u00e8re simplifi\u00e9e, et incarne la souverainet\u00e9 nationale.<\/p>\n\n\n\n<p class=\"wp-block-paragraph\">Parmi les mesures cit\u00e9es figurent \u00e9galement l\u2019harmonisation du syst\u00e8me juridique national avec les normes et les engagements internationaux, en particulier ceux relatifs \u00e0 l\u2019investissement responsable et au d\u00e9veloppement \u00e9quitable et \u00e9quilibr\u00e9 et la diversification des sources d\u2019investissement \u00e9tranger, outre l\u2019attraction des investissements provenant de nouveaux march\u00e9s.<\/p>\n\n\n\n<p class=\"wp-block-paragraph\">Sur un autre plan, le Conseil a mis en place une s\u00e9rie de recommandations visant \u00e0 acc\u00e9l\u00e9rer l\u2019ex\u00e9cution des diff\u00e9rents projets li\u00e9 au d\u00e9veloppement du syst\u00e8me d\u2019investissement.<\/p>\n\n\n\n<p class=\"wp-block-paragraph\">Il s\u2019agit de la simplification des d\u00e9marches administratives, de la r\u00e9duction et suppression des autorisations dans plusieurs domaines, outre l\u2019adoption du principe du libre acc\u00e8s au march\u00e9.<\/p>\n\n\n\n<p class=\"wp-block-paragraph\">Il a \u00e9galement pr\u00e9conis\u00e9 d\u2019adopter un code unifi\u00e9 regroupant les diff\u00e9rentes dispositions relatives \u00e0 la cr\u00e9ation de projets, outre l\u2019\u00e9laboration de guides d\u2019orientation et un code de bonnes pratiques en mati\u00e8re d\u2019investissement qui permettra aux investisseurs de s\u2019informer des processus, des normes et des d\u00e9lais relatifs \u00e0 l\u2019investissent.<\/p>\n\n\n\n<p class=\"wp-block-paragraph\">Il s\u2019agit en outre de la mise en place d\u2019une vision globale visant \u00e0 restructurer le syst\u00e8me de proc\u00e9dures li\u00e9 \u00e0 l\u2019investissement en regroupant toutes les fonctions et tous les services d\u2019investissement dans un guichet unique et de r\u00e9orienter les incitations vers les b\u00e9n\u00e9ficiaires qui font face \u00e0 des difficult\u00e9s \u00e0 acc\u00e9der au financement, notamment, les Petites et moyennes entreprises (PME)et les r\u00e9gions les moins d\u00e9velopp\u00e9es.<\/p>\n\n\n\n<p class=\"wp-block-paragraph\">Le conseil a appel\u00e9 \u00e0 orienter les incitations vers des investissements de qualit\u00e9, notamment, dans les domaines de l\u2019agriculture, la sant\u00e9, les TIC, l\u2019\u00e9nergie et les autres domaines de d\u00e9veloppement prioritaires align\u00e9s sur les objectifs de d\u00e9veloppement (2026\/2030).<\/p>\n\n\n\n<p class=\"wp-block-paragraph\">Il a, \u00e9galement, a recommand\u00e9 de relier les incitations \u00e0 la performance afin de renforcer la valeur ajout\u00e9e locale et de les orienter vers les priorit\u00e9s de d\u00e9veloppement tout en int\u00e9grant des normes sp\u00e9cifiques \u00e0 l\u2019investissement responsable \u00e0 impact social.<\/p>\n\n\n\n<p class=\"wp-block-paragraph\">Ils ont enfin mis l\u2019accent sur la n\u00e9cessit\u00e9 de parachever, au cours du premier trimestre 2026, le projet de plateforme nationale de l\u2019investisseur.<\/p>\n","protected":false},"excerpt":{"rendered":"<p>Le d\u00e9veloppement du syst\u00e8me d&rsquo;investissement, conform\u00e9ment aux orientations du budget \u00e9conomique et du nouveau plan de d\u00e9veloppement, a \u00e9t\u00e9 au c\u0153ur de la r\u00e9union du Conseil minist\u00e9riel restreint qui s&rsquo;est tenue jeudi au Palais du gouvernement \u00e0 la Kasbah, sous la pr\u00e9sidence de la cheffe du gouvernement, Sarra Zaafrani Zenzeri. La cheffe du gouvernement a [&hellip;]<\/p>\n","protected":false},"author":4,"featured_media":69081,"comment_status":"open","ping_status":"closed","sticky":false,"template":"","format":"standard","meta":{"content-type":"","jnews-multi-image_gallery":[],"jnews_single_post":{"format":"standard"},"jnews_primary_category":[],"jnews_override_bookmark_settings":[],"jnews_review":[],"enable_review":"","type":"","name":"","summary":"","brand":"","sku":"","good":[],"bad":[],"score_override":"","override_value":"","rating":[],"price":[],"jnews_post_split":[],"footnotes":""},"categories":[2],"tags":[4595,2251,85,16956],"class_list":["post-69080","post","type-post","status-publish","format-standard","has-post-thumbnail","hentry","category-news-politique","tag-conseil-ministeriel","tag-developpement-2","tag-investissement","tag-vision-nationale"],"_links":{"self":[{"href":"https:\/\/www.africanchallenges.com\/index.php?rest_route=\/wp\/v2\/posts\/69080","targetHints":{"allow":["GET"]}}],"collection":[{"href":"https:\/\/www.africanchallenges.com\/index.php?rest_route=\/wp\/v2\/posts"}],"about":[{"href":"https:\/\/www.africanchallenges.com\/index.php?rest_route=\/wp\/v2\/types\/post"}],"author":[{"embeddable":true,"href":"https:\/\/www.africanchallenges.com\/index.php?rest_route=\/wp\/v2\/users\/4"}],"replies":[{"embeddable":true,"href":"https:\/\/www.africanchallenges.com\/index.php?rest_route=%2Fwp%2Fv2%2Fcomments&post=69080"}],"version-history":[{"count":1,"href":"https:\/\/www.africanchallenges.com\/index.php?rest_route=\/wp\/v2\/posts\/69080\/revisions"}],"predecessor-version":[{"id":69082,"href":"https:\/\/www.africanchallenges.com\/index.php?rest_route=\/wp\/v2\/posts\/69080\/revisions\/69082"}],"wp:featuredmedia":[{"embeddable":true,"href":"https:\/\/www.africanchallenges.com\/index.php?rest_route=\/wp\/v2\/media\/69081"}],"wp:attachment":[{"href":"https:\/\/www.africanchallenges.com\/index.php?rest_route=%2Fwp%2Fv2%2Fmedia&parent=69080"}],"wp:term":[{"taxonomy":"category","embeddable":true,"href":"https:\/\/www.africanchallenges.com\/index.php?rest_route=%2Fwp%2Fv2%2Fcategories&post=69080"},{"taxonomy":"post_tag","embeddable":true,"href":"https:\/\/www.africanchallenges.com\/index.php?rest_route=%2Fwp%2Fv2%2Ftags&post=69080"}],"curies":[{"name":"wp","href":"https:\/\/api.w.org\/{rel}","templated":true}]}}