{"id":68965,"date":"2025-11-11T15:30:10","date_gmt":"2025-11-11T14:30:10","guid":{"rendered":"https:\/\/www.africanchallenges.com\/?p=68965"},"modified":"2025-11-11T15:34:25","modified_gmt":"2025-11-11T14:34:25","slug":"lelysee-paris-le-president-francais-emmanuel-macron-recoit-dr-mohammed-ben-sulayem-president-de-la-federation-internationale-de-lautomobile-fia","status":"publish","type":"post","link":"https:\/\/www.africanchallenges.com\/?p=68965","title":{"rendered":"L&rsquo;Elys\u00e9e &#8211; Paris\u00a0: Le Pr\u00e9sident fran\u00e7ais Emmanuel Macron re\u00e7oit Dr Mohammed Ben Sulayem, pr\u00e9sident de la F\u00e9d\u00e9ration Internationale de l&rsquo;Automobile (FIA)."},"content":{"rendered":"\n<p class=\"wp-block-paragraph\">La relation entre la FIA et l&rsquo;\u00c9tat fran\u00e7ais est  historique , notamment avec le si\u00e8ge de la FIA qui se trouve \u00e0 Paris, plus pr\u00e9cis\u00e9ment sur la Place de la Concorde, une r\u00e9union a eu lieu, le 10 novembre 2025, entre Son Excellence le Pr\u00e9sident fran\u00e7ais Emmanuel Macron et le pr\u00e9sident de la FIA,  Dr .Mohammed Ben Sulayem.<\/p>\n\n\n\n<p class=\"wp-block-paragraph\">Lors de cette rencontre, ils ont abord\u00e9 le d\u00e9veloppement du sport automobile, la mobilit\u00e9, ainsi que divers programmes de la f\u00e9d\u00e9ration, y compris la s\u00e9curit\u00e9 routi\u00e8re, le tourisme, la durabilit\u00e9, et la protection des jeunes contre la violence sur Internet.<\/p>\n\n\n\n<p class=\"wp-block-paragraph\">De plus, Dr Mohammed Ben Sulayem a lanc\u00e9 un programme visant \u00e0 combattre les discours de haine dans le sport en ligne, un programme qui b\u00e9n\u00e9ficie d&rsquo;un large partenariat international.<\/p>\n","protected":false},"excerpt":{"rendered":"<p>La relation entre la FIA et l&rsquo;\u00c9tat fran\u00e7ais est historique , notamment avec le si\u00e8ge de la FIA qui se trouve \u00e0 Paris, plus pr\u00e9cis\u00e9ment sur la Place de la Concorde, une r\u00e9union a eu lieu, le 10 novembre 2025, entre Son Excellence le Pr\u00e9sident fran\u00e7ais Emmanuel Macron et le pr\u00e9sident de la FIA, Dr [&hellip;]<\/p>\n","protected":false},"author":4,"featured_media":68966,"comment_status":"open","ping_status":"closed","sticky":false,"template":"","format":"standard","meta":{"content-type":"","jnews-multi-image_gallery":[],"jnews_single_post":{"format":"standard"},"jnews_primary_category":[],"jnews_override_bookmark_settings":[],"jnews_review":[],"enable_review":"","type":"","name":"","summary":"","brand":"","sku":"","good":[],"bad":[],"score_override":"","override_value":"","rating":[],"price":[],"jnews_post_split":[],"footnotes":""},"categories":[6],"tags":[16901,2317,12966,12969,955],"class_list":["post-68965","post","type-post","status-publish","format-standard","has-post-thumbnail","hentry","category-world","tag-elysee","tag-emmanuel-macron","tag-fia","tag-mohammed-ben-sulayem","tag-paris"],"_links":{"self":[{"href":"https:\/\/www.africanchallenges.com\/index.php?rest_route=\/wp\/v2\/posts\/68965","targetHints":{"allow":["GET"]}}],"collection":[{"href":"https:\/\/www.africanchallenges.com\/index.php?rest_route=\/wp\/v2\/posts"}],"about":[{"href":"https:\/\/www.africanchallenges.com\/index.php?rest_route=\/wp\/v2\/types\/post"}],"author":[{"embeddable":true,"href":"https:\/\/www.africanchallenges.com\/index.php?rest_route=\/wp\/v2\/users\/4"}],"replies":[{"embeddable":true,"href":"https:\/\/www.africanchallenges.com\/index.php?rest_route=%2Fwp%2Fv2%2Fcomments&post=68965"}],"version-history":[{"count":3,"href":"https:\/\/www.africanchallenges.com\/index.php?rest_route=\/wp\/v2\/posts\/68965\/revisions"}],"predecessor-version":[{"id":68969,"href":"https:\/\/www.africanchallenges.com\/index.php?rest_route=\/wp\/v2\/posts\/68965\/revisions\/68969"}],"wp:featuredmedia":[{"embeddable":true,"href":"https:\/\/www.africanchallenges.com\/index.php?rest_route=\/wp\/v2\/media\/68966"}],"wp:attachment":[{"href":"https:\/\/www.africanchallenges.com\/index.php?rest_route=%2Fwp%2Fv2%2Fmedia&parent=68965"}],"wp:term":[{"taxonomy":"category","embeddable":true,"href":"https:\/\/www.africanchallenges.com\/index.php?rest_route=%2Fwp%2Fv2%2Fcategories&post=68965"},{"taxonomy":"post_tag","embeddable":true,"href":"https:\/\/www.africanchallenges.com\/index.php?rest_route=%2Fwp%2Fv2%2Ftags&post=68965"}],"curies":[{"name":"wp","href":"https:\/\/api.w.org\/{rel}","templated":true}]}}