{"id":68895,"date":"2025-11-07T22:06:14","date_gmt":"2025-11-07T21:06:14","guid":{"rendered":"https:\/\/www.africanchallenges.com\/?p=68895"},"modified":"2025-11-07T22:06:57","modified_gmt":"2025-11-07T21:06:57","slug":"lambassadeur-de-suisse-en-tunisie-recoit-une-delegation-suisse-participant-au-jci-world-congress-2025-tunis","status":"publish","type":"post","link":"https:\/\/www.africanchallenges.com\/?p=68895","title":{"rendered":"L\u2019Ambassadeur de Suisse en Tunisie re\u00e7oit une d\u00e9l\u00e9gation suisse participant au JCI World Congress 2025 Tunis"},"content":{"rendered":"\n<p class=\"wp-block-paragraph\">L\u2019Ambassadeur de Suisse en Tunisie  Josef Renggli a re\u00e7u hier jeudi 6 novembre 2025, \u00e0 l\u2019Ambassade une d\u00e9l\u00e9gation suisse \u00a0qui participe au JCI World Congress 2025 Tunis, Tunisia de la Jeune Chambre Internationale Tunisie (JCI) \u00e0 Tunis.<\/p>\n\n\n\n<p class=\"wp-block-paragraph\">Les \u00e9changes ont port\u00e9 sur le r\u00f4le de l\u2019Ambassade dans la promotion des \u00e9changes \u00e9conomiques, culturels et institutionnels, ainsi que sur l\u2019excellence et la diversit\u00e9 des relations \ud83c\uddf9\ud83c\uddf3 tuniso-suisses \ud83c\udde8\ud83c\udded qui f\u00eateront leurs 70 ans en 2026.<\/p>\n\n\n\n<p class=\"wp-block-paragraph\">&nbsp;La Tunisie accueille du 4 au 8 novembre 2025 le Congr\u00e8s Mondial de la JCI, l\u2019\u00e9v\u00e9nement international le plus important d\u00e9di\u00e9 aux jeunes leaders, entrepreneurs et agents de changement. Cette plateforme d\u2019\u00e9change, de collaboration et d\u2019innovation propose des conf\u00e9rences, des ateliers interactifs ou encore des rencontres entre jeunes leaders venus du monde entier.<\/p>\n","protected":false},"excerpt":{"rendered":"<p>L\u2019Ambassadeur de Suisse en Tunisie Josef Renggli a re\u00e7u hier jeudi 6 novembre 2025, \u00e0 l\u2019Ambassade une d\u00e9l\u00e9gation suisse \u00a0qui participe au JCI World Congress 2025 Tunis, Tunisia de la Jeune Chambre Internationale Tunisie (JCI) \u00e0 Tunis. Les \u00e9changes ont port\u00e9 sur le r\u00f4le de l\u2019Ambassade dans la promotion des \u00e9changes \u00e9conomiques, culturels et institutionnels, [&hellip;]<\/p>\n","protected":false},"author":4,"featured_media":68896,"comment_status":"open","ping_status":"closed","sticky":false,"template":"","format":"standard","meta":{"content-type":"","jnews-multi-image_gallery":[],"jnews_single_post":{"format":"standard"},"jnews_primary_category":[],"jnews_override_bookmark_settings":[],"jnews_review":[],"enable_review":"","type":"","name":"","summary":"","brand":"","sku":"","good":[],"bad":[],"score_override":"","override_value":"","rating":[],"price":[],"jnews_post_split":[],"footnotes":""},"categories":[2],"tags":[16877,16876,15361],"class_list":["post-68895","post","type-post","status-publish","format-standard","has-post-thumbnail","hentry","category-news-politique","tag-delegation-suisse","tag-jci-world-congress-2025-tunis","tag-josef-renggli"],"_links":{"self":[{"href":"https:\/\/www.africanchallenges.com\/index.php?rest_route=\/wp\/v2\/posts\/68895","targetHints":{"allow":["GET"]}}],"collection":[{"href":"https:\/\/www.africanchallenges.com\/index.php?rest_route=\/wp\/v2\/posts"}],"about":[{"href":"https:\/\/www.africanchallenges.com\/index.php?rest_route=\/wp\/v2\/types\/post"}],"author":[{"embeddable":true,"href":"https:\/\/www.africanchallenges.com\/index.php?rest_route=\/wp\/v2\/users\/4"}],"replies":[{"embeddable":true,"href":"https:\/\/www.africanchallenges.com\/index.php?rest_route=%2Fwp%2Fv2%2Fcomments&post=68895"}],"version-history":[{"count":1,"href":"https:\/\/www.africanchallenges.com\/index.php?rest_route=\/wp\/v2\/posts\/68895\/revisions"}],"predecessor-version":[{"id":68897,"href":"https:\/\/www.africanchallenges.com\/index.php?rest_route=\/wp\/v2\/posts\/68895\/revisions\/68897"}],"wp:featuredmedia":[{"embeddable":true,"href":"https:\/\/www.africanchallenges.com\/index.php?rest_route=\/wp\/v2\/media\/68896"}],"wp:attachment":[{"href":"https:\/\/www.africanchallenges.com\/index.php?rest_route=%2Fwp%2Fv2%2Fmedia&parent=68895"}],"wp:term":[{"taxonomy":"category","embeddable":true,"href":"https:\/\/www.africanchallenges.com\/index.php?rest_route=%2Fwp%2Fv2%2Fcategories&post=68895"},{"taxonomy":"post_tag","embeddable":true,"href":"https:\/\/www.africanchallenges.com\/index.php?rest_route=%2Fwp%2Fv2%2Ftags&post=68895"}],"curies":[{"name":"wp","href":"https:\/\/api.w.org\/{rel}","templated":true}]}}