{"id":68854,"date":"2025-11-06T09:30:00","date_gmt":"2025-11-06T08:30:00","guid":{"rendered":"https:\/\/www.africanchallenges.com\/?p=68854"},"modified":"2025-11-06T13:06:03","modified_gmt":"2025-11-06T12:06:03","slug":"tunisie-relance-economique-fondee-sur-le-progres-le-developpement-et-la-prosperite","status":"publish","type":"post","link":"https:\/\/www.africanchallenges.com\/?p=68854","title":{"rendered":"Tunisie : Relance Economique fond\u00e9e sur \u201cle progr\u00e8s, le d\u00e9veloppement et la prosp\u00e9rit\u00e9\u201d"},"content":{"rendered":"\n<p class=\"wp-block-paragraph\">Lors de la s\u00e9ance pl\u00e9ni\u00e8re conjointe entre l\u2019Assembl\u00e9e des repr\u00e9sentants du peuple et le Conseil national des r\u00e9gions et des districts, d\u00e9di\u00e9e \u00e0 l\u2019ouverture des d\u00e9bats budg\u00e9taires, la Cheffe du gouvernement a pr\u00e9sent\u00e9 hier, mercredi 5 novembre 2025, \u00e0 cette occasion, la d\u00e9claration du gouvernement concernant le projet de loi de finances pour 2026, en exposant les grandes lignes de la politique \u00e9conomique et sociale de l\u2019Etat.<\/p>\n\n\n\n<p class=\"wp-block-paragraph\">La Cheffe du gouvernement a soulign\u00e9 l&rsquo;importance de \u00ab\u00a0placer l\u2019int\u00e9r\u00eat national au-dessus de toute consid\u00e9ration\u00a0\u00bb.<\/p>\n\n\n\n<p class=\"wp-block-paragraph\">Elle a pr\u00e9cis\u00e9 que le projet de loi de finances pour 2026 ne se limite pas \u00e0 des chiffres ou des pourcentages, mais constitue un outil strat\u00e9gique pour traduire une vision nationale globale \u00e0 travers de nouvelles approches de d\u00e9veloppement. Ces approches rompent avec les m\u00e9thodes traditionnelles qui ont engendr\u00e9 des disparit\u00e9s de croissance, dans le but d\u2019assurer une r\u00e9partition \u00e9quitable de la richesse et du d\u00e9veloppement sur l\u2019ensemble du territoire.<\/p>\n\n\n\n<p class=\"wp-block-paragraph\">Construire une justice sociale et r\u00e9aliser un d\u00e9veloppement \u00e9quilibr\u00e9.<\/p>\n\n\n\n<p class=\"wp-block-paragraph\">Elle a ajout\u00e9 que les efforts de l\u2019Etat s\u2019inscrivent dans le cadre d\u2019une r\u00e9forme globale visant \u00e0 \u00e9tablir les bases d\u2019une justice sociale durable et d\u2019un d\u00e9veloppement \u00e9quilibr\u00e9, en ad\u00e9quation avec les choix et les aspirations l\u00e9gitimes des citoyens.<\/p>\n\n\n\n<p class=\"wp-block-paragraph\">\u00ab\u00a0Beaucoup de travail reste \u00e0 accomplir, mais il sera r\u00e9alis\u00e9 par \u00e9tapes, \u00e0 un rythme soutenu\u00a0\u00bb, a-t-elle promis.<\/p>\n\n\n\n<p class=\"wp-block-paragraph\">La Cheffe du gouvernement a r\u00e9affirm\u00e9 l\u2019engagement de la Tunisie \u00e0 renforcer sa diplomatie \u00e9conomique et \u00e0 diversifier ses partenariats strat\u00e9giques, afin de mieux servir les int\u00e9r\u00eats sup\u00e9rieurs du peuple tunisien.<\/p>\n\n\n\n<p class=\"wp-block-paragraph\">Elle a \u00e9galement mis en avant la modernisation des services destin\u00e9s aux Tunisiens r\u00e9sidant \u00e0 l\u2019\u00e9tranger, notamment \u00e0 travers le projet novateur \u00ab\u00a0E-Consulat\u00a0\u00bb, con\u00e7u pour d\u00e9mat\u00e9rialiser les proc\u00e9dures administratives, tout en garantissant des services consulaires de qualit\u00e9.<\/p>\n\n\n\n<p class=\"wp-block-paragraph\">La cheffe du gouvernement a mis en avant la volont\u00e9 de l&rsquo;\u00c9tat d&rsquo;impliquer davantage la communaut\u00e9 tunisienne vivant \u00e0 l&rsquo;\u00e9tranger dans la dynamique de d\u00e9veloppement \u00e9conomique national, la consid\u00e9rant comme un partenaire strat\u00e9gique, une source de propositions constructives et un levier d&rsquo;investissement direct, fort de son exp\u00e9rience internationale et de son vaste r\u00e9seau d&rsquo;expertise \u00e0 l&rsquo;\u00e9chelle mondiale.<\/p>\n\n\n\n<p class=\"wp-block-paragraph\">Transparence, responsabilit\u00e9 et respect de la loi : les fondements de la r\u00e9forme.<\/p>\n\n\n\n<p class=\"wp-block-paragraph\">Sarra Za\u00e2frani Zenzri a d\u00e9clar\u00e9 que \u00ab\u00a0l&rsquo;\u00e9conomie nationale commence \u00e0 montrer des signes de reprise significatifs\u00a0\u00bb. La Tunisie, a-t-elle pr\u00e9cis\u00e9, a r\u00e9ussi \u00e0 surmonter de nombreux d\u00e9fis gr\u00e2ce \u00e0 ses propres ressources et \u00e0 la souverainet\u00e9 de ses choix.<\/p>\n\n\n\n<p class=\"wp-block-paragraph\">Elle a, dans ce contexte, tenu \u00e0 rappeler que la Tunisie a respect\u00e9 tous ses engagements internationaux, maintenu l&rsquo;\u00e9quilibre budg\u00e9taire, am\u00e9lior\u00e9 les indicateurs \u00e9conomiques et pr\u00e9serv\u00e9 la stabilit\u00e9 financi\u00e8re.<\/p>\n\n\n\n<p class=\"wp-block-paragraph\">Le processus de r\u00e9formes structurelles majeures se poursuit dans les domaines social, \u00e9conomique et financier, malgr\u00e9 un contexte international marqu\u00e9 par de fortes instabilit\u00e9s \u00e9conomiques.<\/p>\n\n\n\n<p class=\"wp-block-paragraph\">Ces progr\u00e8s, a-t-elle ajout\u00e9, renforcent la confiance des investisseurs tunisiens et \u00e9trangers, am\u00e9liorent la note souveraine de la Tunisie et facilitent l&rsquo;acc\u00e8s aux march\u00e9s financiers mondiaux.<\/p>\n\n\n\n<p class=\"wp-block-paragraph\">Le projet de loi de finances 2026, a-t-elle indiqu\u00e9, est \u00ab\u00a0bien plus qu&rsquo;un simple ensemble de chiffres\u00a0\u00bb : il repr\u00e9sente un outil pour mettre en \u0153uvre une vision nationale globale et coh\u00e9rente, rompant d\u00e9finitivement avec les anciennes approches qui ont engendr\u00e9 des in\u00e9galit\u00e9s r\u00e9gionales.<\/p>\n\n\n\n<p class=\"wp-block-paragraph\">\u00ab\u00a0La v\u00e9ritable r\u00e9forme repose sur la transparence, la responsabilit\u00e9 et le respect de la loi\u00a0\u00bb, a-t-elle affirm\u00e9.<\/p>\n","protected":false},"excerpt":{"rendered":"<p>Lors de la s\u00e9ance pl\u00e9ni\u00e8re conjointe entre l\u2019Assembl\u00e9e des repr\u00e9sentants du peuple et le Conseil national des r\u00e9gions et des districts, d\u00e9di\u00e9e \u00e0 l\u2019ouverture des d\u00e9bats budg\u00e9taires, la Cheffe du gouvernement a pr\u00e9sent\u00e9 hier, mercredi 5 novembre 2025, \u00e0 cette occasion, la d\u00e9claration du gouvernement concernant le projet de loi de finances pour 2026, en [&hellip;]<\/p>\n","protected":false},"author":4,"featured_media":68855,"comment_status":"open","ping_status":"closed","sticky":false,"template":"","format":"standard","meta":{"content-type":"","jnews-multi-image_gallery":[],"jnews_single_post":{"format":"standard"},"jnews_primary_category":[],"jnews_override_bookmark_settings":[],"jnews_review":[],"enable_review":"","type":"","name":"","summary":"","brand":"","sku":"","good":[],"bad":[],"score_override":"","override_value":"","rating":[],"price":[],"jnews_post_split":[],"footnotes":""},"categories":[43,73],"tags":[367,16714,7571],"class_list":["post-68854","post","type-post","status-publish","format-standard","has-post-thumbnail","hentry","category-eco-business","category-eco","tag-arp","tag-projet-de-loi-de-finances-pour-2026","tag-relance-economique-2"],"_links":{"self":[{"href":"https:\/\/www.africanchallenges.com\/index.php?rest_route=\/wp\/v2\/posts\/68854","targetHints":{"allow":["GET"]}}],"collection":[{"href":"https:\/\/www.africanchallenges.com\/index.php?rest_route=\/wp\/v2\/posts"}],"about":[{"href":"https:\/\/www.africanchallenges.com\/index.php?rest_route=\/wp\/v2\/types\/post"}],"author":[{"embeddable":true,"href":"https:\/\/www.africanchallenges.com\/index.php?rest_route=\/wp\/v2\/users\/4"}],"replies":[{"embeddable":true,"href":"https:\/\/www.africanchallenges.com\/index.php?rest_route=%2Fwp%2Fv2%2Fcomments&post=68854"}],"version-history":[{"count":1,"href":"https:\/\/www.africanchallenges.com\/index.php?rest_route=\/wp\/v2\/posts\/68854\/revisions"}],"predecessor-version":[{"id":68856,"href":"https:\/\/www.africanchallenges.com\/index.php?rest_route=\/wp\/v2\/posts\/68854\/revisions\/68856"}],"wp:featuredmedia":[{"embeddable":true,"href":"https:\/\/www.africanchallenges.com\/index.php?rest_route=\/wp\/v2\/media\/68855"}],"wp:attachment":[{"href":"https:\/\/www.africanchallenges.com\/index.php?rest_route=%2Fwp%2Fv2%2Fmedia&parent=68854"}],"wp:term":[{"taxonomy":"category","embeddable":true,"href":"https:\/\/www.africanchallenges.com\/index.php?rest_route=%2Fwp%2Fv2%2Fcategories&post=68854"},{"taxonomy":"post_tag","embeddable":true,"href":"https:\/\/www.africanchallenges.com\/index.php?rest_route=%2Fwp%2Fv2%2Ftags&post=68854"}],"curies":[{"name":"wp","href":"https:\/\/api.w.org\/{rel}","templated":true}]}}