{"id":68765,"date":"2025-11-03T19:24:24","date_gmt":"2025-11-03T18:24:24","guid":{"rendered":"https:\/\/www.africanchallenges.com\/?p=68765"},"modified":"2025-11-03T19:24:25","modified_gmt":"2025-11-03T18:24:25","slug":"30e-conference-mondiale-pour-le-climat-cop30-les-usa-minimisent-leur-participation-a-cette-grand-messe-climatique-internationale","status":"publish","type":"post","link":"https:\/\/www.africanchallenges.com\/?p=68765","title":{"rendered":"30e\u00a0conf\u00e9rence mondiale pour le climat (COP30)\u00a0: Les USA minimisent leur participation \u00e0 cette grand-messe climatique internationale"},"content":{"rendered":"\n<p class=\"wp-block-paragraph\">Le samedi 1er novembre, l&rsquo;administration Trump a d\u00e9clar\u00e9 qu&rsquo;elle n&rsquo;enverrait pas de \u00ab repr\u00e9sentants de haut niveau \u00bb \u00e0 la 30e conf\u00e9rence mondiale sur le climat (COP30), pr\u00e9vue du lundi 10 au vendredi 21 novembre prochains \u00e0 Bel\u00e9m, au Br\u00e9sil. \u00ab Le pr\u00e9sident discute directement avec les dirigeants du monde entier sur les questions \u00e9nerg\u00e9tiques, comme le montrent les accords commerciaux et de paix historiques qui mettent tous fortement l&rsquo;accent sur les partenariats \u00e9nerg\u00e9tiques \u00bb, a affirm\u00e9 la Maison-Blanche, selon des d\u00e9clarations rapport\u00e9es par l&rsquo;Agence fran\u00e7aise de presse (AFP) et Reuters.<\/p>\n\n\n\n<p class=\"wp-block-paragraph\">Alors que cette annonce provoque quelques m\u00e9contentements \u00e0 une semaine de ce rendez-vous cens\u00e9 revitaliser la communaut\u00e9 internationale sur les enjeux climatiques, dix ans apr\u00e8s la signature de l&rsquo;Accord de Paris lors de la COP21, elle \u00e9tait cependant attendue. Elle s&rsquo;inscrit en effet dans la strat\u00e9gie du pr\u00e9sident Donald Trump concernant l&rsquo;agenda climatique international.<\/p>\n\n\n\n<p class=\"wp-block-paragraph\">D\u00e8s son arriv\u00e9e \u00e0 la Maison-Blanche, le dirigeant avait d\u00e9j\u00e0 annonc\u00e9 pour la seconde fois le retrait des \u00c9tats-Unis de l&rsquo;Accord sign\u00e9 dans la capitale fran\u00e7aise, une d\u00e9marche qui prendra effet en janvier 2026. En septembre dernier, lors de son discours \u00e0 l&rsquo;Assembl\u00e9e g\u00e9n\u00e9rale de l&rsquo;ONU, le pr\u00e9sident am\u00e9ricain avait \u00e9galement qualifi\u00e9 le changement climatique de \u00ab plus grande arnaque jamais men\u00e9e \u00bb.<\/p>\n\n\n\n<p class=\"wp-block-paragraph\">Cette annonce concernant l&rsquo;absence d&rsquo;une d\u00e9l\u00e9gation am\u00e9ricaine de haut niveau intervient alors que plusieurs organismes onusiens intensifient depuis quelques semaines leurs appels \u00e0 davantage d&rsquo;engagements. Le dernier rapport du secr\u00e9tariat des Nations unies sur les changements climatiques (CCNUCC) estime que les \u00e9missions de gaz \u00e0 effet de serre (GES) doivent \u00eatre r\u00e9duites de 60 % d&rsquo;ici 2035 par rapport \u00e0 leurs niveaux de 2019, afin d&rsquo;esp\u00e9rer limiter le r\u00e9chauffement \u00e0 2 \u00b0C par rapport aux niveaux pr\u00e9industriels.<\/p>\n\n\n\n<p class=\"wp-block-paragraph\">De son c\u00f4t\u00e9, le Programme des Nations unies pour l\u2019Environnement (PNUE) a \u00e9valu\u00e9 qu&rsquo;une somme comprise entre 310 et 365 milliards USD par an est requise d&rsquo;ici la fin de la prochaine d\u00e9cennie pour permettre aux pays en d\u00e9veloppement de faire face aux cons\u00e9quences du r\u00e9chauffement climatique, ce qui repr\u00e9sente 12 \u00e0 14 fois plus que les engagements actuels des nations industrialis\u00e9es.<\/p>\n\n\n\n<p class=\"wp-block-paragraph\">Avec l&rsquo;annonce am\u00e9ricaine, les observateurs les plus optimistes esp\u00e8rent un regain de mobilisation parmi les 170 d\u00e9l\u00e9gations d\u00e9j\u00e0 accr\u00e9dit\u00e9es pour cet \u00e9v\u00e9nement climatique majeur. Certains envisagent un engagement soutenu par le duo Chine-Union europ\u00e9enne, en plus de la mobilisation anticip\u00e9e de la soci\u00e9t\u00e9 civile et de la pr\u00e9sidence br\u00e9silienne de la COP, afin de redonner un nouvel \u00e9lan \u00e0 l&rsquo;Accord de Paris, dont le principal m\u00e9rite est pour l&rsquo;instant d&rsquo;exister dans un contexte international difficile.<\/p>\n","protected":false},"excerpt":{"rendered":"<p>Le samedi 1er novembre, l&rsquo;administration Trump a d\u00e9clar\u00e9 qu&rsquo;elle n&rsquo;enverrait pas de \u00ab repr\u00e9sentants de haut niveau \u00bb \u00e0 la 30e conf\u00e9rence mondiale sur le climat (COP30), pr\u00e9vue du lundi 10 au vendredi 21 novembre prochains \u00e0 Bel\u00e9m, au Br\u00e9sil. \u00ab Le pr\u00e9sident discute directement avec les dirigeants du monde entier sur les questions \u00e9nerg\u00e9tiques, [&hellip;]<\/p>\n","protected":false},"author":4,"featured_media":68766,"comment_status":"open","ping_status":"closed","sticky":false,"template":"","format":"standard","meta":{"content-type":"","jnews-multi-image_gallery":[],"jnews_single_post":{"format":"standard"},"jnews_primary_category":[],"jnews_override_bookmark_settings":[],"jnews_review":[],"enable_review":"","type":"","name":"","summary":"","brand":"","sku":"","good":[],"bad":[],"score_override":"","override_value":"","rating":[],"price":[],"jnews_post_split":[],"footnotes":""},"categories":[43,73],"tags":[16828,3023,45],"class_list":["post-68765","post","type-post","status-publish","format-standard","has-post-thumbnail","hentry","category-eco-business","category-eco","tag-30e-conference-mondiale-pour-le-climat-cop30","tag-trump","tag-usa"],"_links":{"self":[{"href":"https:\/\/www.africanchallenges.com\/index.php?rest_route=\/wp\/v2\/posts\/68765","targetHints":{"allow":["GET"]}}],"collection":[{"href":"https:\/\/www.africanchallenges.com\/index.php?rest_route=\/wp\/v2\/posts"}],"about":[{"href":"https:\/\/www.africanchallenges.com\/index.php?rest_route=\/wp\/v2\/types\/post"}],"author":[{"embeddable":true,"href":"https:\/\/www.africanchallenges.com\/index.php?rest_route=\/wp\/v2\/users\/4"}],"replies":[{"embeddable":true,"href":"https:\/\/www.africanchallenges.com\/index.php?rest_route=%2Fwp%2Fv2%2Fcomments&post=68765"}],"version-history":[{"count":1,"href":"https:\/\/www.africanchallenges.com\/index.php?rest_route=\/wp\/v2\/posts\/68765\/revisions"}],"predecessor-version":[{"id":68767,"href":"https:\/\/www.africanchallenges.com\/index.php?rest_route=\/wp\/v2\/posts\/68765\/revisions\/68767"}],"wp:featuredmedia":[{"embeddable":true,"href":"https:\/\/www.africanchallenges.com\/index.php?rest_route=\/wp\/v2\/media\/68766"}],"wp:attachment":[{"href":"https:\/\/www.africanchallenges.com\/index.php?rest_route=%2Fwp%2Fv2%2Fmedia&parent=68765"}],"wp:term":[{"taxonomy":"category","embeddable":true,"href":"https:\/\/www.africanchallenges.com\/index.php?rest_route=%2Fwp%2Fv2%2Fcategories&post=68765"},{"taxonomy":"post_tag","embeddable":true,"href":"https:\/\/www.africanchallenges.com\/index.php?rest_route=%2Fwp%2Fv2%2Ftags&post=68765"}],"curies":[{"name":"wp","href":"https:\/\/api.w.org\/{rel}","templated":true}]}}