{"id":68756,"date":"2025-11-03T18:50:49","date_gmt":"2025-11-03T17:50:49","guid":{"rendered":"https:\/\/www.africanchallenges.com\/?p=68756"},"modified":"2025-11-03T18:50:50","modified_gmt":"2025-11-03T17:50:50","slug":"tunisie-lobservatoire-du-sahara-et-du-sahel-oss-appelle-a-mettre-en-place-a-lechelle-africaine-une-approche-globale-du-developpement-durable","status":"publish","type":"post","link":"https:\/\/www.africanchallenges.com\/?p=68756","title":{"rendered":"Tunisie : L\u2019Observatoire du Sahara et du Sahel (OSS) appelle \u00e0 mettre en place \u00e0 l\u2019\u00e9chelle africaine une approche globale du d\u00e9veloppement durable"},"content":{"rendered":"\n<p class=\"wp-block-paragraph\">L\u2019Observatoire du Sahara et du Sahel (OSS) a appel\u00e9, le 2 novembre 2025, \u00e0 mettre en place, \u00e0 l\u2019\u00e9chelle africaine, une approche globale et int\u00e9gr\u00e9e, articulant pr\u00e9servation de la\u00a0biodiversit\u00e9, lutte contre la d\u00e9sertification, adaptation au changement climatique et att\u00e9nuation des \u00e9missions.<\/p>\n\n\n\n<p class=\"wp-block-paragraph\">Ces axes constituent, selon l\u2019observatoire, autant de leviers compl\u00e9mentaires au service d\u2019un m\u00eame id\u00e9al : une Afrique unie, forte et durable, ma\u00eetresse de ses ressources et actrice de son avenir.<\/p>\n\n\n\n<p class=\"wp-block-paragraph\">Prenant part au premier Sommet africain sur la biodiversit\u00e9, organis\u00e9 par l\u2019Union africaine du 2 au 5 novembre 2025 \u00e0 Gaborone (Botswana), le Secr\u00e9taire Ex\u00e9cutif de l\u2019OSS, Nabil Ben Khatra a soulign\u00e9 que la coop\u00e9ration r\u00e9gionale constitue le moteur d\u2019une Afrique durable et r\u00e9siliente, capable de concilier pr\u00e9servation environnementale, stabilit\u00e9 socio-\u00e9conomique et d\u00e9veloppement humain. Il a insist\u00e9 sur l\u2019importance de renforcer la r\u00e9silience des communaut\u00e9s locales afin de r\u00e9duire la pression sur les ressources naturelles et de promouvoir une gestion plus durable des territoires, selon un communiqu\u00e9 de l\u2019observatoire.<\/p>\n\n\n\n<p class=\"wp-block-paragraph\">Il a \u00e9galement rappel\u00e9 que l\u2019efficacit\u00e9 des politiques environnementales repose sur des dispositifs robustes de suivi, d\u2019\u00e9valuation et d\u2019aide \u00e0 la d\u00e9cision, capables de mesurer les impacts r\u00e9els des actions men\u00e9es.<\/p>\n\n\n\n<p class=\"wp-block-paragraph\">Dans cette optique, l\u2019OSS promeut l\u2019usage de la t\u00e9l\u00e9d\u00e9tection, des syst\u00e8mes d\u2019information g\u00e9ographique (SIG) et de l\u2019intelligence artificielle pour renforcer les capacit\u00e9s d\u2019observation, de planification et d\u2019\u00e9valuation des politiques publiques environnementales.<\/p>\n\n\n\n<p class=\"wp-block-paragraph\">Le Secr\u00e9taire Ex\u00e9cutif a enfin mis en avant la r\u00e9cente d\u00e9signation de l\u2019OSS, en juillet 2025, par la Convention sur la Diversit\u00e9 Biologique (CDB) comme Centre d\u2019appui \u00e0 la coop\u00e9ration technique et scientifique (TSC) pour l\u2019Afrique du Nord.<\/p>\n\n\n\n<p class=\"wp-block-paragraph\">Cette reconnaissance consacre le r\u00f4le de l\u2019OSS comme centre d\u2019excellence africain au service de ses \u00c9tats membres et de la communaut\u00e9 scientifique internationale, et marque une \u00e9tape cl\u00e9 dans la mise en \u0153uvre du Cadre mondial de la biodiversit\u00e9 de Kunming\u2013Montr\u00e9al.<\/p>\n\n\n\n<p class=\"wp-block-paragraph\">Plac\u00e9 sous le th\u00e8me \u201cValoriser la biodiversit\u00e9 africaine pour la prosp\u00e9rit\u00e9\u201d, le premier Sommet africain sur la biodiversit\u00e9 vise \u00e0 transformer la richesse naturelle du continent en d\u00e9veloppement concret.<\/p>\n\n\n\n<ul class=\"wp-block-list\">\n<li><a href=\"http:\/\/www.linkedin.com\/shareArticle?mini=true&amp;ro=true&amp;trk=EasySocialShareButtons&amp;title=%22Sommet+africain+sur+la+biodiversit%C3%A9+%3A+l%E2%80%99OSS+plaide+pour+une+approche+int%C3%A9gr%C3%A9e+du+d%C3%A9veloppement+durable+en+Afrique&amp;url=https:\/\/www.webmanagercenter.com\/2025\/11\/03\/555076\/sommet-africain-sur-la-biodiversite-loss-plaide-pour-une-approche-integree-du-developpement-durable-en-afrique\/\" target=\"_blank\" rel=\"noreferrer noopener\"><\/a><\/li>\n\n\n\n<li><a href=\"https:\/\/www.facebook.com\/sharer\/sharer.php?u=https:\/\/www.webmanagercenter.com\/2025\/11\/03\/555076\/sommet-africain-sur-la-biodiversite-loss-plaide-pour-une-approche-integree-du-developpement-durable-en-afrique\/&amp;t=%22Sommet+africain+sur+la+biodiversit%C3%A9+%3A+l%E2%80%99OSS+plaide+pour+une+approche+int%C3%A9gr%C3%A9e+du+d%C3%A9veloppement+durable+en+Afrique&amp;redirect_uri=https:\/\/www.webmanagercenter.com?sharing-thankyou=yes\" target=\"_blank\" rel=\"noreferrer noopener\"><\/a><\/li>\n<\/ul>\n\n\n\n<p class=\"wp-block-paragraph\"><strong>Avec TAP<\/strong><\/p>\n","protected":false},"excerpt":{"rendered":"<p>L\u2019Observatoire du Sahara et du Sahel (OSS) a appel\u00e9, le 2 novembre 2025, \u00e0 mettre en place, \u00e0 l\u2019\u00e9chelle africaine, une approche globale et int\u00e9gr\u00e9e, articulant pr\u00e9servation de la\u00a0biodiversit\u00e9, lutte contre la d\u00e9sertification, adaptation au changement climatique et att\u00e9nuation des \u00e9missions. Ces axes constituent, selon l\u2019observatoire, autant de leviers compl\u00e9mentaires au service d\u2019un m\u00eame id\u00e9al [&hellip;]<\/p>\n","protected":false},"author":4,"featured_media":68757,"comment_status":"open","ping_status":"closed","sticky":false,"template":"","format":"standard","meta":{"content-type":"","jnews-multi-image_gallery":[],"jnews_single_post":{"format":"standard"},"jnews_primary_category":[],"jnews_override_bookmark_settings":[],"jnews_review":[],"enable_review":"","type":"","name":"","summary":"","brand":"","sku":"","good":[],"bad":[],"score_override":"","override_value":"","rating":[],"price":[],"jnews_post_split":[],"footnotes":""},"categories":[2],"tags":[63,13110,1115,3876],"class_list":["post-68756","post","type-post","status-publish","format-standard","has-post-thumbnail","hentry","category-news-politique","tag-afrique","tag-biodiversite","tag-developpement-durable","tag-lobservatoire-du-sahara-et-du-sahel"],"_links":{"self":[{"href":"https:\/\/www.africanchallenges.com\/index.php?rest_route=\/wp\/v2\/posts\/68756","targetHints":{"allow":["GET"]}}],"collection":[{"href":"https:\/\/www.africanchallenges.com\/index.php?rest_route=\/wp\/v2\/posts"}],"about":[{"href":"https:\/\/www.africanchallenges.com\/index.php?rest_route=\/wp\/v2\/types\/post"}],"author":[{"embeddable":true,"href":"https:\/\/www.africanchallenges.com\/index.php?rest_route=\/wp\/v2\/users\/4"}],"replies":[{"embeddable":true,"href":"https:\/\/www.africanchallenges.com\/index.php?rest_route=%2Fwp%2Fv2%2Fcomments&post=68756"}],"version-history":[{"count":1,"href":"https:\/\/www.africanchallenges.com\/index.php?rest_route=\/wp\/v2\/posts\/68756\/revisions"}],"predecessor-version":[{"id":68758,"href":"https:\/\/www.africanchallenges.com\/index.php?rest_route=\/wp\/v2\/posts\/68756\/revisions\/68758"}],"wp:featuredmedia":[{"embeddable":true,"href":"https:\/\/www.africanchallenges.com\/index.php?rest_route=\/wp\/v2\/media\/68757"}],"wp:attachment":[{"href":"https:\/\/www.africanchallenges.com\/index.php?rest_route=%2Fwp%2Fv2%2Fmedia&parent=68756"}],"wp:term":[{"taxonomy":"category","embeddable":true,"href":"https:\/\/www.africanchallenges.com\/index.php?rest_route=%2Fwp%2Fv2%2Fcategories&post=68756"},{"taxonomy":"post_tag","embeddable":true,"href":"https:\/\/www.africanchallenges.com\/index.php?rest_route=%2Fwp%2Fv2%2Ftags&post=68756"}],"curies":[{"name":"wp","href":"https:\/\/api.w.org\/{rel}","templated":true}]}}