{"id":68543,"date":"2025-10-22T14:21:45","date_gmt":"2025-10-22T13:21:45","guid":{"rendered":"https:\/\/www.africanchallenges.com\/?p=68543"},"modified":"2025-10-22T14:21:47","modified_gmt":"2025-10-22T13:21:47","slug":"une-delegation-tunisienne-a-varsovie-pour-renforcer-la-collaboration-tuniso-polognaise","status":"publish","type":"post","link":"https:\/\/www.africanchallenges.com\/?p=68543","title":{"rendered":"Une d\u00e9l\u00e9gation Tunisienne \u00e0 Varsovie pour renforcer la collaboration tuniso-polognaise"},"content":{"rendered":"\n<p class=\"wp-block-paragraph\">Dans le cadre du renforcement des relations \u00e9conomiques et commerciales entre la Tunisie et la Pologne, la Chambre de Commerce et d&rsquo;Industrie de Tunis a organis\u00e9 une mission \u00e0 Varsovie accompagn\u00e9e d&rsquo;une d\u00e9l\u00e9gation tunisienne.<\/p>\n\n\n\n<p class=\"wp-block-paragraph\">Cette mission s\u2019inscrivait dans le cadre du Forum d&rsquo;affaires polono-tunisien organis\u00e9 en collaboration avec la Chambre de Commerce de varsovie et avec l&rsquo;appui de l&rsquo;Ambassade de la Tunisie en Pologne.<\/p>\n\n\n\n<p class=\"wp-block-paragraph\">Au programme :<\/p>\n\n\n\n<p class=\"wp-block-paragraph\">*La c\u00e9r\u00e9monie d&rsquo;ouverture :<\/p>\n\n\n\n<p class=\"wp-block-paragraph\">SEM l&rsquo;ambassadeur de la Tunisie<\/p>\n\n\n\n<p class=\"wp-block-paragraph\">Mr Moncef ben Jemaa, Pr\u00e9sident de la CCITunis<\/p>\n\n\n\n<p class=\"wp-block-paragraph\">Mr Marek Traczyk Pr\u00e9sident de Warsaw Chamber of Commerce<\/p>\n\n\n\n<p class=\"wp-block-paragraph\">Ainsi que des repr\u00e9sentants officiels et des responsables institutionnels des 2 pays.<\/p>\n\n\n\n<p class=\"wp-block-paragraph\">*Des rencontres d&rsquo;affaires B2B entre entreprises tunisiennes et polonaises:<\/p>\n\n\n\n<p class=\"wp-block-paragraph\">Plus d&rsquo;une quarantaine de contacts ont \u00e9t\u00e9 r\u00e9alis\u00e9s dans les secteurs de l&rsquo;automobile, le cosm\u00e9tique, l&#8217;emballage, le consulting, l&rsquo;agroalimentaire, ..<\/p>\n\n\n\n<p class=\"wp-block-paragraph\">Cette journ\u00e9e a permis d&rsquo;\u00e9tablir plusieurs contacts d&rsquo;affaires prometteurs permettant ainsi la visibilit\u00e9 de l&rsquo;offre des 2 pays ainsi que d&rsquo;identifier les pistes de collaboration dans plusieurs domaines : l&rsquo;agroalimentaire dont notamment l&rsquo;huile d&rsquo;olive tunisienne et les dattes, l&rsquo;automobile, les produits pharmaceutiques et cosm\u00e9tiques, le tourisme,..<\/p>\n\n\n\n<p class=\"wp-block-paragraph\">Elle a aussi con\u00e7u une opportunit\u00e9 importante du rapprochement \u00e9conomique ainsi que l&rsquo;int\u00e9r\u00eat mutuel des 2 parties pour une partenariat durable en s&rsquo;engagent \u00e0 suivre et \u00e0 continuer \u00e0 d\u00e9velopper les relations entre la Tunisie et la Pologne.<\/p>\n\n\n\n<p class=\"wp-block-paragraph\"><\/p>\n","protected":false},"excerpt":{"rendered":"<p>Dans le cadre du renforcement des relations \u00e9conomiques et commerciales entre la Tunisie et la Pologne, la Chambre de Commerce et d&rsquo;Industrie de Tunis a organis\u00e9 une mission \u00e0 Varsovie accompagn\u00e9e d&rsquo;une d\u00e9l\u00e9gation tunisienne. Cette mission s\u2019inscrivait dans le cadre du Forum d&rsquo;affaires polono-tunisien organis\u00e9 en collaboration avec la Chambre de Commerce de varsovie et [&hellip;]<\/p>\n","protected":false},"author":4,"featured_media":68544,"comment_status":"open","ping_status":"closed","sticky":false,"template":"","format":"standard","meta":{"content-type":"","jnews-multi-image_gallery":[],"jnews_single_post":{"format":"standard"},"jnews_primary_category":[],"jnews_override_bookmark_settings":[],"jnews_review":[],"enable_review":"","type":"","name":"","summary":"","brand":"","sku":"","good":[],"bad":[],"score_override":"","override_value":"","rating":[],"price":[],"jnews_post_split":[],"footnotes":""},"categories":[2],"tags":[16752,1896,1839,54],"class_list":["post-68543","post","type-post","status-publish","format-standard","has-post-thumbnail","hentry","category-news-politique","tag-chambre-de-commerce-et-dindustrie-de-tunis","tag-collaboration","tag-pologne","tag-tunisie"],"_links":{"self":[{"href":"https:\/\/www.africanchallenges.com\/index.php?rest_route=\/wp\/v2\/posts\/68543","targetHints":{"allow":["GET"]}}],"collection":[{"href":"https:\/\/www.africanchallenges.com\/index.php?rest_route=\/wp\/v2\/posts"}],"about":[{"href":"https:\/\/www.africanchallenges.com\/index.php?rest_route=\/wp\/v2\/types\/post"}],"author":[{"embeddable":true,"href":"https:\/\/www.africanchallenges.com\/index.php?rest_route=\/wp\/v2\/users\/4"}],"replies":[{"embeddable":true,"href":"https:\/\/www.africanchallenges.com\/index.php?rest_route=%2Fwp%2Fv2%2Fcomments&post=68543"}],"version-history":[{"count":1,"href":"https:\/\/www.africanchallenges.com\/index.php?rest_route=\/wp\/v2\/posts\/68543\/revisions"}],"predecessor-version":[{"id":68545,"href":"https:\/\/www.africanchallenges.com\/index.php?rest_route=\/wp\/v2\/posts\/68543\/revisions\/68545"}],"wp:featuredmedia":[{"embeddable":true,"href":"https:\/\/www.africanchallenges.com\/index.php?rest_route=\/wp\/v2\/media\/68544"}],"wp:attachment":[{"href":"https:\/\/www.africanchallenges.com\/index.php?rest_route=%2Fwp%2Fv2%2Fmedia&parent=68543"}],"wp:term":[{"taxonomy":"category","embeddable":true,"href":"https:\/\/www.africanchallenges.com\/index.php?rest_route=%2Fwp%2Fv2%2Fcategories&post=68543"},{"taxonomy":"post_tag","embeddable":true,"href":"https:\/\/www.africanchallenges.com\/index.php?rest_route=%2Fwp%2Fv2%2Ftags&post=68543"}],"curies":[{"name":"wp","href":"https:\/\/api.w.org\/{rel}","templated":true}]}}