{"id":68521,"date":"2025-10-21T16:26:50","date_gmt":"2025-10-21T15:26:50","guid":{"rendered":"https:\/\/www.africanchallenges.com\/?p=68521"},"modified":"2025-10-21T16:26:51","modified_gmt":"2025-10-21T15:26:51","slug":"une-premiere-en-france-lancien-president-nicolas-sarkozy-est-incarcere","status":"publish","type":"post","link":"https:\/\/www.africanchallenges.com\/?p=68521","title":{"rendered":"Une premi\u00e8re en France , l&rsquo;ancien pr\u00e9sident Nicolas Sarkozy est  incarc\u00e9r\u00e9"},"content":{"rendered":"\n<p class=\"wp-block-paragraph\">L&rsquo;ancien pr\u00e9sident Nicolas Sarkozy est actuellement incarc\u00e9r\u00e9, pr\u00e8s d&rsquo;un mois apr\u00e8s avoir \u00e9t\u00e9 condamn\u00e9 pour association de malfaiteurs dans le cadre du proc\u00e8s libyen, une situation sans pr\u00e9c\u00e9dent dans l&rsquo;histoire de la R\u00e9publique.<\/p>\n\n\n\n<p class=\"wp-block-paragraph\">Il devrait y rester \u00ab\u00a0au moins trois semaines ou un mois\u00a0\u00bb, a d\u00e9clar\u00e9 son avocat Christophe Ingrain devant les portes de la prison parisienne de la Sant\u00e9, o\u00f9 il venait de laisser son client. La cour d&rsquo;appel de Paris dispose de deux mois pour se prononcer sur la demande de lib\u00e9ration d\u00e9pos\u00e9e imm\u00e9diatement apr\u00e8s l&rsquo;incarc\u00e9ration.<\/p>\n\n\n\n<p class=\"wp-block-paragraph\">Des personnalit\u00e9s comme le Br\u00e9silien Lula ou le Sud-Africain Jacob Zuma ont purg\u00e9 des peines de prison apr\u00e8s avoir quitt\u00e9 leurs fonctions. Cependant, aucun ancien chef d&rsquo;\u00c9tat de l&rsquo;Union europ\u00e9enne n&rsquo;avait connu une telle situation.<\/p>\n\n\n\n<p class=\"wp-block-paragraph\">Accueilli par les acclamations de ses partisans lorsqu&rsquo;il a quitt\u00e9 son domicile de l&rsquo;ouest parisien vers 09H15, Nicolas Sarkozy, \u00e2g\u00e9 de 70 ans, est arriv\u00e9 une vingtaine de minutes plus tard \u00e0 la Sant\u00e9, suivi par une multitude de cam\u00e9ras et de photographes \u00e0 moto.<\/p>\n\n\n\n<p class=\"wp-block-paragraph\">Sa voiture a attendu quelques minutes pr\u00e8s du haut mur de la prison avant que l&rsquo;ex-pr\u00e9sident ne p\u00e9n\u00e8tre dans l&rsquo;enceinte de la seule prison parisienne.<\/p>\n\n\n\n<p class=\"wp-block-paragraph\">&#8211; \u00ab\u00a0Lib\u00e9rez Sarkozy!\u00a0\u00bb -\u00ab\u00a0Oh bienvenue Sarkozy!\u00a0\u00bb, \u00ab\u00a0Y&rsquo;a Sarkozy!\u00a0\u00bb, ont cri\u00e9 ses cod\u00e9tenus. \u00ab\u00a0Il est arriv\u00e9, il a salu\u00e9 les personnes qui l&rsquo;attendaient pour accomplir les formalit\u00e9s de la d\u00e9tention\u00a0\u00bb au greffe, a rapport\u00e9 son avocat.<\/p>\n\n\n\n<p class=\"wp-block-paragraph\">Avant de monter dans sa voiture, Nicolas Sarkozy, en compagnie de son \u00e9pouse Carla Bruni, a salu\u00e9 ses partisans qui ont chant\u00e9 la \u00ab\u00a0Marseillaise\u00a0\u00bb et accroch\u00e9 deux drapeaux fran\u00e7ais sur une grille. \u00ab\u00a0Lib\u00e9rez Nicolas!\u00a0\u00bb, a cri\u00e9 la foule.<\/p>\n\n\n\n<p class=\"wp-block-paragraph\">L&rsquo;ex-pr\u00e9sident a embrass\u00e9 ses proches, serr\u00e9 des mains et a publi\u00e9 un message sur ses r\u00e9seaux sociaux : \u00ab\u00a0La v\u00e9rit\u00e9 triomphera. Mais le prix \u00e0 payer sera \u00e9crasant&#8230;\u00a0\u00bb, \u00ab\u00a0ce n&rsquo;est pas un ancien pr\u00e9sident de la R\u00e9publique que l&rsquo;on enferme ce matin, c&rsquo;est un innocent.\u00a0\u00bb<\/p>\n\n\n\n<p class=\"wp-block-paragraph\">Le 25 septembre, le tribunal correctionnel de Paris a condamn\u00e9 l&rsquo;ancien pr\u00e9sident \u00e0 cinq ans de prison, reconnu coupable d&rsquo;avoir intentionnellement permis \u00e0 ses collaborateurs de rencontrer \u00e0 Tripoli un dignitaire du r\u00e9gime de Mouammar Kadhafi afin de discuter d&rsquo;un financement clandestin de sa campagne pr\u00e9sidentielle de 2007, alors qu&rsquo;il occupait le poste de ministre de l&rsquo;Int\u00e9rieur. Nicolas Sarkozy a interjet\u00e9 appel et un nouveau proc\u00e8s devrait se tenir avant l&rsquo;\u00e9t\u00e9.<\/p>\n\n\n\n<p class=\"wp-block-paragraph\"><strong>Avec AFP<\/strong><\/p>\n\n\n\n<p class=\"wp-block-paragraph\"><\/p>\n","protected":false},"excerpt":{"rendered":"<p>L&rsquo;ancien pr\u00e9sident Nicolas Sarkozy est actuellement incarc\u00e9r\u00e9, pr\u00e8s d&rsquo;un mois apr\u00e8s avoir \u00e9t\u00e9 condamn\u00e9 pour association de malfaiteurs dans le cadre du proc\u00e8s libyen, une situation sans pr\u00e9c\u00e9dent dans l&rsquo;histoire de la R\u00e9publique. Il devrait y rester \u00ab\u00a0au moins trois semaines ou un mois\u00a0\u00bb, a d\u00e9clar\u00e9 son avocat Christophe Ingrain devant les portes de la [&hellip;]<\/p>\n","protected":false},"author":4,"featured_media":68522,"comment_status":"open","ping_status":"closed","sticky":false,"template":"","format":"standard","meta":{"content-type":"","jnews-multi-image_gallery":[],"jnews_single_post":{"format":"standard"},"jnews_primary_category":[],"jnews_override_bookmark_settings":[],"jnews_review":[],"enable_review":"","type":"","name":"","summary":"","brand":"","sku":"","good":[],"bad":[],"score_override":"","override_value":"","rating":[],"price":[],"jnews_post_split":[],"footnotes":""},"categories":[6],"tags":[4736,6672,16745],"class_list":["post-68521","post","type-post","status-publish","format-standard","has-post-thumbnail","hentry","category-world","tag-nicolas-sarkozy","tag-prison","tag-proces-libyen"],"_links":{"self":[{"href":"https:\/\/www.africanchallenges.com\/index.php?rest_route=\/wp\/v2\/posts\/68521","targetHints":{"allow":["GET"]}}],"collection":[{"href":"https:\/\/www.africanchallenges.com\/index.php?rest_route=\/wp\/v2\/posts"}],"about":[{"href":"https:\/\/www.africanchallenges.com\/index.php?rest_route=\/wp\/v2\/types\/post"}],"author":[{"embeddable":true,"href":"https:\/\/www.africanchallenges.com\/index.php?rest_route=\/wp\/v2\/users\/4"}],"replies":[{"embeddable":true,"href":"https:\/\/www.africanchallenges.com\/index.php?rest_route=%2Fwp%2Fv2%2Fcomments&post=68521"}],"version-history":[{"count":1,"href":"https:\/\/www.africanchallenges.com\/index.php?rest_route=\/wp\/v2\/posts\/68521\/revisions"}],"predecessor-version":[{"id":68523,"href":"https:\/\/www.africanchallenges.com\/index.php?rest_route=\/wp\/v2\/posts\/68521\/revisions\/68523"}],"wp:featuredmedia":[{"embeddable":true,"href":"https:\/\/www.africanchallenges.com\/index.php?rest_route=\/wp\/v2\/media\/68522"}],"wp:attachment":[{"href":"https:\/\/www.africanchallenges.com\/index.php?rest_route=%2Fwp%2Fv2%2Fmedia&parent=68521"}],"wp:term":[{"taxonomy":"category","embeddable":true,"href":"https:\/\/www.africanchallenges.com\/index.php?rest_route=%2Fwp%2Fv2%2Fcategories&post=68521"},{"taxonomy":"post_tag","embeddable":true,"href":"https:\/\/www.africanchallenges.com\/index.php?rest_route=%2Fwp%2Fv2%2Ftags&post=68521"}],"curies":[{"name":"wp","href":"https:\/\/api.w.org\/{rel}","templated":true}]}}