{"id":68461,"date":"2025-10-20T07:30:37","date_gmt":"2025-10-20T06:30:37","guid":{"rendered":"https:\/\/www.africanchallenges.com\/?p=68461"},"modified":"2025-10-20T10:12:15","modified_gmt":"2025-10-20T09:12:15","slug":"tunisie-deces-de-lamiral-de-brigade-retraite-mohamed-chedli-cherif","status":"publish","type":"post","link":"https:\/\/www.africanchallenges.com\/?p=68461","title":{"rendered":"Tunisie : D\u00e9c\u00e8s de l\u2019amiral de brigade retrait\u00e9, Mohamed Chedli Cherif"},"content":{"rendered":"\n<p class=\"wp-block-paragraph\">Dans un communiqu\u00e9 diffus\u00e9 sur sa page officielle, le Minist\u00e8re de la D\u00e9fense Nationale a annonc\u00e9 le d\u00e9c\u00e8s du Major g\u00e9n\u00e9ral de la Marine \u00e0 la retraite, Mohamed Chedli Cherif, survenu le samedi 18 octobre 2025. En cette triste occasion, le Minist\u00e8re de la D\u00e9fense nationale a exprim\u00e9 ses plus sinc\u00e8res condol\u00e9ances \u00e0 la famille du d\u00e9funt ainsi qu&rsquo;\u00e0 ses proches, esp\u00e9rant que le Cher Tout-Puissant puisse accueillir son \u00e2me.<\/p>\n\n\n\n<p class=\"wp-block-paragraph\">Le d\u00e9funt est n\u00e9 le 2 juillet 1942 et a int\u00e9gr\u00e9 les rangs de l&rsquo;Arm\u00e9e nationale en septembre 1965. Il a suivi sa formation militaire en France, o\u00f9 il a obtenu son dipl\u00f4me dans le domaine du commandement de navires, avant de poursuivre ses \u00e9tudes \u00e0 l&rsquo;\u00c9cole Militaire Sup\u00e9rieure en France et \u00e0 l&rsquo;Institut de D\u00e9fense Nationale en Tunisie.<\/p>\n\n\n\n<p class=\"wp-block-paragraph\">Tout au long de sa carri\u00e8re, il a occup\u00e9 plusieurs postes de responsabilit\u00e9, parmi lesquels les plus notables \u00e9taient chef d&rsquo;\u00e9tat-major de l&rsquo;Arm\u00e9e de mer de 1989 \u00e0 1997, inspecteur g\u00e9n\u00e9ral des Arm\u00e9es, attach\u00e9 militaire adjoint \u00e0 l&rsquo;ambassade de Tunisie en France, ainsi qu&rsquo;attach\u00e9 militaire naval et a\u00e9rien \u00e0 l&rsquo;ambassade de Tunisie aux \u00c9tats-Unis d&rsquo;Am\u00e9rique.<\/p>\n\n\n\n<p class=\"wp-block-paragraph\">Il a \u00e9t\u00e9 d\u00e9cor\u00e9 de la M\u00e9daille Militaire, de la Grande Classe de l&rsquo;ordre de la R\u00e9publique, de la deuxi\u00e8me classe de la M\u00e9daille d&rsquo;Honneur de la s\u00e9curit\u00e9 nationale, de la troisi\u00e8me classe de la L\u00e9gion d&rsquo;honneur et du m\u00e9rite Fran\u00e7ais, ainsi que de la deuxi\u00e8me classe de l&rsquo;ordre du m\u00e9rite am\u00e9ricain.<\/p>\n\n\n\n<p class=\"wp-block-paragraph\">Le d\u00e9funt a quitt\u00e9 les rangs de l&rsquo;Arm\u00e9e nationale en f\u00e9vrier 2001. <\/p>\n\n\n\n<p class=\"wp-block-paragraph\">Paix \u00e0 son \u00e2me.<\/p>\n\n\n\n<p class=\"wp-block-paragraph\"> <\/p>\n","protected":false},"excerpt":{"rendered":"<p>Dans un communiqu\u00e9 diffus\u00e9 sur sa page officielle, le Minist\u00e8re de la D\u00e9fense Nationale a annonc\u00e9 le d\u00e9c\u00e8s du Major g\u00e9n\u00e9ral de la Marine \u00e0 la retraite, Mohamed Chedli Cherif, survenu le samedi 18 octobre 2025. En cette triste occasion, le Minist\u00e8re de la D\u00e9fense nationale a exprim\u00e9 ses plus sinc\u00e8res condol\u00e9ances \u00e0 la famille [&hellip;]<\/p>\n","protected":false},"author":4,"featured_media":68462,"comment_status":"open","ping_status":"closed","sticky":false,"template":"","format":"standard","meta":{"content-type":"","jnews-multi-image_gallery":[],"jnews_single_post":{"format":"standard"},"jnews_primary_category":[],"jnews_override_bookmark_settings":[],"jnews_review":[],"enable_review":"","type":"","name":"","summary":"","brand":"","sku":"","good":[],"bad":[],"score_override":"","override_value":"","rating":[],"price":[],"jnews_post_split":[],"footnotes":""},"categories":[2],"tags":[2019,4229,16729],"class_list":["post-68461","post","type-post","status-publish","format-standard","has-post-thumbnail","hentry","category-news-politique","tag-deces","tag-ministere-de-la-defense-nationale","tag-mohamed-chedli-cherif"],"_links":{"self":[{"href":"https:\/\/www.africanchallenges.com\/index.php?rest_route=\/wp\/v2\/posts\/68461","targetHints":{"allow":["GET"]}}],"collection":[{"href":"https:\/\/www.africanchallenges.com\/index.php?rest_route=\/wp\/v2\/posts"}],"about":[{"href":"https:\/\/www.africanchallenges.com\/index.php?rest_route=\/wp\/v2\/types\/post"}],"author":[{"embeddable":true,"href":"https:\/\/www.africanchallenges.com\/index.php?rest_route=\/wp\/v2\/users\/4"}],"replies":[{"embeddable":true,"href":"https:\/\/www.africanchallenges.com\/index.php?rest_route=%2Fwp%2Fv2%2Fcomments&post=68461"}],"version-history":[{"count":2,"href":"https:\/\/www.africanchallenges.com\/index.php?rest_route=\/wp\/v2\/posts\/68461\/revisions"}],"predecessor-version":[{"id":68464,"href":"https:\/\/www.africanchallenges.com\/index.php?rest_route=\/wp\/v2\/posts\/68461\/revisions\/68464"}],"wp:featuredmedia":[{"embeddable":true,"href":"https:\/\/www.africanchallenges.com\/index.php?rest_route=\/wp\/v2\/media\/68462"}],"wp:attachment":[{"href":"https:\/\/www.africanchallenges.com\/index.php?rest_route=%2Fwp%2Fv2%2Fmedia&parent=68461"}],"wp:term":[{"taxonomy":"category","embeddable":true,"href":"https:\/\/www.africanchallenges.com\/index.php?rest_route=%2Fwp%2Fv2%2Fcategories&post=68461"},{"taxonomy":"post_tag","embeddable":true,"href":"https:\/\/www.africanchallenges.com\/index.php?rest_route=%2Fwp%2Fv2%2Ftags&post=68461"}],"curies":[{"name":"wp","href":"https:\/\/api.w.org\/{rel}","templated":true}]}}