{"id":68404,"date":"2025-10-16T09:02:19","date_gmt":"2025-10-16T08:02:19","guid":{"rendered":"https:\/\/www.africanchallenges.com\/?p=68404"},"modified":"2025-10-16T09:02:21","modified_gmt":"2025-10-16T08:02:21","slug":"tunisie-le-chef-de-letat-celebre-le-62e-anniversaire-de-la-fete-de-levacuation-a-bizerte","status":"publish","type":"post","link":"https:\/\/www.africanchallenges.com\/?p=68404","title":{"rendered":"Tunisie : Le chef de l&rsquo;Etat c\u00e9l\u00e8bre le 62e anniversaire de la F\u00eate de l\u2019\u00e9vacuation \u00e0 Bizerte"},"content":{"rendered":"\n<p class=\"wp-block-paragraph\">Le pr\u00e9sident de la R\u00e9publique, Ka\u00efs Sa\u00efed, a pr\u00e9sid\u00e9, le mercredi 15 octobre 2025, la c\u00e9r\u00e9monie comm\u00e9morative du 62e anniversaire de la F\u00eate de l\u2019\u00e9vacuation, qui s&rsquo;est tenue au Carr\u00e9 des martyrs \u00e0 Bizerte.<\/p>\n\n\n\n<p class=\"wp-block-paragraph\">Le chef de l\u2019\u00c9tat a rendu hommage au drapeau en entendant l\u2019hymne national, a d\u00e9pos\u00e9 une couronne de fleurs au pied du m\u00e9morial des martyrs et a r\u00e9cit\u00e9 la Fatiha.<\/p>\n\n\n\n<p class=\"wp-block-paragraph\">Le pr\u00e9sident de la R\u00e9publique a ensuite honor\u00e9 la m\u00e9moire des martyrs, avant d&rsquo;\u00e9changer avec des officiers de l\u2019arm\u00e9e et des responsables pr\u00e9sents sur les lieux. \u00ab En avant, nous allons relever les d\u00e9fis \u00bb, a r\u00e9affirm\u00e9 Ka\u00efs Sa\u00efed.<\/p>\n\n\n\n<p class=\"wp-block-paragraph\">Il a \u00e9galement salu\u00e9 les anciens combattants de la bataille de l\u2019\u00e9vacuation : \u00ab Le peuple tunisien sera toujours un rempart solide contre quiconque s\u2019en prend \u00e0 l\u2019\u00c9tat tunisien \u00bb, a-t-il d\u00e9clar\u00e9 \u00e0 un militant.<\/p>\n\n\n\n<p class=\"wp-block-paragraph\">Ce dernier a d&rsquo;ailleurs sugg\u00e9r\u00e9 au pr\u00e9sident de la R\u00e9publique de renommer le pont de Bizerte en \u00ab Pont de la bataille de l\u2019\u00e9vacuation du 19 juillet 1961 \u00bb.<\/p>\n\n\n\n<p class=\"wp-block-paragraph\">Apr\u00e8s la c\u00e9r\u00e9monie, le pr\u00e9sident Ka\u00efs Sa\u00efed a interagi avec la population dans les rues de Bizerte et a \u00e9chang\u00e9 avec des citoyens.<\/p>\n\n\n\n<p class=\"wp-block-paragraph\">La F\u00eate de l\u2019\u00e9vacuation comm\u00e9more le d\u00e9part, le 15 octobre 1963, du dernier soldat fran\u00e7ais du territoire tunisien. Elle est c\u00e9l\u00e9br\u00e9e chaque ann\u00e9e en m\u00e9moire des centaines de martyrs tunisiens tomb\u00e9s durant la bataille de Bizerte (19-23 juillet 1961), qui a oppos\u00e9 pendant quatre jours les forces fran\u00e7aises stationn\u00e9es pr\u00e8s de la ville \u00e0 l\u2019arm\u00e9e tunisienne, soutenue par des dizaines de milliers de citoyens volontaires.<\/p>\n\n\n\n<p class=\"wp-block-paragraph\"><\/p>\n","protected":false},"excerpt":{"rendered":"<p>Le pr\u00e9sident de la R\u00e9publique, Ka\u00efs Sa\u00efed, a pr\u00e9sid\u00e9, le mercredi 15 octobre 2025, la c\u00e9r\u00e9monie comm\u00e9morative du 62e anniversaire de la F\u00eate de l\u2019\u00e9vacuation, qui s&rsquo;est tenue au Carr\u00e9 des martyrs \u00e0 Bizerte. Le chef de l\u2019\u00c9tat a rendu hommage au drapeau en entendant l\u2019hymne national, a d\u00e9pos\u00e9 une couronne de fleurs au pied [&hellip;]<\/p>\n","protected":false},"author":4,"featured_media":68406,"comment_status":"open","ping_status":"closed","sticky":false,"template":"","format":"standard","meta":{"content-type":"","jnews-multi-image_gallery":[],"jnews_single_post":{"format":"standard"},"jnews_primary_category":[],"jnews_override_bookmark_settings":[],"jnews_review":[],"enable_review":"","type":"","name":"","summary":"","brand":"","sku":"","good":[],"bad":[],"score_override":"","override_value":"","rating":[],"price":[],"jnews_post_split":[],"footnotes":""},"categories":[2],"tags":[209,637,14766,16705,3694],"class_list":["post-68404","post","type-post","status-publish","format-standard","has-post-thumbnail","hentry","category-news-politique","tag-anniversaire","tag-bizerte","tag-ceremonie-commemorative","tag-fete-de-levacuation-2","tag-kais-saied"],"_links":{"self":[{"href":"https:\/\/www.africanchallenges.com\/index.php?rest_route=\/wp\/v2\/posts\/68404","targetHints":{"allow":["GET"]}}],"collection":[{"href":"https:\/\/www.africanchallenges.com\/index.php?rest_route=\/wp\/v2\/posts"}],"about":[{"href":"https:\/\/www.africanchallenges.com\/index.php?rest_route=\/wp\/v2\/types\/post"}],"author":[{"embeddable":true,"href":"https:\/\/www.africanchallenges.com\/index.php?rest_route=\/wp\/v2\/users\/4"}],"replies":[{"embeddable":true,"href":"https:\/\/www.africanchallenges.com\/index.php?rest_route=%2Fwp%2Fv2%2Fcomments&post=68404"}],"version-history":[{"count":1,"href":"https:\/\/www.africanchallenges.com\/index.php?rest_route=\/wp\/v2\/posts\/68404\/revisions"}],"predecessor-version":[{"id":68407,"href":"https:\/\/www.africanchallenges.com\/index.php?rest_route=\/wp\/v2\/posts\/68404\/revisions\/68407"}],"wp:featuredmedia":[{"embeddable":true,"href":"https:\/\/www.africanchallenges.com\/index.php?rest_route=\/wp\/v2\/media\/68406"}],"wp:attachment":[{"href":"https:\/\/www.africanchallenges.com\/index.php?rest_route=%2Fwp%2Fv2%2Fmedia&parent=68404"}],"wp:term":[{"taxonomy":"category","embeddable":true,"href":"https:\/\/www.africanchallenges.com\/index.php?rest_route=%2Fwp%2Fv2%2Fcategories&post=68404"},{"taxonomy":"post_tag","embeddable":true,"href":"https:\/\/www.africanchallenges.com\/index.php?rest_route=%2Fwp%2Fv2%2Ftags&post=68404"}],"curies":[{"name":"wp","href":"https:\/\/api.w.org\/{rel}","templated":true}]}}