{"id":68339,"date":"2025-10-13T15:27:28","date_gmt":"2025-10-13T14:27:28","guid":{"rendered":"https:\/\/www.africanchallenges.com\/?p=68339"},"modified":"2025-10-13T15:37:30","modified_gmt":"2025-10-13T14:37:30","slug":"tunisie-necessite-dune-vision-nationale-integree-pour-le-traitement-de-la-situation-environnementale-et-sociale-a-gabes","status":"publish","type":"post","link":"https:\/\/www.africanchallenges.com\/?p=68339","title":{"rendered":"Tunisie : N\u00e9cessit\u00e9 d&rsquo;une  vision nationale int\u00e9gr\u00e9e pour le traitement de la situation environnementale et sociale \u00e0 Gab\u00e8s"},"content":{"rendered":"\n<p class=\"wp-block-paragraph\">La F\u00e9d\u00e9ration g\u00e9n\u00e9rale du P\u00e9trole et de la chimie suit avec un grand int\u00e9r\u00eat la situation environnementale et sociale de Gab\u00e8s et les d\u00e9fis actuels qui n\u00e9cessitent une vision nationale int\u00e9gr\u00e9e qui \u00e9quilibre les exigences environnementales, \u00e9conomiques et sociales.<\/p>\n\n\n\n<p class=\"wp-block-paragraph\">Soulignant que le groupe chimique tunisien est un atout national et strat\u00e9gique qui contribue \u00e0 la s\u00e9curit\u00e9 alimentaire nationale et mondiale par son appui au secteur agricole et fournissant des milliers d&#8217;emplois directs et indirects, la F\u00e9d\u00e9ration juge n\u00e9cessaire de renforcer son r\u00f4le d\u00e9veloppemental et social dans le respect de l&rsquo;environnement et d&rsquo;assurer la s\u00e9curit\u00e9 des travailleurs et de l&rsquo;environnement.<\/p>\n\n\n\n<p class=\"wp-block-paragraph\"><strong>D<\/strong><strong>iagnostic de la situation actuelle<\/strong><\/p>\n\n\n\n<p class=\"wp-block-paragraph\">La F\u00e9d\u00e9rartion enregistre un certain nombre de d\u00e9fis, dont les plus importants sont:<\/p>\n\n\n\n<p class=\"wp-block-paragraph\">L&rsquo;accumulation de l&rsquo;impact environnemental r\u00e9sultant d&rsquo;activit\u00e9s industrielles ant\u00e9rieures et de conditions d&rsquo;exploitation d\u00e9pass\u00e9es n\u00e9cessite un traitement complet.<\/p>\n\n\n\n<p class=\"wp-block-paragraph\">Il est urgent de moderniser les \u00e9quipements industriels et d&rsquo;\u00e9lever le niveau de protection de l&rsquo;environnement et des professionnels.<\/p>\n\n\n\n<p class=\"wp-block-paragraph\">Une grave p\u00e9nurie de personnel et de cadres suite \u00e0 l&rsquo;arr\u00eat des missions depuis 2013, qui a affect\u00e9 le planning de travail et les efforts de contr\u00f4le et techniques au sein des unit\u00e9s industrielles.<\/p>\n\n\n\n<p class=\"wp-block-paragraph\">Les demandes croissantes de la soci\u00e9t\u00e9 pour am\u00e9liorer la qualit\u00e9 de l&rsquo;air et de l&rsquo;eau et assurer un environnement s\u00fbr pour les travailleurs et les citoyens.<\/p>\n\n\n\n<p class=\"wp-block-paragraph\">La n\u00e9cessit\u00e9 d&rsquo;acc\u00e9l\u00e9rer la mise en \u0153uvre des programmes gouvernementaux ant\u00e9rieurs li\u00e9s \u00e0 la r\u00e9habilitation de l&rsquo;environnement et au d\u00e9veloppement des infrastructures industrielles.<\/p>\n\n\n\n<p class=\"wp-block-paragraph\"><strong>L&rsquo;<\/strong><strong>A<\/strong><strong>pproche requise&nbsp;<\/strong><strong>:<\/strong><\/p>\n\n\n\n<p class=\"wp-block-paragraph\">La F\u00e9d\u00e9ration publique appelle \u00e0 l&rsquo;adoption d&rsquo;une approche participative et responsable impliquant diverses parties prenantes &#8211; autorit\u00e9s officielles, soci\u00e9t\u00e9 civile \u2013 repr\u00e9sentants des travailleurs &#8211; et experts en environnement &#8211; afin de d\u00e9velopper des solutions pratiques et durables bas\u00e9es sur:<\/p>\n\n\n\n<p class=\"wp-block-paragraph\">-Moderniser les unit\u00e9s industrielles et accro\u00eetre leur efficacit\u00e9 environnementale gr\u00e2ce \u00e0 l&rsquo;introduction de technologies propres et au d\u00e9veloppement de syst\u00e8mes de contr\u00f4le et de surveillance des \u00e9missions.<\/p>\n\n\n\n<p class=\"wp-block-paragraph\">-\u00c9laborer des programmes de s\u00e9curit\u00e9 et de sant\u00e9 au travail et promouvoir la formation dans les domaines de la pr\u00e9vention et de la protection sur les lieux de travail.<\/p>\n\n\n\n<p class=\"wp-block-paragraph\">-Soutenir des projets de recherche et des investissements dans les \u00e9nergies propres et les technologies vertes dans le secteur de la chimie afin d&rsquo;am\u00e9liorer sa comp\u00e9titivit\u00e9 et sa durabilit\u00e9.<\/p>\n\n\n\n<p class=\"wp-block-paragraph\">-\u00c9laborer un plan national de traitement et d&rsquo;\u00e9valuation du phosphogypse par des m\u00e9thodes technologiques modernes et durables, afin de r\u00e9duire l&rsquo;impact environnemental et de maintenir la durabilit\u00e9 de l&rsquo;activit\u00e9 industrielle.<\/p>\n\n\n\n<p class=\"wp-block-paragraph\">-Am\u00e9liorer la communication et la transparence dans la diffusion des donn\u00e9es environnementales et professionnelles pour assurer la confiance entre l&rsquo;institution, l&rsquo;environnement et la soci\u00e9t\u00e9 civile.<\/p>\n\n\n\n<p class=\"wp-block-paragraph\"><strong>Ensemble v<\/strong><strong>ers une vision durable<\/strong><\/p>\n\n\n\n<p class=\"wp-block-paragraph\">La F\u00e9d\u00e9ration estime que l&rsquo;avenir du groupechimique tunisien devrait reposer sur trois piliers int\u00e9gr\u00e9s:<\/p>\n\n\n\n<p class=\"wp-block-paragraph\">Environnement: adopter des solutions scientifiques pour lutter contre la pollution et pr\u00e9server l&rsquo;\u00e9cosyst\u00e8me.<\/p>\n\n\n\n<p class=\"wp-block-paragraph\">Social: prot\u00e9ger les employ\u00e9s et les pneus et am\u00e9liorer leurs conditions mat\u00e9rielles et professionnelles.<\/p>\n\n\n\n<p class=\"wp-block-paragraph\">\u00c9conomique: d\u00e9velopper la comp\u00e9titivit\u00e9 du complexe et renforcer sa contribution \u00e0 la s\u00e9curit\u00e9 alimentaire et au d\u00e9veloppement national.<\/p>\n\n\n\n<p class=\"wp-block-paragraph\"><strong>C<\/strong><strong>onclusion g\u00e9n\u00e9rale<\/strong><\/p>\n\n\n\n<p class=\"wp-block-paragraph\">L&rsquo;Universit\u00e9 g\u00e9n\u00e9rale du P\u00e9trole et de la chimie affirme que Gabes m\u00e9rite un d\u00e9veloppement \u00e9quitable et durable qui r\u00e9tablit l&rsquo;\u00e9quilibre entre l&rsquo;environnement, le travail et la production, et assure un avenir meilleur aux r\u00e9sidents et aux travailleurs de l&rsquo;entit\u00e9.<\/p>\n\n\n\n<p class=\"wp-block-paragraph\">Il renouvelle \u00e9galement sa pleine disponibilit\u00e9 \u00e0 la coop\u00e9ration et au dialogue constructif avec toutes les parties nationales afin de d\u00e9velopper le complexe chimique tunisien pour qu&rsquo;il reste un mod\u00e8le d&rsquo;industrialisation responsable et de d\u00e9veloppement durable.<\/p>\n\n\n\n<p class=\"wp-block-paragraph\">Pour un environnement propre, un complexe d\u00e9velopp\u00e9, un d\u00e9veloppement qui pr\u00e9serve la dignit\u00e9 du citoyen et du travailleur.<\/p>\n\n\n\n<p class=\"wp-block-paragraph\"><strong>Avec Communiqu\u00e9<\/strong><\/p>\n\n\n\n<p class=\"wp-block-paragraph\"><\/p>\n","protected":false},"excerpt":{"rendered":"<p>La F\u00e9d\u00e9ration g\u00e9n\u00e9rale du P\u00e9trole et de la chimie suit avec un grand int\u00e9r\u00eat la situation environnementale et sociale de Gab\u00e8s et les d\u00e9fis actuels qui n\u00e9cessitent une vision nationale int\u00e9gr\u00e9e qui \u00e9quilibre les exigences environnementales, \u00e9conomiques et sociales. Soulignant que le groupe chimique tunisien est un atout national et strat\u00e9gique qui contribue \u00e0 la [&hellip;]<\/p>\n","protected":false},"author":4,"featured_media":43541,"comment_status":"open","ping_status":"closed","sticky":false,"template":"","format":"standard","meta":{"content-type":"","jnews-multi-image_gallery":[],"jnews_single_post":{"format":"standard"},"jnews_primary_category":[],"jnews_override_bookmark_settings":[],"jnews_review":[],"enable_review":"","type":"","name":"","summary":"","brand":"","sku":"","good":[],"bad":[],"score_override":"","override_value":"","rating":[],"price":[],"jnews_post_split":[],"footnotes":""},"categories":[43,73],"tags":[16678,2329,7432],"class_list":["post-68339","post","type-post","status-publish","format-standard","has-post-thumbnail","hentry","category-eco-business","category-eco","tag-federation-generale-du-petrole-et-de-la-chimie","tag-gabes","tag-groupe-chimique"],"_links":{"self":[{"href":"https:\/\/www.africanchallenges.com\/index.php?rest_route=\/wp\/v2\/posts\/68339","targetHints":{"allow":["GET"]}}],"collection":[{"href":"https:\/\/www.africanchallenges.com\/index.php?rest_route=\/wp\/v2\/posts"}],"about":[{"href":"https:\/\/www.africanchallenges.com\/index.php?rest_route=\/wp\/v2\/types\/post"}],"author":[{"embeddable":true,"href":"https:\/\/www.africanchallenges.com\/index.php?rest_route=\/wp\/v2\/users\/4"}],"replies":[{"embeddable":true,"href":"https:\/\/www.africanchallenges.com\/index.php?rest_route=%2Fwp%2Fv2%2Fcomments&post=68339"}],"version-history":[{"count":1,"href":"https:\/\/www.africanchallenges.com\/index.php?rest_route=\/wp\/v2\/posts\/68339\/revisions"}],"predecessor-version":[{"id":68340,"href":"https:\/\/www.africanchallenges.com\/index.php?rest_route=\/wp\/v2\/posts\/68339\/revisions\/68340"}],"wp:featuredmedia":[{"embeddable":true,"href":"https:\/\/www.africanchallenges.com\/index.php?rest_route=\/wp\/v2\/media\/43541"}],"wp:attachment":[{"href":"https:\/\/www.africanchallenges.com\/index.php?rest_route=%2Fwp%2Fv2%2Fmedia&parent=68339"}],"wp:term":[{"taxonomy":"category","embeddable":true,"href":"https:\/\/www.africanchallenges.com\/index.php?rest_route=%2Fwp%2Fv2%2Fcategories&post=68339"},{"taxonomy":"post_tag","embeddable":true,"href":"https:\/\/www.africanchallenges.com\/index.php?rest_route=%2Fwp%2Fv2%2Ftags&post=68339"}],"curies":[{"name":"wp","href":"https:\/\/api.w.org\/{rel}","templated":true}]}}