{"id":68320,"date":"2025-10-13T08:35:48","date_gmt":"2025-10-13T07:35:48","guid":{"rendered":"https:\/\/www.africanchallenges.com\/?p=68320"},"modified":"2025-10-13T08:36:40","modified_gmt":"2025-10-13T07:36:40","slug":"france-composition-du-nouveau-gouvernement-sous-la-direction-de-sebastien-lecornu","status":"publish","type":"post","link":"https:\/\/www.africanchallenges.com\/?p=68320","title":{"rendered":"France : Composition du nouveau gouvernement sous la direction de S\u00e9bastien Lecornu"},"content":{"rendered":"\n<p class=\"wp-block-paragraph\">L&rsquo;\u00c9lys\u00e9e a rendu public, hier dimanche 12 octobre 2025, un communiqu\u00e9 qui officialise la composition du nouveau gouvernement sous la direction de S\u00e9bastien Lecornu, Premier ministre fran\u00e7ais responsable de la planification \u00e9cologique et \u00e9nerg\u00e9tique.<\/p>\n\n\n\n<p class=\"wp-block-paragraph\"><strong>Les ministres<\/strong>:<\/p>\n\n\n\n<p class=\"wp-block-paragraph\">Laurent Nu\u00f1ez, ministre de l\u2019Int\u00e9rieur<\/p>\n\n\n\n<p class=\"wp-block-paragraph\">Catherine Vautrin, ministre des Arm\u00e9es et des Anciens combattants<\/p>\n\n\n\n<p class=\"wp-block-paragraph\">Jean-Pierre Farandou, ministre du Travail et des Solidarit\u00e9s<\/p>\n\n\n\n<p class=\"wp-block-paragraph\">Monique Barbut, ministre de la Transition \u00e9cologique, de la Biodiversit\u00e9 et des N\u00e9gociations internationales sur le climat et la nature<\/p>\n\n\n\n<p class=\"wp-block-paragraph\">G\u00e9rald Darmanin, garde des Sceaux, ministre de la Justice<\/p>\n\n\n\n<p class=\"wp-block-paragraph\">Roland Lescure, ministre de l\u2019\u00c9conomie, des Finances et de la Souverainet\u00e9 industrielle, \u00e9nerg\u00e9tique et num\u00e9rique<\/p>\n\n\n\n<p class=\"wp-block-paragraph\">Serge Papin, ministre des Petites et moyennes entreprises, du Commerce, de l\u2019Artisanat, du Tourisme et du Pouvoir d\u2019achat<\/p>\n\n\n\n<p class=\"wp-block-paragraph\">Annie Genevard, ministre de l\u2019Agriculture, de l\u2019Agro-alimentaire et de la Souverainet\u00e9 alimentaire<\/p>\n\n\n\n<p class=\"wp-block-paragraph\">\u00c9douard Geffray, ministre de l\u2019\u00c9ducation nationale<\/p>\n\n\n\n<p class=\"wp-block-paragraph\">Jean-No\u00ebl Barrot, ministre de l\u2019Europe et des Affaires \u00e9trang\u00e8res<\/p>\n\n\n\n<p class=\"wp-block-paragraph\">Rachida Dati, ministre de la Culture<\/p>\n\n\n\n<p class=\"wp-block-paragraph\">St\u00e9phanie Rist, ministre de la Sant\u00e9, des Familles, de l\u2019Autonomie et des Personnes handicap\u00e9es<\/p>\n\n\n\n<p class=\"wp-block-paragraph\">Na\u00efma Moutchou, ministre des Outre-mer<\/p>\n\n\n\n<p class=\"wp-block-paragraph\">Fran\u00e7oise Gatel, ministre de l\u2019Am\u00e9nagement du territoire et de la D\u00e9centralisation<\/p>\n\n\n\n<p class=\"wp-block-paragraph\">Am\u00e9lie de Montchalin, ministre de l\u2019Action et des Comptes publics<\/p>\n\n\n\n<p class=\"wp-block-paragraph\">Philippe Baptiste, ministre de l\u2019Enseignement sup\u00e9rieur, de la Recherche et de l\u2019Espace<\/p>\n\n\n\n<p class=\"wp-block-paragraph\">Marina Ferrari, ministre des Sports, de la Jeunesse et de la Vie associative<\/p>\n\n\n\n<p class=\"wp-block-paragraph\">Philippe Tabarot, ministre des Transports<\/p>\n\n\n\n<p class=\"wp-block-paragraph\">Vincent Jeanbrun, ministre de la Ville et du Logement<\/p>\n\n\n\n<p class=\"wp-block-paragraph\"><strong>Les ministres d\u00e9l\u00e9gu\u00e9s<\/strong>:<\/p>\n\n\n\n<p class=\"wp-block-paragraph\">Aupr\u00e8s du Premier ministre :<\/p>\n\n\n\n<p class=\"wp-block-paragraph\">Laurent Panifous, charg\u00e9 des Relations avec le Parlement<\/p>\n\n\n\n<p class=\"wp-block-paragraph\">Maud Br\u00e9geon, porte-parole du Gouvernement<\/p>\n\n\n\n<p class=\"wp-block-paragraph\">Aurore Berg\u00e9, charg\u00e9e de l\u2019\u00c9galit\u00e9 entre les femmes et les hommes et de la Lutte contre les discriminations<\/p>\n\n\n\n<p class=\"wp-block-paragraph\">Aupr\u00e8s du ministre de l\u2019Int\u00e9rieur :<\/p>\n\n\n\n<p class=\"wp-block-paragraph\">Marie-Pierre Vedrenne<\/p>\n\n\n\n<p class=\"wp-block-paragraph\">Aupr\u00e8s de la ministre des Arm\u00e9es et des Anciens combattants :<\/p>\n\n\n\n<p class=\"wp-block-paragraph\">Alice Rufo<\/p>\n\n\n\n<p class=\"wp-block-paragraph\">Aupr\u00e8s de la ministre de la Transition \u00e9cologique :<\/p>\n\n\n\n<p class=\"wp-block-paragraph\">Catherine Chabaud, charg\u00e9e de la Mer et de la P\u00eache<\/p>\n\n\n\n<p class=\"wp-block-paragraph\">Mathieu Lefevre, charg\u00e9 de la Transition \u00e9cologique<\/p>\n\n\n\n<p class=\"wp-block-paragraph\">Aupr\u00e8s du ministre de l\u2019\u00c9conomie :<\/p>\n\n\n\n<p class=\"wp-block-paragraph\">S\u00e9bastien Martin, charg\u00e9 de l\u2019Industrie<\/p>\n\n\n\n<p class=\"wp-block-paragraph\">Anne Le Henanff, charg\u00e9e de l\u2019Intelligence artificielle et du Num\u00e9rique<\/p>\n\n\n\n<p class=\"wp-block-paragraph\">Aupr\u00e8s du ministre de l\u2019Europe et des Affaires \u00e9trang\u00e8res :<\/p>\n\n\n\n<p class=\"wp-block-paragraph\">Benjamin Haddad, charg\u00e9 de l\u2019Europe<\/p>\n\n\n\n<p class=\"wp-block-paragraph\">Nicolas Forissier, charg\u00e9 du Commerce ext\u00e9rieur et de l\u2019Attractivit\u00e9<\/p>\n\n\n\n<p class=\"wp-block-paragraph\">\u00c9l\u00e9onore Caroit, charg\u00e9e de la Francophonie, des Partenariats internationaux et des Fran\u00e7ais de l\u2019\u00e9tranger<\/p>\n\n\n\n<p class=\"wp-block-paragraph\">Aupr\u00e8s de la ministre de la Sant\u00e9 :<\/p>\n\n\n\n<p class=\"wp-block-paragraph\">Charlotte Parmentier-Lecocq, charg\u00e9e de l\u2019Autonomie et des Personnes handicap\u00e9es<\/p>\n\n\n\n<p class=\"wp-block-paragraph\">Aupr\u00e8s de la ministre de l\u2019Am\u00e9nagement du territoire :<\/p>\n\n\n\n<p class=\"wp-block-paragraph\">Michel Fournier, charg\u00e9 de la Ruralit\u00e9<\/p>\n\n\n\n<p class=\"wp-block-paragraph\">Aupr\u00e8s de la ministre de l\u2019Action et des Comptes publics :<\/p>\n\n\n\n<p class=\"wp-block-paragraph\">David Amiel, charg\u00e9 de la Fonction publique et de la R\u00e9forme de l\u2019\u00c9tat<\/p>\n\n\n\n<p class=\"wp-block-paragraph\">Le premier conseil des ministres de cette nouvelle \u00e9quipe se tiendra mardi 14 octobre \u00e0 10 heures, sous la pr\u00e9sidence d\u2019Emmanuel Macron.<\/p>\n","protected":false},"excerpt":{"rendered":"<p>L&rsquo;\u00c9lys\u00e9e a rendu public, hier dimanche 12 octobre 2025, un communiqu\u00e9 qui officialise la composition du nouveau gouvernement sous la direction de S\u00e9bastien Lecornu, Premier ministre fran\u00e7ais responsable de la planification \u00e9cologique et \u00e9nerg\u00e9tique. Les ministres: Laurent Nu\u00f1ez, ministre de l\u2019Int\u00e9rieur Catherine Vautrin, ministre des Arm\u00e9es et des Anciens combattants Jean-Pierre Farandou, ministre du Travail [&hellip;]<\/p>\n","protected":false},"author":4,"featured_media":68321,"comment_status":"open","ping_status":"closed","sticky":false,"template":"","format":"standard","meta":{"content-type":"","jnews-multi-image_gallery":[],"jnews_single_post":{"format":"standard"},"jnews_primary_category":[],"jnews_override_bookmark_settings":[],"jnews_review":[],"enable_review":"","type":"","name":"","summary":"","brand":"","sku":"","good":[],"bad":[],"score_override":"","override_value":"","rating":[],"price":[],"jnews_post_split":[],"footnotes":""},"categories":[6],"tags":[245,1682,4662,16673],"class_list":["post-68320","post","type-post","status-publish","format-standard","has-post-thumbnail","hentry","category-world","tag-france","tag-gouvernement","tag-lelysee","tag-sebastien-lecornu"],"_links":{"self":[{"href":"https:\/\/www.africanchallenges.com\/index.php?rest_route=\/wp\/v2\/posts\/68320","targetHints":{"allow":["GET"]}}],"collection":[{"href":"https:\/\/www.africanchallenges.com\/index.php?rest_route=\/wp\/v2\/posts"}],"about":[{"href":"https:\/\/www.africanchallenges.com\/index.php?rest_route=\/wp\/v2\/types\/post"}],"author":[{"embeddable":true,"href":"https:\/\/www.africanchallenges.com\/index.php?rest_route=\/wp\/v2\/users\/4"}],"replies":[{"embeddable":true,"href":"https:\/\/www.africanchallenges.com\/index.php?rest_route=%2Fwp%2Fv2%2Fcomments&post=68320"}],"version-history":[{"count":1,"href":"https:\/\/www.africanchallenges.com\/index.php?rest_route=\/wp\/v2\/posts\/68320\/revisions"}],"predecessor-version":[{"id":68322,"href":"https:\/\/www.africanchallenges.com\/index.php?rest_route=\/wp\/v2\/posts\/68320\/revisions\/68322"}],"wp:featuredmedia":[{"embeddable":true,"href":"https:\/\/www.africanchallenges.com\/index.php?rest_route=\/wp\/v2\/media\/68321"}],"wp:attachment":[{"href":"https:\/\/www.africanchallenges.com\/index.php?rest_route=%2Fwp%2Fv2%2Fmedia&parent=68320"}],"wp:term":[{"taxonomy":"category","embeddable":true,"href":"https:\/\/www.africanchallenges.com\/index.php?rest_route=%2Fwp%2Fv2%2Fcategories&post=68320"},{"taxonomy":"post_tag","embeddable":true,"href":"https:\/\/www.africanchallenges.com\/index.php?rest_route=%2Fwp%2Fv2%2Ftags&post=68320"}],"curies":[{"name":"wp","href":"https:\/\/api.w.org\/{rel}","templated":true}]}}