{"id":68295,"date":"2025-10-09T19:12:41","date_gmt":"2025-10-09T18:12:41","guid":{"rendered":"https:\/\/www.africanchallenges.com\/?p=68295"},"modified":"2025-10-09T19:12:42","modified_gmt":"2025-10-09T18:12:42","slug":"tunisie-2%e1%b5%89-edition-du-forum-mediterraneen-de-lia-les-20-et-21-novembre","status":"publish","type":"post","link":"https:\/\/www.africanchallenges.com\/?p=68295","title":{"rendered":"Tunisie : 2\u1d49 \u00e9dition du Forum M\u00e9diterran\u00e9en de l\u2019IA , les 20 et 21 novembre"},"content":{"rendered":"\n<p class=\"wp-block-paragraph\">Sous l\u2019\u00e9gide du minist\u00e8re des Technologies de la Communication de la R\u00e9publique Tunisienne et du minist\u00e8re de l\u2019Europe et des Affaires \u00e9trang\u00e8res de la R\u00e9publique Fran\u00e7aise, et en pr\u00e9sence de plusieurs hautes personnalit\u00e9s,<\/p>\n\n\n\n<p class=\"wp-block-paragraph\">le deuxi\u00e8me forum m\u00e9diterran\u00e9en de l\u2019intelligence artificielle se tiendra les 20 et 21 novembre 2025 \u00e0 la Cit\u00e9 de la Culture, Tunis.<\/p>\n\n\n\n<p class=\"wp-block-paragraph\">Cet \u00e9v\u00e9nement est organis\u00e9 avec le soutien de la Caisse des D\u00e9p\u00f4ts et Consignations de Tunisie, la D\u00e9l\u00e9gation interminist\u00e9rielle fran\u00e7aise \u00e0 la M\u00e9diterran\u00e9e, l\u2019Institut fran\u00e7ais de Tunisie et la Fondation Anna Lindh.<\/p>\n\n\n\n<p class=\"wp-block-paragraph\">Apr\u00e8s une premi\u00e8re \u00e9dition r\u00e9ussie \u00e0 Marseille en 2024, organis\u00e9e par la D\u00e9l\u00e9gation interminist\u00e9rielle \u00e0 la M\u00e9diterran\u00e9e, suivie du Sommet pour l\u2019action sur l\u2019intelligence artificielle (IA) \u00e0 Paris en f\u00e9vrier 2025, et dans le prolongement de l\u2019adoption en ao\u00fbt 2025 de la r\u00e9solution des Nations Unies sur la gouvernance internationale de l\u2019IA, cette deuxi\u00e8me \u00e9dition du Forum m\u00e9diterran\u00e9en de l\u2019intelligence artificielle ambitionne de structurer l\u2019\u00e9cosyst\u00e8me IA en M\u00e9diterran\u00e9e et de cr\u00e9er une v\u00e9ritable communaut\u00e9 m\u00e9diterran\u00e9enne de l\u2019IA avec les startups et grandes entreprises de l\u2019IA, les incubateurs, les investisseurs et les banques de d\u00e9veloppement, les chercheurs, les organisations internationales et les d\u00e9cideurs publics.<\/p>\n\n\n\n<p class=\"wp-block-paragraph\">Question centrale : \u00ab Quelles solutions l\u2019IA peut-elle apporter aux grands d\u00e9fis m\u00e9diterran\u00e9ens ? \u00bb<\/p>\n\n\n\n<p class=\"wp-block-paragraph\">Th\u00e9matiques cl\u00e9s :<\/p>\n\n\n\n<p class=\"wp-block-paragraph\">Changement climatique (gestion des risques naturels, eau et stress hydrique, transition \u00e9nerg\u00e9tique)&nbsp;<\/p>\n\n\n\n<p class=\"wp-block-paragraph\">Agriculture et syst\u00e8mes alimentaires durables&nbsp;<\/p>\n\n\n\n<p class=\"wp-block-paragraph\">Sant\u00e9 globale<\/p>\n\n\n\n<p class=\"wp-block-paragraph\">Education&nbsp;<\/p>\n\n\n\n<p class=\"wp-block-paragraph\">D\u00e9fis culturels (diversit\u00e9 culturelle, multilinguisme et open data)<\/p>\n\n\n\n<p class=\"wp-block-paragraph\">Gouvernance internationale et \u00e9thique de l\u2019IA<\/p>\n\n\n\n<p class=\"wp-block-paragraph\">Financement de l\u2019IA en M\u00e9diterran\u00e9e.&nbsp;&nbsp;<\/p>\n\n\n\n<p class=\"wp-block-paragraph\">Au programme : keynotes, tables rondes d\u2019experts, ateliers participatifs, pr\u00e9sentations de startups, rencontres institutionnelles &amp; B2B.<\/p>\n","protected":false},"excerpt":{"rendered":"<p>Sous l\u2019\u00e9gide du minist\u00e8re des Technologies de la Communication de la R\u00e9publique Tunisienne et du minist\u00e8re de l\u2019Europe et des Affaires \u00e9trang\u00e8res de la R\u00e9publique Fran\u00e7aise, et en pr\u00e9sence de plusieurs hautes personnalit\u00e9s, le deuxi\u00e8me forum m\u00e9diterran\u00e9en de l\u2019intelligence artificielle se tiendra les 20 et 21 novembre 2025 \u00e0 la Cit\u00e9 de la Culture, Tunis. [&hellip;]<\/p>\n","protected":false},"author":4,"featured_media":68296,"comment_status":"open","ping_status":"closed","sticky":false,"template":"","format":"standard","meta":{"content-type":"","jnews-multi-image_gallery":[],"jnews_single_post":{"format":"standard"},"jnews_primary_category":[],"jnews_override_bookmark_settings":[],"jnews_review":[],"enable_review":"","type":"","name":"","summary":"","brand":"","sku":"","good":[],"bad":[],"score_override":"","override_value":"","rating":[],"price":[],"jnews_post_split":[],"footnotes":""},"categories":[12],"tags":[16662,12607,7851],"class_list":["post-68295","post","type-post","status-publish","format-standard","has-post-thumbnail","hentry","category-tech","tag-forum-mediterraneen-de-lia","tag-ministere-de-leurope-et-des-affaires-etrangeres","tag-ministere-des-technologies-de-la-communication"],"_links":{"self":[{"href":"https:\/\/www.africanchallenges.com\/index.php?rest_route=\/wp\/v2\/posts\/68295","targetHints":{"allow":["GET"]}}],"collection":[{"href":"https:\/\/www.africanchallenges.com\/index.php?rest_route=\/wp\/v2\/posts"}],"about":[{"href":"https:\/\/www.africanchallenges.com\/index.php?rest_route=\/wp\/v2\/types\/post"}],"author":[{"embeddable":true,"href":"https:\/\/www.africanchallenges.com\/index.php?rest_route=\/wp\/v2\/users\/4"}],"replies":[{"embeddable":true,"href":"https:\/\/www.africanchallenges.com\/index.php?rest_route=%2Fwp%2Fv2%2Fcomments&post=68295"}],"version-history":[{"count":1,"href":"https:\/\/www.africanchallenges.com\/index.php?rest_route=\/wp\/v2\/posts\/68295\/revisions"}],"predecessor-version":[{"id":68297,"href":"https:\/\/www.africanchallenges.com\/index.php?rest_route=\/wp\/v2\/posts\/68295\/revisions\/68297"}],"wp:featuredmedia":[{"embeddable":true,"href":"https:\/\/www.africanchallenges.com\/index.php?rest_route=\/wp\/v2\/media\/68296"}],"wp:attachment":[{"href":"https:\/\/www.africanchallenges.com\/index.php?rest_route=%2Fwp%2Fv2%2Fmedia&parent=68295"}],"wp:term":[{"taxonomy":"category","embeddable":true,"href":"https:\/\/www.africanchallenges.com\/index.php?rest_route=%2Fwp%2Fv2%2Fcategories&post=68295"},{"taxonomy":"post_tag","embeddable":true,"href":"https:\/\/www.africanchallenges.com\/index.php?rest_route=%2Fwp%2Fv2%2Ftags&post=68295"}],"curies":[{"name":"wp","href":"https:\/\/api.w.org\/{rel}","templated":true}]}}