{"id":68284,"date":"2025-10-08T14:29:36","date_gmt":"2025-10-08T13:29:36","guid":{"rendered":"https:\/\/www.africanchallenges.com\/?p=68284"},"modified":"2025-10-08T14:29:38","modified_gmt":"2025-10-08T13:29:38","slug":"la-tunisie-participe-aux-travaux-de-la-24%e1%b5%89-session-de-la-conference-des-chefs-detat-et-de-gouvernement-du-marche-commun-de-lafrique-orientale-et-australe-comesa-qui-se-ti","status":"publish","type":"post","link":"https:\/\/www.africanchallenges.com\/?p=68284","title":{"rendered":"La Tunisie participe  aux travaux de la 24\u1d49 Session de la Conf\u00e9rence des Chefs d\u2019\u00c9tat et de Gouvernement du March\u00e9 Commun de l\u2019Afrique Orientale et Australe (COMESA), qui se tiendra le 9 octobre  dans la capitale K\u00e9nyane, Nairobi"},"content":{"rendered":"\n<p class=\"wp-block-paragraph\">Sur instructions de Son Excellence Monsieur le Pr\u00e9sident de la R\u00e9publique, Ka\u00efs Sa\u00efed, le Ministre des Affaires Etrang\u00e8res, de la Migration et des Tunisiens \u00e0 l\u2019Etranger, M. Mohamed Ali Nafti, conduit la D\u00e9l\u00e9gation Tunisienne qui participe aux travaux de la 24\u1d49 Session de la Conf\u00e9rence des Chefs d\u2019\u00c9tat et de Gouvernement du March\u00e9 Commun de l\u2019Afrique Orientale et Australe (COMESA), qui se tiendra le 9 octobre 2025 dans la capitale K\u00e9nyane, Nairobi.<\/p>\n\n\n\n<p class=\"wp-block-paragraph\">Cette Conf\u00e9rence sera pr\u00e9c\u00e9d\u00e9e par la 20\u1d49 R\u00e9union des Ministres des Affaires Etrang\u00e8res du COMESA, pr\u00e9vue le 8 octobre 2025. Le Salon et le Forum des Affaires du COMESA seront \u00e9galement organis\u00e9s.<\/p>\n\n\n\n<p class=\"wp-block-paragraph\">Le Sommet se d\u00e9roulera sous le th\u00e8me : \u00ab L\u2019Exploitation Optimale de la Num\u00e9risation pour Parvenir \u00e0 un D\u00e9veloppement R\u00e9gional Inclusif \u00bb. Les travaux porteront sur l\u2019examen des r\u00e9alisations accomplies dans la mise en \u0153uvre de l\u2019Accord instituant le March\u00e9 Commun, le suivi des principaux programmes visant \u00e0 acc\u00e9l\u00e9rer le rythme de l\u2019int\u00e9gration \u00e9conomique et r\u00e9gionale, ainsi que sur l\u2019adoption de m\u00e9canismes de num\u00e9risation en tant que levier pour renforcer une dynamique de d\u00e9veloppement et de croissance \u00e9conomique efficace, contribuant \u00e0 asseoir les fondements de la paix, de la s\u00e9curit\u00e9 et de la stabilit\u00e9 pour les peuples de la r\u00e9gion et du continent africain.<\/p>\n\n\n\n<p class=\"wp-block-paragraph\">Il convient de rappeler que la Tunisie a sign\u00e9, en juillet 2018, l\u2019Accord d\u2019adh\u00e9sion \u00e0 ce groupement \u00e9conomique r\u00e9gional, qui regroupe 21 pays Africains et constitue le plus grand ensemble \u00e9conomique du continent en mati\u00e8re de commerce et d\u2019investissement. Cette adh\u00e9sion s\u2019inscrit dans le cadre de l\u2019engagement de la Tunisie dans le processus d\u2019int\u00e9gration \u00e9conomique et r\u00e9gionale, et vise \u00e0 \u00e9largir le partenariat avec les pays de l\u2019Afrique de l\u2019Est et de l\u2019Afrique Australe, en vue de la mise en \u0153uvre effective de la Zone de Libre-Echange Continentale Africaine et de la r\u00e9alisation d\u2019un nouveau mod\u00e8le de d\u00e9veloppement et de croissance \u00e9conomique.<\/p>\n","protected":false},"excerpt":{"rendered":"<p>Sur instructions de Son Excellence Monsieur le Pr\u00e9sident de la R\u00e9publique, Ka\u00efs Sa\u00efed, le Ministre des Affaires Etrang\u00e8res, de la Migration et des Tunisiens \u00e0 l\u2019Etranger, M. Mohamed Ali Nafti, conduit la D\u00e9l\u00e9gation Tunisienne qui participe aux travaux de la 24\u1d49 Session de la Conf\u00e9rence des Chefs d\u2019\u00c9tat et de Gouvernement du March\u00e9 Commun de [&hellip;]<\/p>\n","protected":false},"author":3,"featured_media":20675,"comment_status":"open","ping_status":"closed","sticky":false,"template":"","format":"standard","meta":{"content-type":"","jnews-multi-image_gallery":[],"jnews_single_post":{"format":"standard"},"jnews_primary_category":[],"jnews_override_bookmark_settings":[],"jnews_review":[],"enable_review":"","type":"","name":"","summary":"","brand":"","sku":"","good":[],"bad":[],"score_override":"","override_value":"","rating":[],"price":[],"jnews_post_split":[],"footnotes":""},"categories":[2],"tags":[16657,3694,12907,54],"class_list":["post-68284","post","type-post","status-publish","format-standard","has-post-thumbnail","hentry","category-news-politique","tag-conference-des-chefs-detat-et-de-gouvernement-du-marche-commun-de-lafrique-orientale-et-australe-comesa","tag-kais-saied","tag-mohamed-ali-nafti","tag-tunisie"],"_links":{"self":[{"href":"https:\/\/www.africanchallenges.com\/index.php?rest_route=\/wp\/v2\/posts\/68284","targetHints":{"allow":["GET"]}}],"collection":[{"href":"https:\/\/www.africanchallenges.com\/index.php?rest_route=\/wp\/v2\/posts"}],"about":[{"href":"https:\/\/www.africanchallenges.com\/index.php?rest_route=\/wp\/v2\/types\/post"}],"author":[{"embeddable":true,"href":"https:\/\/www.africanchallenges.com\/index.php?rest_route=\/wp\/v2\/users\/3"}],"replies":[{"embeddable":true,"href":"https:\/\/www.africanchallenges.com\/index.php?rest_route=%2Fwp%2Fv2%2Fcomments&post=68284"}],"version-history":[{"count":1,"href":"https:\/\/www.africanchallenges.com\/index.php?rest_route=\/wp\/v2\/posts\/68284\/revisions"}],"predecessor-version":[{"id":68285,"href":"https:\/\/www.africanchallenges.com\/index.php?rest_route=\/wp\/v2\/posts\/68284\/revisions\/68285"}],"wp:featuredmedia":[{"embeddable":true,"href":"https:\/\/www.africanchallenges.com\/index.php?rest_route=\/wp\/v2\/media\/20675"}],"wp:attachment":[{"href":"https:\/\/www.africanchallenges.com\/index.php?rest_route=%2Fwp%2Fv2%2Fmedia&parent=68284"}],"wp:term":[{"taxonomy":"category","embeddable":true,"href":"https:\/\/www.africanchallenges.com\/index.php?rest_route=%2Fwp%2Fv2%2Fcategories&post=68284"},{"taxonomy":"post_tag","embeddable":true,"href":"https:\/\/www.africanchallenges.com\/index.php?rest_route=%2Fwp%2Fv2%2Ftags&post=68284"}],"curies":[{"name":"wp","href":"https:\/\/api.w.org\/{rel}","templated":true}]}}