{"id":68151,"date":"2025-09-25T13:32:59","date_gmt":"2025-09-25T12:32:59","guid":{"rendered":"https:\/\/www.africanchallenges.com\/?p=68151"},"modified":"2025-09-25T13:33:08","modified_gmt":"2025-09-25T12:33:08","slug":"tunisie-le-chef-de-letat-les-difficultes-heritees-de-decennies-daccaparement-des-ressources-du-peuple-tunisien-imposent-un-devoir-national-de-les-surmonter","status":"publish","type":"post","link":"https:\/\/www.africanchallenges.com\/?p=68151","title":{"rendered":"Tunisie-Le chef de l&rsquo;Etat : Les difficult\u00e9s h\u00e9rit\u00e9es de d\u00e9cennies d\u2019accaparement des ressources du peuple tunisien imposent un devoir national de les surmonter"},"content":{"rendered":"\n<p class=\"wp-block-paragraph\">Le pr\u00e9sident de la R\u00e9publique, Ka\u00efs Sa\u00efed, a tenu une r\u00e9union hier apr\u00e8s-midi, mercredi 24 septembre 2025, au palais de Carthage, avec la cheffe du gouvernement, Sarra Za\u00e2frani Zenzri, et la ministre des Finances, Mechkat Slama Khaldi.<\/p>\n\n\n\n<p class=\"wp-block-paragraph\">Selon un communiqu\u00e9 \u00e9mis par la pr\u00e9sidence, cette rencontre a principalement port\u00e9 sur le projet de loi de finances pour 2026. \u00c0 cet \u00e9gard, le chef de l&rsquo;\u00c9tat a r\u00e9affirm\u00e9 l&rsquo;importance pour ce projet de refl\u00e9ter le r\u00f4le social de l&rsquo;\u00c9tat et de s&rsquo;appuyer, tant dans ses grandes orientations que dans ses d\u00e9tails, sur la r\u00e9alisation de la justice sociale recherch\u00e9e, qui ne peut \u00eatre atteinte qu&rsquo;\u00e0 travers de nouvelles conceptions, une pens\u00e9e renouvel\u00e9e et des approches in\u00e9dites.<\/p>\n\n\n\n<p class=\"wp-block-paragraph\">Le pr\u00e9sident de la R\u00e9publique a insist\u00e9 sur le fait que parmi les priorit\u00e9s essentielles se trouvent la satisfaction des attentes de ceux qui ont souffert du ch\u00f4mage, de l&rsquo;exclusion et de la marginalisation, ainsi que la r\u00e9duction des cr\u00e9dits allou\u00e9s \u00e0 certaines institutions jug\u00e9es superflues.<\/p>\n\n\n\n<p class=\"wp-block-paragraph\">Il a \u00e9galement mentionn\u00e9 le r\u00f4le de la Commission tunisienne des analyses financi\u00e8res (Ctaf), qu&rsquo;il a jug\u00e9 insuffisant, ainsi que les probl\u00e9matiques d&rsquo;\u00e9vasion fiscale et de r\u00e9seaux de corruption, affirmant que la Tunisie progresse r\u00e9solument et que l&rsquo;histoire a d\u00e9montr\u00e9 la justesse de ses choix en misant sur ses propres capacit\u00e9s, qui ne sont pas aussi limit\u00e9es qu&rsquo;on le pr\u00e9tend.<\/p>\n\n\n\n<p class=\"wp-block-paragraph\">En ce qui concerne ceux qui propagent un discours de crise et en fabriquent, sous l&rsquo;influence d&rsquo;\u00e9l\u00e9ments ext\u00e9rieurs, le pr\u00e9sident a d\u00e9clar\u00e9 qu&rsquo;ils ne suscitent que m\u00e9pris et rejet. Tant\u00f4t silencieux, tant\u00f4t mobilis\u00e9s simultan\u00e9ment sur ordre, ils tentent de pousser le peuple tunisien dans des impasses, mais les citoyens patriotes et libres ont fait preuve de conscience, d\u00e9jouant leurs man\u0153uvres et r\u00e9v\u00e9lant leur d\u00e9pendance.<\/p>\n\n\n\n<p class=\"wp-block-paragraph\">Ka\u00efs Sa\u00efed a affirm\u00e9 que les d\u00e9fis r\u00e9sultant de d\u00e9cennies d&rsquo;accaparement des ressources du peuple tunisien imposent un devoir national de les surmonter.<\/p>\n\n\n\n<p class=\"wp-block-paragraph\">Gr\u00e2ce \u00e0 une d\u00e9termination in\u00e9branlable et \u00e0 des efforts pour ouvrir des perspectives \u00e0 la jeunesse, la justice sera renforc\u00e9e, la croissance r\u00e9elle se concr\u00e9tisera et les portes s&rsquo;ouvriront aux hommes et aux femmes libres de Tunisie, qui sauront surmonter toutes les \u00e9preuves.<\/p>\n\n\n\n<p class=\"wp-block-paragraph\"><\/p>\n","protected":false},"excerpt":{"rendered":"<p>Le pr\u00e9sident de la R\u00e9publique, Ka\u00efs Sa\u00efed, a tenu une r\u00e9union hier apr\u00e8s-midi, mercredi 24 septembre 2025, au palais de Carthage, avec la cheffe du gouvernement, Sarra Za\u00e2frani Zenzri, et la ministre des Finances, Mechkat Slama Khaldi. Selon un communiqu\u00e9 \u00e9mis par la pr\u00e9sidence, cette rencontre a principalement port\u00e9 sur le projet de loi de [&hellip;]<\/p>\n","protected":false},"author":4,"featured_media":68152,"comment_status":"open","ping_status":"closed","sticky":false,"template":"","format":"standard","meta":{"content-type":"","jnews-multi-image_gallery":[],"jnews_single_post":{"format":"standard"},"jnews_primary_category":[],"jnews_override_bookmark_settings":[],"jnews_review":[],"enable_review":"","type":"","name":"","summary":"","brand":"","sku":"","good":[],"bad":[],"score_override":"","override_value":"","rating":[],"price":[],"jnews_post_split":[],"footnotes":""},"categories":[2],"tags":[13074,3712,16603,16602,15246],"class_list":["post-68151","post","type-post","status-publish","format-standard","has-post-thumbnail","hentry","category-news-politique","tag-commission-tunisienne-des-analyses-financieres","tag-kais-saied-2","tag-loi-de-finances-pour-2026","tag-mechkat-slama-khaldi-2","tag-sarra-zaafrani-zenzri"],"_links":{"self":[{"href":"https:\/\/www.africanchallenges.com\/index.php?rest_route=\/wp\/v2\/posts\/68151","targetHints":{"allow":["GET"]}}],"collection":[{"href":"https:\/\/www.africanchallenges.com\/index.php?rest_route=\/wp\/v2\/posts"}],"about":[{"href":"https:\/\/www.africanchallenges.com\/index.php?rest_route=\/wp\/v2\/types\/post"}],"author":[{"embeddable":true,"href":"https:\/\/www.africanchallenges.com\/index.php?rest_route=\/wp\/v2\/users\/4"}],"replies":[{"embeddable":true,"href":"https:\/\/www.africanchallenges.com\/index.php?rest_route=%2Fwp%2Fv2%2Fcomments&post=68151"}],"version-history":[{"count":2,"href":"https:\/\/www.africanchallenges.com\/index.php?rest_route=\/wp\/v2\/posts\/68151\/revisions"}],"predecessor-version":[{"id":68154,"href":"https:\/\/www.africanchallenges.com\/index.php?rest_route=\/wp\/v2\/posts\/68151\/revisions\/68154"}],"wp:featuredmedia":[{"embeddable":true,"href":"https:\/\/www.africanchallenges.com\/index.php?rest_route=\/wp\/v2\/media\/68152"}],"wp:attachment":[{"href":"https:\/\/www.africanchallenges.com\/index.php?rest_route=%2Fwp%2Fv2%2Fmedia&parent=68151"}],"wp:term":[{"taxonomy":"category","embeddable":true,"href":"https:\/\/www.africanchallenges.com\/index.php?rest_route=%2Fwp%2Fv2%2Fcategories&post=68151"},{"taxonomy":"post_tag","embeddable":true,"href":"https:\/\/www.africanchallenges.com\/index.php?rest_route=%2Fwp%2Fv2%2Ftags&post=68151"}],"curies":[{"name":"wp","href":"https:\/\/api.w.org\/{rel}","templated":true}]}}