{"id":68063,"date":"2025-09-19T22:32:42","date_gmt":"2025-09-19T21:32:42","guid":{"rendered":"https:\/\/www.africanchallenges.com\/?p=68063"},"modified":"2025-09-21T00:22:32","modified_gmt":"2025-09-20T23:22:32","slug":"tunisie-celebrons-ensemble-la-journee-europeenne-des-langues-sous-le-theme-les-langues-ouvrent-nos-coeurs-et-nos-esprits","status":"publish","type":"post","link":"https:\/\/www.africanchallenges.com\/?p=68063","title":{"rendered":"Tunisie : C\u00e9l\u00e9brons ensemble la Journ\u00e9e europ\u00e9enne des langues\u00a0sous le th\u00e8me \u00ab Les langues ouvrent nos c\u0153urs et nos esprits! \u00bb"},"content":{"rendered":"\n<p class=\"wp-block-paragraph\">EUNIC Tunisie &nbsp;pr\u00e9sid\u00e9 par la D\u00e9l\u00e9gation g\u00e9n\u00e9rale Wallonie-Bruxelles en Tunisie, &nbsp;le Conseil de l&rsquo;Europe Tunisie et l&rsquo;Union europ\u00e9enne en Tunisie f\u00eateront les Journ\u00e9es europ\u00e9ennes des langues, &nbsp;le 26 septembre 2025 \u00e0 la cit\u00e9 des sciences de Tunis&nbsp; et le 27 \u00e0 Sousse et Sfax.<\/p>\n\n\n\n<p class=\"wp-block-paragraph\">Convaincu que la diversit\u00e9 linguistique est une voie vers une meilleure communication interculturelle et l&rsquo;un des \u00e9l\u00e9ments cl\u00e9 du riche patrimoine culturel du continent, le Conseil de l&rsquo;Europe a choisi le th\u00e8me \u00ab Les langues ouvrent nos c\u0153urs et nos esprits! \u00bb pour cette \u00e9dition , en soutenant le plurilinguisme \u00e0 travers le monde.<\/p>\n\n\n\n<p class=\"wp-block-paragraph\">A cette occasion , la d\u00e9l\u00e9gation g\u00e9n\u00e9rale de Wallonie Bruxelles a organis\u00e9 un petit d\u00e9jeuner ce vendredi 19 septembre 2025, en pr\u00e9sence de la d\u00e9l\u00e9gu\u00e9e g\u00e9nerale Mme Rajae Essefiani, Mme Valentina Boz du conseil de l&rsquo;Europe, Mme Johana Lanitis , cheffe de mission adjointe \u00e0 l\u2019ambassade de Suisse, Mme C\u00e9lestine Bianchetti, attach\u00e9 de coop\u00e9ration pour le fran\u00e7ais \u00e0 l\u2019institut fran\u00e7ais de Tunis\u00a0 et des journalistes tunisiens francophones.<\/p>\n\n\n\n<p class=\"wp-block-paragraph\">Mme Rajae Essefiani, D\u00e9l\u00e9gu\u00e9e g\u00e9n\u00e9rale de Wallonie-Bruxelles et Pr\u00e9sidente du R\u00e9seau EUNIC, a mis en avant l&rsquo;importance des Journ\u00e9es Europ\u00e9ennes des Langues (JEL) et a \u00e9clair\u00e9 le r\u00f4le central du r\u00e9seau Eunic en Tunisie, tout en rappelant qu&rsquo;il s&rsquo;agit d&rsquo;une association d&rsquo;instituts culturels europ\u00e9ens et de d\u00e9partements culturels d&rsquo;ambassades.<\/p>\n\n\n\n<p class=\"wp-block-paragraph\">Il est \u00e0 noter que cet \u00e9v\u00e9nement, c\u00e9l\u00e9br\u00e9 chaque ann\u00e9e dans le monde entier le 26 septembre depuis 2001, a pour but de promouvoir l&rsquo;apprentissage des langues et la pr\u00e9servation du patrimoine. Les intervenantes des diff\u00e9rents instituts et ambassades ( Belgique, Suisse, France, Autriche &#8230;ont soulign\u00e9 que ces journ\u00e9es constituent une c\u00e9l\u00e9bration du plurilinguisme et de la diversit\u00e9, qui sont essentielles pour le d\u00e9veloppement cognitif et l&rsquo;ouverture culturelle.<\/p>\n\n\n\n<p class=\"wp-block-paragraph\">Le programme de la premi\u00e8re journ\u00e9e, centr\u00e9 sur le pouvoir des langues, aborde des th\u00e8mes vari\u00e9s tels que les enjeux individuels et collectifs du multilinguisme, sa valeur \u00e9conomique, son impact social, ainsi que les questions d&rsquo;inclusion, notamment avec la participation d&rsquo;associations tunisiennes comme Ibsar pour les non-voyants. En d&rsquo;autres termes, l&rsquo;objectif est de promouvoir un programme d&rsquo;\u00e9changes et d&rsquo;activit\u00e9s linguistiques.<\/p>\n\n\n\n<p class=\"wp-block-paragraph\">Une question essentielle a \u00e9t\u00e9 soulev\u00e9e lors de la r\u00e9union concernant le choix des villes telles que Tunis, Sousse et Sfax pour accueillir des \u00e9v\u00e9nements, soulignant la n\u00e9cessit\u00e9 d&rsquo;\u00e9tendre ces activit\u00e9s aux autres r\u00e9gions int\u00e9rieures de la r\u00e9publique. La r\u00e9ponse a mis l&rsquo;accent sur l&rsquo;importance de l&rsquo;inclusivit\u00e9, notamment en int\u00e9grant la langue des signes, ainsi que sur l&rsquo;\u00e9largissement des th\u00e9matiques pour inclure les dimensions \u00e9conomiques et sociales, afin d&rsquo;atteindre un public aussi large que possible.<\/p>\n\n\n\n<p class=\"wp-block-paragraph\">Parmi les autres questions soulev\u00e9es, on a \u00e9galement discut\u00e9 du d\u00e9clin du fran\u00e7ais et de l&rsquo;essor du dialecte tunisien dans la litt\u00e9rature et la vie quotidienne, en contraste avec l&rsquo;arabe classique.<\/p>\n\n\n\n<p class=\"wp-block-paragraph\"><strong>Le programme d\u00e9taill\u00e9 des journ\u00e9es Europ\u00e9ennes des langues&nbsp;:<\/strong><\/p>\n\n\n\n<ul class=\"wp-block-list\">\n<li><strong>Vendredi 26 septembre 2025 \u2013 Tunis<\/strong><\/li>\n<\/ul>\n\n\n\n<p class=\"wp-block-paragraph\"><strong>Cit\u00e9 des Sciences de Tunis<br><\/strong><br>S\u00e9minaire :Le pouvoir des langues, de 08h30 \u00e0 12h30<br>Inscription et informations : r.chaabeni@delwalbru.be<br><br>Alliance fran\u00e7aise de Tunis, 29 Rue Ali Ibn Abi Taleb, Ariana 2091<br><br>\u00c0 16h00 : Pr\u00e9sentation du documentaire sonore de cr\u00e9ation Sous la langue par Aur\u00e9lien Caillaux et Lucie Combes<\/p>\n\n\n\n<ul class=\"wp-block-list\">\n<li><strong>Samedi 27 septembre 2025 \u2013 Sousse<\/strong><\/li>\n<\/ul>\n\n\n\n<p class=\"wp-block-paragraph\"><strong>&nbsp;Institut fran\u00e7ais de Sousse, 15 rue Hamed El Ghazali &#8211; Boushina<\/strong><\/p>\n\n\n\n<p class=\"wp-block-paragraph\">\u00c0 partir de 10h : Fresque murale interactive dans le hall d\u2019accueil<br>10h30 \u2013 12h : Pr\u00e9sentation de la collection Tunisie Plurielle (\u00c9d. Santillana), en pr\u00e9sence de Habib Kazdaghli et du traducteur grec M. Spiro Ampleas<br>13h : Projection du film d\u2019animation La Travers\u00e9e de Florence Miailhe (2021, 84 min) \u2013 \u00e0 partir de 12 ans<br>13h \u2013 15h : Activit\u00e9s ludiques \u00e0 la m\u00e9diath\u00e8que : \u00c0 la d\u00e9couverte de l\u2019Europe, Carte de France, etc.<br>15h : Caf\u00e9 des langues au VOX Caf\u00e9 : \u00e9changes en allemand, espagnol, n\u00e9erlandais, italien<br>16h : Pr\u00e9sentation du livre Cinq nuits \u00e0 Varsovie de Hatem Bourial (\u00c9d. Nef, 2025)<br>17h30 : Karaok\u00e9 europ\u00e9en au VOX Caf\u00e9<\/p>\n\n\n\n<ul class=\"wp-block-list\">\n<li><strong>Samedi 27 septembre 2025 \u2013 Sfax<\/strong><\/li>\n<\/ul>\n\n\n\n<p class=\"wp-block-paragraph\"><strong>Institut fran\u00e7ais de Sfax, 9 Avenue Habib Bourguiba<\/strong><\/p>\n\n\n\n<p class=\"wp-block-paragraph\">14h \u2013 15h : Table ronde sur l\u2019enseignement du fran\u00e7ais et de l\u2019allemand \u00e0 la Maison de France, en pr\u00e9sence du Goethe-Institut Tunisie<br>15h \u2013 16h : Pr\u00e9sentation de la collection Tunisie Plurielle (\u00c9d. Santillana), avec M. Spiro Ampleas<br>16h30 : Interm\u00e8de musical par les apprenants du Centre de langue et les \u00e9tablissements scolaires partenaires<\/p>\n\n\n\n<figure class=\"wp-block-embed is-type-video is-provider-youtube wp-block-embed-youtube wp-embed-aspect-16-9 wp-has-aspect-ratio\"><div class=\"wp-block-embed__wrapper\">\n<div class=\"jeg_video_container jeg_video_content\"><iframe title=\"Discours de  Rajae Essefiani, D\u00e9l\u00e9gu\u00e9e g\u00e9n\u00e9rale de Wallonie-Bruxelles et Pr\u00e9sidente du R\u00e9seau EUNIC\" width=\"500\" height=\"281\" src=\"https:\/\/www.youtube.com\/embed\/IdLfCES93Yw?feature=oembed\" frameborder=\"0\" allow=\"accelerometer; autoplay; clipboard-write; encrypted-media; gyroscope; picture-in-picture; web-share\" referrerpolicy=\"strict-origin-when-cross-origin\" allowfullscreen><\/iframe><\/div>\n<\/div><\/figure>\n","protected":false},"excerpt":{"rendered":"<p>EUNIC Tunisie &nbsp;pr\u00e9sid\u00e9 par la D\u00e9l\u00e9gation g\u00e9n\u00e9rale Wallonie-Bruxelles en Tunisie, &nbsp;le Conseil de l&rsquo;Europe Tunisie et l&rsquo;Union europ\u00e9enne en Tunisie f\u00eateront les Journ\u00e9es europ\u00e9ennes des langues, &nbsp;le 26 septembre 2025 \u00e0 la cit\u00e9 des sciences de Tunis&nbsp; et le 27 \u00e0 Sousse et Sfax. Convaincu que la diversit\u00e9 linguistique est une voie vers une meilleure [&hellip;]<\/p>\n","protected":false},"author":3,"featured_media":68064,"comment_status":"open","ping_status":"closed","sticky":false,"template":"","format":"standard","meta":{"content-type":"","jnews-multi-image_gallery":[],"jnews_single_post":{"format":"standard"},"jnews_primary_category":[],"jnews_override_bookmark_settings":[],"jnews_review":[],"enable_review":"","type":"","name":"","summary":"","brand":"","sku":"","good":[],"bad":[],"score_override":"","override_value":"","rating":[],"price":[],"jnews_post_split":[],"footnotes":""},"categories":[17],"tags":[16577,9199,1193,5121,16576],"class_list":["post-68063","post","type-post","status-publish","format-standard","has-post-thumbnail","hentry","category-entertainment","tag-conseil-de-leurope-tunisie","tag-delegation-generale-wallonie-bruxelles","tag-eunic-tunisie","tag-l-union-europeenne","tag-ournee-europeenne-des-langues"],"_links":{"self":[{"href":"https:\/\/www.africanchallenges.com\/index.php?rest_route=\/wp\/v2\/posts\/68063","targetHints":{"allow":["GET"]}}],"collection":[{"href":"https:\/\/www.africanchallenges.com\/index.php?rest_route=\/wp\/v2\/posts"}],"about":[{"href":"https:\/\/www.africanchallenges.com\/index.php?rest_route=\/wp\/v2\/types\/post"}],"author":[{"embeddable":true,"href":"https:\/\/www.africanchallenges.com\/index.php?rest_route=\/wp\/v2\/users\/3"}],"replies":[{"embeddable":true,"href":"https:\/\/www.africanchallenges.com\/index.php?rest_route=%2Fwp%2Fv2%2Fcomments&post=68063"}],"version-history":[{"count":8,"href":"https:\/\/www.africanchallenges.com\/index.php?rest_route=\/wp\/v2\/posts\/68063\/revisions"}],"predecessor-version":[{"id":68087,"href":"https:\/\/www.africanchallenges.com\/index.php?rest_route=\/wp\/v2\/posts\/68063\/revisions\/68087"}],"wp:featuredmedia":[{"embeddable":true,"href":"https:\/\/www.africanchallenges.com\/index.php?rest_route=\/wp\/v2\/media\/68064"}],"wp:attachment":[{"href":"https:\/\/www.africanchallenges.com\/index.php?rest_route=%2Fwp%2Fv2%2Fmedia&parent=68063"}],"wp:term":[{"taxonomy":"category","embeddable":true,"href":"https:\/\/www.africanchallenges.com\/index.php?rest_route=%2Fwp%2Fv2%2Fcategories&post=68063"},{"taxonomy":"post_tag","embeddable":true,"href":"https:\/\/www.africanchallenges.com\/index.php?rest_route=%2Fwp%2Fv2%2Ftags&post=68063"}],"curies":[{"name":"wp","href":"https:\/\/api.w.org\/{rel}","templated":true}]}}